{"id":14782,"date":"2013-12-07T11:55:04","date_gmt":"2013-12-07T13:55:04","guid":{"rendered":"http:\/\/aconteceunovale.com.br\/portal\/?p=14782"},"modified":"2013-12-07T11:55:04","modified_gmt":"2013-12-07T13:55:04","slug":"estao-abertas-as-inscricoes-para-o-iii-encontro-de-comunicadores-do-vale-do-jequitinhonha","status":"publish","type":"post","link":"https:\/\/aconteceunovale.com.br\/portal\/?p=14782","title":{"rendered":"Est\u00e3o abertas as inscri\u00e7\u00f5es para o III Encontro de Comunicadores do Vale do Jequitinhonha"},"content":{"rendered":"<p><em><strong>O evento ter\u00e1 como tem\u00e1tica central \u201cComo trazer o comunit\u00e1rio para a comunica\u00e7\u00e3o? O que h\u00e1 de comunit\u00e1rio na comunica\u00e7\u00e3o comunit\u00e1ria?\u201d.<\/strong><\/em><\/p>\n<p>De 23 a 25 de janeiro de 2014 o Programa Polo de Integra\u00e7\u00e3o da UFMG no Vale do Jequitinhonha realizar\u00e1 no munic\u00edpio de Jequitinhonha, o III ECVJ, promovido em parceria com as ONGs Associa\u00e7\u00e3o Imagem Comunit\u00e1ria e a Oficina de Imagens, com apoio da Prefeitura Municipal de Jequitinhonha, al\u00e9m de lideran\u00e7as locais e regionais.<\/p>\n<p>O evento ter\u00e1 como tem\u00e1tica central \u201cComo trazer o comunit\u00e1rio para a comunica\u00e7\u00e3o? O que h\u00e1 de comunit\u00e1rio na comunica\u00e7\u00e3o comunit\u00e1ria?\u201d.<\/p>\n<p>Al\u00e9m de pain\u00e9is, ser\u00e3o realizadas atividades culturais e oficinas nas \u00e1reas de web, r\u00e1dio, m\u00eddias sociais e projetos culturais, entre outras.<\/p>\n<p>As atividades do III ECVJ ser\u00e3o realizadas no Rotary, no Centro Vocacional Tecnol\u00f3gico &#8211; CVT, na Casa de Cultura e na R\u00e1dio Santa Cruz.<\/p>\n<p>O evento conta, ainda, com o apoio do com\u00e9rcio local, de blogs e sites, r\u00e1dios e jornais da regi\u00e3o.<\/p>\n<p>Para realizar as inscri\u00e7\u00f5es, basta <a href=\"https:\/\/docs.google.com\/forms\/d\/1ZeZBTb9Qrjwcpe55-mJEoAmfbtH31CJgZwIyNaMmFGE\/viewform\" target=\"_blank\">CLICAR AQUI<\/a>:<\/p>\n<p>Mais informa\u00e7\u00f5es pelo telefone (31) 3409.40.67 ou pelo site <a href=\"http:\/\/www2.ufmg.br\/polojequitinhonha\" target=\"_blank\">www2.ufmg.br\/polojequitinhonha<\/a><\/p>\n<p><img loading=\"lazy\" decoding=\"async\" alt=\"\" src=\"http:\/\/aconteceunovale.com.br\/portal\/wp-content\/uploads\/2013\/12\/encontro_comunicadores_do_vale.jpg\" width=\"640\" height=\"355\" border=\"0\" \/><\/p>\n","protected":false},"excerpt":{"rendered":"<p>O evento ter\u00e1 como tem\u00e1tica central \u201cComo trazer o comunit\u00e1rio para a comunica\u00e7\u00e3o? O que h\u00e1 de comunit\u00e1rio na comunica\u00e7\u00e3o comunit\u00e1ria?\u201d. De 23 a 25 de janeiro de 2014 o Programa Polo de Integra\u00e7\u00e3o da UFMG no Vale do Jequitinhonha realizar\u00e1 no munic\u00edpio de Jequitinhonha, o III ECVJ, promovido em parceria com as ONGs Associa\u00e7\u00e3o [&hellip;]<\/p>\n","protected":false},"author":1,"featured_media":14783,"comment_status":"open","ping_status":"closed","sticky":false,"template":"","format":"standard","meta":{"amp_status":"","footnotes":""},"categories":[125],"tags":[1241,874,133,206030],"class_list":["post-14782","post","type-post","status-publish","format-standard","has-post-thumbnail","hentry","category-noticias","tag-encontro-comunicadores-do-vale-do-jequitinhonha","tag-ufmg","tag-vale-do-jequitinhonha","tag-jequi"],"yoast_head":"<!-- This site is optimized with the Yoast SEO plugin v28.3 - https:\/\/yoast.com\/product\/yoast-seo-wordpress\/ -->\n<title>Est\u00e3o abertas as inscri\u00e7\u00f5es para o III Encontro de Comunicadores do Vale do Jequitinhonha - Aconteceu no Vale<\/title>\n<meta name=\"robots\" content=\"index, follow, max-snippet:-1, max-image-preview:large, max-video-preview:-1\" \/>\n<link rel=\"canonical\" href=\"https:\/\/aconteceunovale.com.br\/portal\/?p=14782\" \/>\n<meta property=\"og:locale\" content=\"pt_BR\" \/>\n<meta property=\"og:type\" content=\"article\" \/>\n<meta property=\"og:title\" content=\"Est\u00e3o abertas as inscri\u00e7\u00f5es para o III Encontro de Comunicadores do Vale do Jequitinhonha - Aconteceu no Vale\" \/>\n<meta property=\"og:description\" content=\"O evento ter\u00e1 como tem\u00e1tica central \u201cComo trazer o comunit\u00e1rio para a comunica\u00e7\u00e3o? O que h\u00e1 de comunit\u00e1rio na comunica\u00e7\u00e3o comunit\u00e1ria?\u201d. De 23 a 25 de janeiro de 2014 o Programa Polo de Integra\u00e7\u00e3o da UFMG no Vale do Jequitinhonha realizar\u00e1 no munic\u00edpio de Jequitinhonha, o III ECVJ, promovido em parceria com as ONGs Associa\u00e7\u00e3o [&hellip;]\" \/>\n<meta property=\"og:url\" content=\"https:\/\/aconteceunovale.com.br\/portal\/?p=14782\" \/>\n<meta property=\"og:site_name\" content=\"Aconteceu no Vale\" \/>\n<meta property=\"article:publisher\" content=\"https:\/\/www.facebook.com\/aconteceunovale\/\" \/>\n<meta property=\"article:published_time\" content=\"2013-12-07T13:55:04+00:00\" \/>\n<meta property=\"og:image\" content=\"https:\/\/aconteceunovale.com.br\/portal\/wp-content\/uploads\/2013\/12\/encontro_comunicadores_do_vale.jpg\" \/>\n\t<meta property=\"og:image:width\" content=\"640\" \/>\n\t<meta property=\"og:image:height\" content=\"355\" \/>\n\t<meta property=\"og:image:type\" content=\"image\/jpeg\" \/>\n<meta name=\"author\" content=\"Aconteceu no Vale\" \/>\n<meta name=\"twitter:card\" content=\"summary_large_image\" \/>\n<meta name=\"twitter:creator\" content=\"@noticiadosvales\" \/>\n<meta name=\"twitter:site\" content=\"@noticiadosvales\" \/>\n<meta name=\"twitter:label1\" content=\"Escrito por\" \/>\n\t<meta name=\"twitter:data1\" content=\"Aconteceu no Vale\" \/>\n\t<meta name=\"twitter:label2\" content=\"Est. tempo de leitura\" \/>\n\t<meta name=\"twitter:data2\" content=\"1 minuto\" \/>\n<script type=\"application\/ld+json\" class=\"yoast-schema-graph\">{\"@context\":\"https:\\\/\\\/schema.org\",\"@graph\":[{\"@type\":\"Article\",\"@id\":\"https:\\\/\\\/aconteceunovale.com.br\\\/portal\\\/?p=14782#article\",\"isPartOf\":{\"@id\":\"https:\\\/\\\/aconteceunovale.com.br\\\/portal\\\/?p=14782\"},\"author\":{\"name\":\"Aconteceu no Vale\",\"@id\":\"https:\\\/\\\/aconteceunovale.com.br\\\/portal\\\/#\\\/schema\\\/person\\\/633529146f2c94272bef50ac2953d589\"},\"headline\":\"Est\u00e3o abertas as inscri\u00e7\u00f5es para o III Encontro de Comunicadores do Vale do Jequitinhonha\",\"datePublished\":\"2013-12-07T13:55:04+00:00\",\"mainEntityOfPage\":{\"@id\":\"https:\\\/\\\/aconteceunovale.com.br\\\/portal\\\/?p=14782\"},\"wordCount\":222,\"commentCount\":0,\"image\":{\"@id\":\"https:\\\/\\\/aconteceunovale.com.br\\\/portal\\\/?p=14782#primaryimage\"},\"thumbnailUrl\":\"https:\\\/\\\/aconteceunovale.com.br\\\/portal\\\/wp-content\\\/uploads\\\/2013\\\/12\\\/encontro_comunicadores_do_vale.jpg\",\"keywords\":[\"encontro comunicadores do vale do jequitinhonha\",\"UFMG\",\"Vale do Jequitinhonha\",\"Vale do Jequitinhonha\"],\"articleSection\":[\"Eventos\"],\"inLanguage\":\"pt-BR\",\"potentialAction\":[{\"@type\":\"CommentAction\",\"name\":\"Comment\",\"target\":[\"https:\\\/\\\/aconteceunovale.com.br\\\/portal\\\/?p=14782#respond\"]}]},{\"@type\":\"WebPage\",\"@id\":\"https:\\\/\\\/aconteceunovale.com.br\\\/portal\\\/?p=14782\",\"url\":\"https:\\\/\\\/aconteceunovale.com.br\\\/portal\\\/?p=14782\",\"name\":\"Est\u00e3o abertas as inscri\u00e7\u00f5es para o III Encontro de Comunicadores do Vale do Jequitinhonha - Aconteceu no Vale\",\"isPartOf\":{\"@id\":\"https:\\\/\\\/aconteceunovale.com.br\\\/portal\\\/#website\"},\"primaryImageOfPage\":{\"@id\":\"https:\\\/\\\/aconteceunovale.com.br\\\/portal\\\/?p=14782#primaryimage\"},\"image\":{\"@id\":\"https:\\\/\\\/aconteceunovale.com.br\\\/portal\\\/?p=14782#primaryimage\"},\"thumbnailUrl\":\"https:\\\/\\\/aconteceunovale.com.br\\\/portal\\\/wp-content\\\/uploads\\\/2013\\\/12\\\/encontro_comunicadores_do_vale.jpg\",\"datePublished\":\"2013-12-07T13:55:04+00:00\",\"author\":{\"@id\":\"https:\\\/\\\/aconteceunovale.com.br\\\/portal\\\/#\\\/schema\\\/person\\\/633529146f2c94272bef50ac2953d589\"},\"breadcrumb\":{\"@id\":\"https:\\\/\\\/aconteceunovale.com.br\\\/portal\\\/?p=14782#breadcrumb\"},\"inLanguage\":\"pt-BR\",\"potentialAction\":[{\"@type\":\"ReadAction\",\"target\":[\"https:\\\/\\\/aconteceunovale.com.br\\\/portal\\\/?p=14782\"]}]},{\"@type\":\"ImageObject\",\"inLanguage\":\"pt-BR\",\"@id\":\"https:\\\/\\\/aconteceunovale.com.br\\\/portal\\\/?p=14782#primaryimage\",\"url\":\"https:\\\/\\\/aconteceunovale.com.br\\\/portal\\\/wp-content\\\/uploads\\\/2013\\\/12\\\/encontro_comunicadores_do_vale.jpg\",\"contentUrl\":\"https:\\\/\\\/aconteceunovale.com.br\\\/portal\\\/wp-content\\\/uploads\\\/2013\\\/12\\\/encontro_comunicadores_do_vale.jpg\",\"width\":640,\"height\":355},{\"@type\":\"BreadcrumbList\",\"@id\":\"https:\\\/\\\/aconteceunovale.com.br\\\/portal\\\/?p=14782#breadcrumb\",\"itemListElement\":[{\"@type\":\"ListItem\",\"position\":1,\"name\":\"In\u00edcio\",\"item\":\"https:\\\/\\\/aconteceunovale.com.br\\\/portal\\\/\"},{\"@type\":\"ListItem\",\"position\":2,\"name\":\"Est\u00e3o abertas as inscri\u00e7\u00f5es para o III Encontro de Comunicadores do Vale do Jequitinhonha\"}]},{\"@type\":\"WebSite\",\"@id\":\"https:\\\/\\\/aconteceunovale.com.br\\\/portal\\\/#website\",\"url\":\"https:\\\/\\\/aconteceunovale.com.br\\\/portal\\\/\",\"name\":\"Aconteceu no Vale\",\"description\":\"Portal de Not\u00edcias\",\"potentialAction\":[{\"@type\":\"SearchAction\",\"target\":{\"@type\":\"EntryPoint\",\"urlTemplate\":\"https:\\\/\\\/aconteceunovale.com.br\\\/portal\\\/?s={search_term_string}\"},\"query-input\":{\"@type\":\"PropertyValueSpecification\",\"valueRequired\":true,\"valueName\":\"search_term_string\"}}],\"inLanguage\":\"pt-BR\"},{\"@type\":\"Person\",\"@id\":\"https:\\\/\\\/aconteceunovale.com.br\\\/portal\\\/#\\\/schema\\\/person\\\/633529146f2c94272bef50ac2953d589\",\"name\":\"Aconteceu no Vale\",\"description\":\"Equipe de reportagem do Aconteceu no Vale, portal de not\u00edcias do Vale do Jequitinhonha, em Minas Gerais. Cobrimos as 51 cidades do Vale desde 2013. Sugest\u00f5es de pauta e pedidos de corre\u00e7\u00e3o: contato@aconteceunovale.com.br\",\"sameAs\":[\"http:\\\/\\\/www.aconteceunovale.com.br\"],\"url\":\"https:\\\/\\\/aconteceunovale.com.br\\\/portal\\\/?author=1\"}]}<\/script>\n<!-- \/ Yoast SEO plugin. -->","yoast_head_json":{"title":"Est\u00e3o abertas as inscri\u00e7\u00f5es para o III Encontro de Comunicadores do Vale do Jequitinhonha - Aconteceu no Vale","robots":{"index":"index","follow":"follow","max-snippet":"max-snippet:-1","max-image-preview":"max-image-preview:large","max-video-preview":"max-video-preview:-1"},"canonical":"https:\/\/aconteceunovale.com.br\/portal\/?p=14782","og_locale":"pt_BR","og_type":"article","og_title":"Est\u00e3o abertas as inscri\u00e7\u00f5es para o III Encontro de Comunicadores do Vale do Jequitinhonha - Aconteceu no Vale","og_description":"O evento ter\u00e1 como tem\u00e1tica central \u201cComo trazer o comunit\u00e1rio para a comunica\u00e7\u00e3o? O que h\u00e1 de comunit\u00e1rio na comunica\u00e7\u00e3o comunit\u00e1ria?\u201d. De 23 a 25 de janeiro de 2014 o Programa Polo de Integra\u00e7\u00e3o da UFMG no Vale do Jequitinhonha realizar\u00e1 no munic\u00edpio de Jequitinhonha, o III ECVJ, promovido em parceria com as ONGs Associa\u00e7\u00e3o [&hellip;]","og_url":"https:\/\/aconteceunovale.com.br\/portal\/?p=14782","og_site_name":"Aconteceu no Vale","article_publisher":"https:\/\/www.facebook.com\/aconteceunovale\/","article_published_time":"2013-12-07T13:55:04+00:00","og_image":[{"width":640,"height":355,"url":"https:\/\/aconteceunovale.com.br\/portal\/wp-content\/uploads\/2013\/12\/encontro_comunicadores_do_vale.jpg","type":"image\/jpeg"}],"author":"Aconteceu no Vale","twitter_card":"summary_large_image","twitter_creator":"@noticiadosvales","twitter_site":"@noticiadosvales","twitter_misc":{"Escrito por":"Aconteceu no Vale","Est. tempo de leitura":"1 minuto"},"schema":{"@context":"https:\/\/schema.org","@graph":[{"@type":"Article","@id":"https:\/\/aconteceunovale.com.br\/portal\/?p=14782#article","isPartOf":{"@id":"https:\/\/aconteceunovale.com.br\/portal\/?p=14782"},"author":{"name":"Aconteceu no Vale","@id":"https:\/\/aconteceunovale.com.br\/portal\/#\/schema\/person\/633529146f2c94272bef50ac2953d589"},"headline":"Est\u00e3o abertas as inscri\u00e7\u00f5es para o III Encontro de Comunicadores do Vale do Jequitinhonha","datePublished":"2013-12-07T13:55:04+00:00","mainEntityOfPage":{"@id":"https:\/\/aconteceunovale.com.br\/portal\/?p=14782"},"wordCount":222,"commentCount":0,"image":{"@id":"https:\/\/aconteceunovale.com.br\/portal\/?p=14782#primaryimage"},"thumbnailUrl":"https:\/\/aconteceunovale.com.br\/portal\/wp-content\/uploads\/2013\/12\/encontro_comunicadores_do_vale.jpg","keywords":["encontro comunicadores do vale do jequitinhonha","UFMG","Vale do Jequitinhonha","Vale do Jequitinhonha"],"articleSection":["Eventos"],"inLanguage":"pt-BR","potentialAction":[{"@type":"CommentAction","name":"Comment","target":["https:\/\/aconteceunovale.com.br\/portal\/?p=14782#respond"]}]},{"@type":"WebPage","@id":"https:\/\/aconteceunovale.com.br\/portal\/?p=14782","url":"https:\/\/aconteceunovale.com.br\/portal\/?p=14782","name":"Est\u00e3o abertas as inscri\u00e7\u00f5es para o III Encontro de Comunicadores do Vale do Jequitinhonha - Aconteceu no Vale","isPartOf":{"@id":"https:\/\/aconteceunovale.com.br\/portal\/#website"},"primaryImageOfPage":{"@id":"https:\/\/aconteceunovale.com.br\/portal\/?p=14782#primaryimage"},"image":{"@id":"https:\/\/aconteceunovale.com.br\/portal\/?p=14782#primaryimage"},"thumbnailUrl":"https:\/\/aconteceunovale.com.br\/portal\/wp-content\/uploads\/2013\/12\/encontro_comunicadores_do_vale.jpg","datePublished":"2013-12-07T13:55:04+00:00","author":{"@id":"https:\/\/aconteceunovale.com.br\/portal\/#\/schema\/person\/633529146f2c94272bef50ac2953d589"},"breadcrumb":{"@id":"https:\/\/aconteceunovale.com.br\/portal\/?p=14782#breadcrumb"},"inLanguage":"pt-BR","potentialAction":[{"@type":"ReadAction","target":["https:\/\/aconteceunovale.com.br\/portal\/?p=14782"]}]},{"@type":"ImageObject","inLanguage":"pt-BR","@id":"https:\/\/aconteceunovale.com.br\/portal\/?p=14782#primaryimage","url":"https:\/\/aconteceunovale.com.br\/portal\/wp-content\/uploads\/2013\/12\/encontro_comunicadores_do_vale.jpg","contentUrl":"https:\/\/aconteceunovale.com.br\/portal\/wp-content\/uploads\/2013\/12\/encontro_comunicadores_do_vale.jpg","width":640,"height":355},{"@type":"BreadcrumbList","@id":"https:\/\/aconteceunovale.com.br\/portal\/?p=14782#breadcrumb","itemListElement":[{"@type":"ListItem","position":1,"name":"In\u00edcio","item":"https:\/\/aconteceunovale.com.br\/portal\/"},{"@type":"ListItem","position":2,"name":"Est\u00e3o abertas as inscri\u00e7\u00f5es para o III Encontro de Comunicadores do Vale do Jequitinhonha"}]},{"@type":"WebSite","@id":"https:\/\/aconteceunovale.com.br\/portal\/#website","url":"https:\/\/aconteceunovale.com.br\/portal\/","name":"Aconteceu no Vale","description":"Portal de Not\u00edcias","potentialAction":[{"@type":"SearchAction","target":{"@type":"EntryPoint","urlTemplate":"https:\/\/aconteceunovale.com.br\/portal\/?s={search_term_string}"},"query-input":{"@type":"PropertyValueSpecification","valueRequired":true,"valueName":"search_term_string"}}],"inLanguage":"pt-BR"},{"@type":"Person","@id":"https:\/\/aconteceunovale.com.br\/portal\/#\/schema\/person\/633529146f2c94272bef50ac2953d589","name":"Aconteceu no Vale","description":"Equipe de reportagem do Aconteceu no Vale, portal de not\u00edcias do Vale do Jequitinhonha, em Minas Gerais. Cobrimos as 51 cidades do Vale desde 2013. Sugest\u00f5es de pauta e pedidos de corre\u00e7\u00e3o: contato@aconteceunovale.com.br","sameAs":["http:\/\/www.aconteceunovale.com.br"],"url":"https:\/\/aconteceunovale.com.br\/portal\/?author=1"}]}},"_links":{"self":[{"href":"https:\/\/aconteceunovale.com.br\/portal\/index.php?rest_route=\/wp\/v2\/posts\/14782","targetHints":{"allow":["GET"]}}],"collection":[{"href":"https:\/\/aconteceunovale.com.br\/portal\/index.php?rest_route=\/wp\/v2\/posts"}],"about":[{"href":"https:\/\/aconteceunovale.com.br\/portal\/index.php?rest_route=\/wp\/v2\/types\/post"}],"author":[{"embeddable":true,"href":"https:\/\/aconteceunovale.com.br\/portal\/index.php?rest_route=\/wp\/v2\/users\/1"}],"replies":[{"embeddable":true,"href":"https:\/\/aconteceunovale.com.br\/portal\/index.php?rest_route=%2Fwp%2Fv2%2Fcomments&post=14782"}],"version-history":[{"count":0,"href":"https:\/\/aconteceunovale.com.br\/portal\/index.php?rest_route=\/wp\/v2\/posts\/14782\/revisions"}],"wp:featuredmedia":[{"embeddable":true,"href":"https:\/\/aconteceunovale.com.br\/portal\/index.php?rest_route=\/wp\/v2\/media\/14783"}],"wp:attachment":[{"href":"https:\/\/aconteceunovale.com.br\/portal\/index.php?rest_route=%2Fwp%2Fv2%2Fmedia&parent=14782"}],"wp:term":[{"taxonomy":"category","embeddable":true,"href":"https:\/\/aconteceunovale.com.br\/portal\/index.php?rest_route=%2Fwp%2Fv2%2Fcategories&post=14782"},{"taxonomy":"post_tag","embeddable":true,"href":"https:\/\/aconteceunovale.com.br\/portal\/index.php?rest_route=%2Fwp%2Fv2%2Ftags&post=14782"}],"curies":[{"name":"wp","href":"https:\/\/api.w.org\/{rel}","templated":true}]}}