{"id":147798,"date":"2019-04-22T20:29:43","date_gmt":"2019-04-22T22:29:43","guid":{"rendered":"http:\/\/aconteceunovale.com.br\/portal\/?p=147798"},"modified":"2019-04-22T20:29:43","modified_gmt":"2019-04-22T22:29:43","slug":"dois-incendios-sao-registrados-em-governador-valadares","status":"publish","type":"post","link":"https:\/\/aconteceunovale.com.br\/portal\/?p=147798","title":{"rendered":"Dois inc\u00eandios s\u00e3o registrados em Governador Valadares"},"content":{"rendered":"<p>Militares do 6\u00ba Batalh\u00e3o de Bombeiros Militar de Governador Valadares, no Vale do Rio Doce, atenderam na manh\u00e3 domingo (21\/04\/2019) duas ocorr\u00eancias de inc\u00eandios. A primeira foi na Rua Monte Alto, no Bairro Vila dos Montes, onde um ferro velho pegou fogo. Materiais recicl\u00e1veis e ferramentas foram consumidos pelas chamas.<br \/>\n<center><br \/>\n<!-- Erro, o An\u00fancio n\u00e3o est\u00e1 dispon\u00edvel neste momento devido \u00e0s restri\u00e7\u00f5es de agendamento\/geolocaliza\u00e7\u00e3o! --><br \/>\n<\/br><br \/>\n<\/center><br \/>\nA suspeita \u00e9 que o inc\u00eandio seja criminoso. Testemunhas relataram \u00e0 Pol\u00edcia Militar que viram um homem pulando o muro do ferro velho e, algum tempo depois, eles perceberam as chamas. <\/p>\n<p>O segundo registro foi no Bairro S\u00e3o Paulo. Uma poss\u00edvel pane el\u00e9trica causou um inc\u00eandio em uma resid\u00eancia. O sof\u00e1 foi atingido, al\u00e9m de toda a fia\u00e7\u00e3o el\u00e9trica. <\/p>\n<p>O morador da resid\u00eancia, de 48 anos, passou mal ap\u00f3s inalar fuma\u00e7a. Ele foi resgatado por uma equipe dos Bombeiros e encaminhado ao Hospital Municipal.<\/p>\n<p>Os dois casos ser\u00e3o investigados.<\/p>\n<p><img decoding=\"async\" src=\"http:\/\/aconteceunovale.com.br\/portal\/wp-content\/uploads\/2019\/04\/incendios_gv.jpg\" alt=\"\" \/><em>Foto: Divulga\u00e7\u00e3o\/Corpo de Bombeiros<\/em><br \/>\n<\/br><br \/>\n<em>Leandro Silva | Aconteceu no Vale<br \/>\nPublicado em: 22\/04\/2019, \u00e0s 19h29<\/em><\/p>\n<p><strong>VER PRIMEIRO<\/strong><\/p>\n<p>Receba as not\u00edcias do Aconteceu no Vale em primeira m\u00e3o. Clique em curtir no endere\u00e7o <a href=\"https:\/\/www.facebook.com\/aconteceunovale\" target=\"_blank\"><font color=\"red\">www.facebook.com\/aconteceunovale<\/font><\/a> ou no box abaixo:<\/p>\n<div class=\"fb-like\" data-href=\"https:\/\/www.facebook.com\/aconteceunovale\" data-width=\"120\" data-layout=\"standard\" data-action=\"like\" data-size=\"small\" data-show-faces=\"true\" data-share=\"true\"><\/div>\n<p><!-- Erro, o An\u00fancio n\u00e3o est\u00e1 dispon\u00edvel neste momento devido \u00e0s restri\u00e7\u00f5es de agendamento\/geolocaliza\u00e7\u00e3o! --><br \/>\n<\/br><\/p>\n","protected":false},"excerpt":{"rendered":"<p>Militares do 6\u00ba Batalh\u00e3o de Bombeiros Militar de Governador Valadares, no Vale do Rio Doce, atenderam na manh\u00e3 domingo (21\/04\/2019) duas ocorr\u00eancias de inc\u00eandios. A primeira foi na Rua Monte Alto, no Bairro Vila dos Montes, onde um ferro velho pegou fogo. Materiais recicl\u00e1veis e ferramentas foram consumidos pelas chamas. A suspeita \u00e9 que o [&hellip;]<\/p>\n","protected":false},"author":1,"featured_media":147799,"comment_status":"open","ping_status":"closed","sticky":false,"template":"","format":"standard","meta":{"amp_status":"","footnotes":""},"categories":[121],"tags":[199104,37849,200834,247,200835],"class_list":["post-147798","post","type-post","status-publish","format-standard","has-post-thumbnail","hentry","category-leste","tag-bombeiros-de-governador-valadares","tag-corpo-de-bombeiros-de-governador-valadares","tag-dois-incendios-sao-registrados-em-governador-valadares","tag-governador-valadares","tag-incendios-em-governador-valadares"],"_links":{"self":[{"href":"https:\/\/aconteceunovale.com.br\/portal\/index.php?rest_route=\/wp\/v2\/posts\/147798","targetHints":{"allow":["GET"]}}],"collection":[{"href":"https:\/\/aconteceunovale.com.br\/portal\/index.php?rest_route=\/wp\/v2\/posts"}],"about":[{"href":"https:\/\/aconteceunovale.com.br\/portal\/index.php?rest_route=\/wp\/v2\/types\/post"}],"author":[{"embeddable":true,"href":"https:\/\/aconteceunovale.com.br\/portal\/index.php?rest_route=\/wp\/v2\/users\/1"}],"replies":[{"embeddable":true,"href":"https:\/\/aconteceunovale.com.br\/portal\/index.php?rest_route=%2Fwp%2Fv2%2Fcomments&post=147798"}],"version-history":[{"count":0,"href":"https:\/\/aconteceunovale.com.br\/portal\/index.php?rest_route=\/wp\/v2\/posts\/147798\/revisions"}],"wp:featuredmedia":[{"embeddable":true,"href":"https:\/\/aconteceunovale.com.br\/portal\/index.php?rest_route=\/wp\/v2\/media\/147799"}],"wp:attachment":[{"href":"https:\/\/aconteceunovale.com.br\/portal\/index.php?rest_route=%2Fwp%2Fv2%2Fmedia&parent=147798"}],"wp:term":[{"taxonomy":"category","embeddable":true,"href":"https:\/\/aconteceunovale.com.br\/portal\/index.php?rest_route=%2Fwp%2Fv2%2Fcategories&post=147798"},{"taxonomy":"post_tag","embeddable":true,"href":"https:\/\/aconteceunovale.com.br\/portal\/index.php?rest_route=%2Fwp%2Fv2%2Ftags&post=147798"}],"curies":[{"name":"wp","href":"https:\/\/api.w.org\/{rel}","templated":true}]}}