{"id":147794,"date":"2019-04-22T20:22:46","date_gmt":"2019-04-22T22:22:46","guid":{"rendered":"http:\/\/aconteceunovale.com.br\/portal\/?p=147794"},"modified":"2019-04-22T20:31:10","modified_gmt":"2019-04-22T22:31:10","slug":"idoso-e-assassinado-no-municipio-de-antonio-dias-no-vale-do-aco","status":"publish","type":"post","link":"https:\/\/aconteceunovale.com.br\/portal\/?p=147794","title":{"rendered":"Idoso \u00e9 assassinado no munic\u00edpio de Ant\u00f4nio Dias, no Vale do A\u00e7o"},"content":{"rendered":"<p>Um idoso de 67 anos foi encontrado morto na tarde de s\u00e1bado (20\/04\/2019), em Ant\u00f4nio Dias, no Vale do A\u00e7o. O corpo da v\u00edtima Jos\u00e9 Valentim de Assis estava sobre pedras, com o rosto dentro de um curso d\u2019\u00e1gua, em uma regi\u00e3o conhecida como Biboca, pr\u00f3ximo \u00e0 Fazenda Cana\u00e3, na zona rural do munic\u00edpio.<\/p>\n<p>A Per\u00edcia T\u00e9cnica da Pol\u00edcia Civil compareceu ao local e constatou um profundo corte perfuro contundente na parte de tr\u00e1s da cabe\u00e7a de Jos\u00e9 Valentim. No local foram encontradas pedras sujas de sangue e peda\u00e7os de madeira quebrados, que podem ter sido utilizados pelo autor.<\/p>\n<p>L.O.S, de 27 anos, foi conduzido \u00e0 Delegacia de Pol\u00edcia Civil de Ipatinga para prestar esclarecimentos. O corpo tamb\u00e9m foi encaminhado ao IML e as causas do crime s\u00e3o investigadas.<\/p>\n<p><em>Leandro Silva | Aconteceu no Vale<br \/>\nPublicado em: 22\/04\/2019, \u00e0s 19h20<\/em><\/p>\n<p><strong>VER PRIMEIRO<\/strong><\/p>\n<p>Receba as not\u00edcias do Aconteceu no Vale em primeira m\u00e3o. Clique em curtir no endere\u00e7o <a href=\"https:\/\/www.facebook.com\/aconteceunovale\" target=\"_blank\"><font color=\"red\">www.facebook.com\/aconteceunovale<\/font><\/a> ou no box abaixo:<\/p>\n<div class=\"fb-like\" data-href=\"https:\/\/www.facebook.com\/aconteceunovale\" data-width=\"120\" data-layout=\"standard\" data-action=\"like\" data-size=\"small\" data-show-faces=\"true\" data-share=\"true\"><\/div>\n<p><!-- Erro, o An\u00fancio n\u00e3o est\u00e1 dispon\u00edvel neste momento devido \u00e0s restri\u00e7\u00f5es de agendamento\/geolocaliza\u00e7\u00e3o! --><br \/>\n<\/br><\/p>\n","protected":false},"excerpt":{"rendered":"<p>Um idoso de 67 anos foi encontrado morto na tarde de s\u00e1bado (20\/04\/2019), em Ant\u00f4nio Dias, no Vale do A\u00e7o. O corpo da v\u00edtima Jos\u00e9 Valentim de Assis estava sobre pedras, com o rosto dentro de um curso d\u2019\u00e1gua, em uma regi\u00e3o conhecida como Biboca, pr\u00f3ximo \u00e0 Fazenda Cana\u00e3, na zona rural do munic\u00edpio. A [&hellip;]<\/p>\n","protected":false},"author":1,"featured_media":71442,"comment_status":"open","ping_status":"closed","sticky":false,"template":"","format":"standard","meta":{"amp_status":"","footnotes":""},"categories":[121],"tags":[1740,200840,200839,119588,200836,200837,200838,137996],"class_list":["post-147794","post","type-post","status-publish","format-standard","has-post-thumbnail","hentry","category-leste","tag-antonio-dias","tag-homem-assassinado-em-antonio-dias","tag-homem-morto-em-antonio-dias","tag-homicidio-em-antonio-dias","tag-idoso-e-assassinado-no-municipio-de-antonio-dias","tag-idoso-e-assassinado-no-municipio-de-antonio-dias-no-vale-do-aco","tag-jose-valentim-de-assis","tag-morto-em-antonio-dias"],"_links":{"self":[{"href":"https:\/\/aconteceunovale.com.br\/portal\/index.php?rest_route=\/wp\/v2\/posts\/147794","targetHints":{"allow":["GET"]}}],"collection":[{"href":"https:\/\/aconteceunovale.com.br\/portal\/index.php?rest_route=\/wp\/v2\/posts"}],"about":[{"href":"https:\/\/aconteceunovale.com.br\/portal\/index.php?rest_route=\/wp\/v2\/types\/post"}],"author":[{"embeddable":true,"href":"https:\/\/aconteceunovale.com.br\/portal\/index.php?rest_route=\/wp\/v2\/users\/1"}],"replies":[{"embeddable":true,"href":"https:\/\/aconteceunovale.com.br\/portal\/index.php?rest_route=%2Fwp%2Fv2%2Fcomments&post=147794"}],"version-history":[{"count":0,"href":"https:\/\/aconteceunovale.com.br\/portal\/index.php?rest_route=\/wp\/v2\/posts\/147794\/revisions"}],"wp:featuredmedia":[{"embeddable":true,"href":"https:\/\/aconteceunovale.com.br\/portal\/index.php?rest_route=\/wp\/v2\/media\/71442"}],"wp:attachment":[{"href":"https:\/\/aconteceunovale.com.br\/portal\/index.php?rest_route=%2Fwp%2Fv2%2Fmedia&parent=147794"}],"wp:term":[{"taxonomy":"category","embeddable":true,"href":"https:\/\/aconteceunovale.com.br\/portal\/index.php?rest_route=%2Fwp%2Fv2%2Fcategories&post=147794"},{"taxonomy":"post_tag","embeddable":true,"href":"https:\/\/aconteceunovale.com.br\/portal\/index.php?rest_route=%2Fwp%2Fv2%2Ftags&post=147794"}],"curies":[{"name":"wp","href":"https:\/\/api.w.org\/{rel}","templated":true}]}}