{"id":147788,"date":"2019-04-22T19:48:30","date_gmt":"2019-04-22T21:48:30","guid":{"rendered":"http:\/\/aconteceunovale.com.br\/portal\/?p=147788"},"modified":"2019-04-22T19:48:30","modified_gmt":"2019-04-22T21:48:30","slug":"icmbio-inicia-selecao-de-1-169-brigadistas-para-combate-a-incendios","status":"publish","type":"post","link":"https:\/\/aconteceunovale.com.br\/portal\/?p=147788","title":{"rendered":"ICMBio inicia sele\u00e7\u00e3o de 1.169 brigadistas para combate a inc\u00eandios"},"content":{"rendered":"<p>Com a proximidade do meio do ano, per\u00edodo em que os inc\u00eandios florestais ocorrem com maior frequ\u00eancia, o governo lan\u00e7ou editais para contratar brigadistas e assim refor\u00e7ar a preven\u00e7\u00e3o em unidades de conserva\u00e7\u00e3o, entre elas parques nacionais.<br \/>\n<center><br \/>\n<!-- Erro, o An\u00fancio n\u00e3o est\u00e1 dispon\u00edvel neste momento devido \u00e0s restri\u00e7\u00f5es de agendamento\/geolocaliza\u00e7\u00e3o! --><br \/>\n<\/br><br \/>\n<\/center><br \/>\nO Instituto Chico Mendes de Conserva\u00e7\u00e3o da Biodiversidade (ICMBio) lan\u00e7ou 98 editais com 1.169 vagas para brigadistas trabalharem por per\u00edodos que variam entre 6 meses e dois anos.<\/p>\n<p>As vagas ser\u00e3o para atuar em 88 unidades de conserva\u00e7\u00e3o distribu\u00eddas pelo pa\u00eds, entre elas o Parque Nacional da Chapada dos Veadeiros, em Goi\u00e1s, que em outubro de 2017 sofreu o maior inc\u00eandio de sua hist\u00f3ria. Tamb\u00e9m fazem parte dos editais o Parque Nacional da Chapada Diamantina, na Bahia; a Floresta Nacional do Jamari, em Rond\u00f4nia; Parque Nacional Caverna do Perua\u00e7u, no Norte de Minas; e a Floresta Nacional de Bras\u00edlia, no Distrito Federal, entre outros.<\/p>\n<p>Ser\u00e3o destinados R$ 18 milh\u00f5es para as contrata\u00e7\u00f5es, al\u00e9m dos recursos usados na aquisi\u00e7\u00e3o de equipamentos para prote\u00e7\u00e3o individual e de combate a inc\u00eandios florestais.<\/p>\n<h2>A sele\u00e7\u00e3o<\/h2>\n<p>A contrata\u00e7\u00e3o dos brigadistas ser\u00e1 feita de acordo com a Lei 13.668 de 2018 e prev\u00ea recrutamento de pessoal para emerg\u00eancias ambientais no ICMBio e no Instituto Brasileiro do Meio Ambiente e dos Recursos Naturais Renov\u00e1veis (Ibama).<\/p>\n<p>A lei ampliou a dura\u00e7\u00e3o dos contratos e diversificou as atividades a serem exercidas.<\/p>\n<p>A sele\u00e7\u00e3o tem duas etapas que s\u00e3o um teste de aptid\u00e3o f\u00edsica e curso de forma\u00e7\u00e3o. Os editais est\u00e3o no\u00a0<em>site<\/em>\u00a0do\u00a0<strong><span style=\"color: #ff6600;\"><a href=\"http:\/\/www.icmbio.gov.br\/portal\/sejaumbrigadista\" target=\"_blank\"><span style=\"color: #ff6600;\">ICMBio<\/span><\/a><\/span><\/strong>.<\/p>\n<p><strong>VER PRIMEIRO<\/strong><\/p>\n<p>Receba as not\u00edcias do Aconteceu no Vale em primeira m\u00e3o. Clique em curtir no endere\u00e7o <a href=\"https:\/\/www.facebook.com\/aconteceunovale\" target=\"_blank\"><font color=\"red\">www.facebook.com\/aconteceunovale<\/font><\/a> ou no box abaixo:<\/p>\n<div class=\"fb-like\" data-href=\"https:\/\/www.facebook.com\/aconteceunovale\" data-width=\"120\" data-layout=\"standard\" data-action=\"like\" data-size=\"small\" data-show-faces=\"true\" data-share=\"true\"><\/div>\n<p><!-- Erro, o An\u00fancio n\u00e3o est\u00e1 dispon\u00edvel neste momento devido \u00e0s restri\u00e7\u00f5es de agendamento\/geolocaliza\u00e7\u00e3o! --><br \/>\n<\/br><\/p>\n<p><em>(Fonte: Ag\u00eancia Brasil)<\/em><\/p>\n","protected":false},"excerpt":{"rendered":"<p>Com a proximidade do meio do ano, per\u00edodo em que os inc\u00eandios florestais ocorrem com maior frequ\u00eancia, o governo lan\u00e7ou editais para contratar brigadistas e assim refor\u00e7ar a preven\u00e7\u00e3o em unidades de conserva\u00e7\u00e3o, entre elas parques nacionais. O Instituto Chico Mendes de Conserva\u00e7\u00e3o da Biodiversidade (ICMBio) lan\u00e7ou 98 editais com 1.169 vagas para brigadistas trabalharem [&hellip;]<\/p>\n","protected":false},"author":1,"featured_media":147789,"comment_status":"open","ping_status":"closed","sticky":false,"template":"","format":"standard","meta":{"amp_status":"","footnotes":""},"categories":[6],"tags":[200831,200487,90467,200489,19517,200832,748,97655,38221,200830,200488,90468,200486],"class_list":["post-147788","post","type-post","status-publish","format-standard","has-post-thumbnail","hentry","category-br","tag-brigadistas-icmbio","tag-contratacao-de-brigadistas-em-minas-gerais","tag-emprego-para-brigadistas-em-minas-gerais","tag-governo-de-minas-inicia-selecao-de-278-brigadistas-para-combate-a-incendios","tag-icmbio","tag-icmbio-inicia-selecao-de-1-169-brigadistas-para-combate-a-incendios","tag-ief","tag-instituto-chico-mendes-de-conservacao-da-biodiversidade","tag-instituto-estadual-de-florestas","tag-selecao-de-brigadistas-icmbio","tag-servico-para-brigadistas-em-minas-gerais","tag-trabalho-para-brigadistas-em-minas-gerais","tag-vagas-para-brigadistas-em-minas-gerais"],"_links":{"self":[{"href":"https:\/\/aconteceunovale.com.br\/portal\/index.php?rest_route=\/wp\/v2\/posts\/147788","targetHints":{"allow":["GET"]}}],"collection":[{"href":"https:\/\/aconteceunovale.com.br\/portal\/index.php?rest_route=\/wp\/v2\/posts"}],"about":[{"href":"https:\/\/aconteceunovale.com.br\/portal\/index.php?rest_route=\/wp\/v2\/types\/post"}],"author":[{"embeddable":true,"href":"https:\/\/aconteceunovale.com.br\/portal\/index.php?rest_route=\/wp\/v2\/users\/1"}],"replies":[{"embeddable":true,"href":"https:\/\/aconteceunovale.com.br\/portal\/index.php?rest_route=%2Fwp%2Fv2%2Fcomments&post=147788"}],"version-history":[{"count":0,"href":"https:\/\/aconteceunovale.com.br\/portal\/index.php?rest_route=\/wp\/v2\/posts\/147788\/revisions"}],"wp:featuredmedia":[{"embeddable":true,"href":"https:\/\/aconteceunovale.com.br\/portal\/index.php?rest_route=\/wp\/v2\/media\/147789"}],"wp:attachment":[{"href":"https:\/\/aconteceunovale.com.br\/portal\/index.php?rest_route=%2Fwp%2Fv2%2Fmedia&parent=147788"}],"wp:term":[{"taxonomy":"category","embeddable":true,"href":"https:\/\/aconteceunovale.com.br\/portal\/index.php?rest_route=%2Fwp%2Fv2%2Fcategories&post=147788"},{"taxonomy":"post_tag","embeddable":true,"href":"https:\/\/aconteceunovale.com.br\/portal\/index.php?rest_route=%2Fwp%2Fv2%2Ftags&post=147788"}],"curies":[{"name":"wp","href":"https:\/\/api.w.org\/{rel}","templated":true}]}}