{"id":147486,"date":"2019-04-15T22:16:46","date_gmt":"2019-04-16T00:16:46","guid":{"rendered":"http:\/\/aconteceunovale.com.br\/portal\/?p=147486"},"modified":"2019-04-15T22:16:46","modified_gmt":"2019-04-16T00:16:46","slug":"homem-e-preso-por-estuprar-crianca-em-rio-pardo-de-minas","status":"publish","type":"post","link":"https:\/\/aconteceunovale.com.br\/portal\/?p=147486","title":{"rendered":"Homem \u00e9 preso por estuprar crian\u00e7a em Rio Pardo de Minas"},"content":{"rendered":"<p>Um homem de 54 anos foi preso nesta segunda-feira (15\/04\/2019) por estuprar uma menina de 11 anos em Rio Pardo de Minas, no Norte do Estado. De acordo com a investiga\u00e7\u00e3o da Pol\u00edcia Civil, o abuso contra a crian\u00e7a ocorreu no m\u00eas de fevereiro deste ano, na casa do autor, que fica na zona rural do munic\u00edpio. A pol\u00edcia n\u00e3o detalhou se a v\u00edtima passou por exames que comprovem o crime.<br \/>\n<center><br \/>\n<!-- Erro, o An\u00fancio n\u00e3o est\u00e1 dispon\u00edvel neste momento devido \u00e0s restri\u00e7\u00f5es de agendamento\/geolocaliza\u00e7\u00e3o! --><br \/>\n<\/br><br \/>\n<\/center><br \/>\nA pol\u00edcia informou ainda que uma filha e uma sobrinha do homem preso, que hoje s\u00e3o maiores de idade, tamb\u00e9m j\u00e1 foram abusadas por ele quando tinham seis e oito anos, respectivamente. A sobrinha tamb\u00e9m procurou a pol\u00edcia para denunciar o autor.<\/p>\n<p>Durante os levantamentos, a Pol\u00edcia Civil interrogou v\u00e1rias testemunhas tamb\u00e9m na cidade de Novorizonte, incluindo outra poss\u00edvel v\u00edtima, tamb\u00e9m de 11 anos. A pris\u00e3o do autor foi em cumprimento de mandado tempor\u00e1rio de 30 dias. Ele foi entregue ao pres\u00eddio de Rio Pardo de Minas e as den\u00fancias dos abusos seguem em apura\u00e7\u00e3o pela PC.<\/p>\n<p><strong>VER PRIMEIRO<\/strong><\/p>\n<p>Receba as not\u00edcias do Aconteceu no Vale em primeira m\u00e3o. Clique em curtir no endere\u00e7o <a href=\"https:\/\/www.facebook.com\/aconteceunovale\" target=\"_blank\"><font color=\"red\">www.facebook.com\/aconteceunovale<\/font><\/a> ou no box abaixo:<\/p>\n<div class=\"fb-like\" data-href=\"https:\/\/www.facebook.com\/aconteceunovale\" data-width=\"120\" data-layout=\"standard\" data-action=\"like\" data-size=\"small\" data-show-faces=\"true\" data-share=\"true\"><\/div>\n<p><!-- Erro, o An\u00fancio n\u00e3o est\u00e1 dispon\u00edvel neste momento devido \u00e0s restri\u00e7\u00f5es de agendamento\/geolocaliza\u00e7\u00e3o! --><br \/>\n<\/br><\/p>\n<p><em>(Fonte: G1 Grande Minas)<\/em><\/p>\n","protected":false},"excerpt":{"rendered":"<p>Um homem de 54 anos foi preso nesta segunda-feira (15\/04\/2019) por estuprar uma menina de 11 anos em Rio Pardo de Minas, no Norte do Estado. De acordo com a investiga\u00e7\u00e3o da Pol\u00edcia Civil, o abuso contra a crian\u00e7a ocorreu no m\u00eas de fevereiro deste ano, na casa do autor, que fica na zona rural [&hellip;]<\/p>\n","protected":false},"author":1,"featured_media":102361,"comment_status":"open","ping_status":"closed","sticky":false,"template":"","format":"standard","meta":{"amp_status":"","footnotes":""},"categories":[1236],"tags":[200400,200399,200398,147791,4532,147790,421],"class_list":["post-147486","post","type-post","status-publish","format-standard","has-post-thumbnail","hentry","category-norte_de_minas","tag-estuprador-preso-em-rio-pardo-de-minas","tag-estupro-em-rio-pardo-de-minas","tag-homem-e-preso-por-estuprar-crianca-em-rio-pardo-de-minas","tag-homem-preso-em-rio-pardo-de-minas","tag-novorizonte","tag-preso-em-rio-pardo-de-minas","tag-rio-pardo-de-minas"],"_links":{"self":[{"href":"https:\/\/aconteceunovale.com.br\/portal\/index.php?rest_route=\/wp\/v2\/posts\/147486","targetHints":{"allow":["GET"]}}],"collection":[{"href":"https:\/\/aconteceunovale.com.br\/portal\/index.php?rest_route=\/wp\/v2\/posts"}],"about":[{"href":"https:\/\/aconteceunovale.com.br\/portal\/index.php?rest_route=\/wp\/v2\/types\/post"}],"author":[{"embeddable":true,"href":"https:\/\/aconteceunovale.com.br\/portal\/index.php?rest_route=\/wp\/v2\/users\/1"}],"replies":[{"embeddable":true,"href":"https:\/\/aconteceunovale.com.br\/portal\/index.php?rest_route=%2Fwp%2Fv2%2Fcomments&post=147486"}],"version-history":[{"count":0,"href":"https:\/\/aconteceunovale.com.br\/portal\/index.php?rest_route=\/wp\/v2\/posts\/147486\/revisions"}],"wp:featuredmedia":[{"embeddable":true,"href":"https:\/\/aconteceunovale.com.br\/portal\/index.php?rest_route=\/wp\/v2\/media\/102361"}],"wp:attachment":[{"href":"https:\/\/aconteceunovale.com.br\/portal\/index.php?rest_route=%2Fwp%2Fv2%2Fmedia&parent=147486"}],"wp:term":[{"taxonomy":"category","embeddable":true,"href":"https:\/\/aconteceunovale.com.br\/portal\/index.php?rest_route=%2Fwp%2Fv2%2Fcategories&post=147486"},{"taxonomy":"post_tag","embeddable":true,"href":"https:\/\/aconteceunovale.com.br\/portal\/index.php?rest_route=%2Fwp%2Fv2%2Ftags&post=147486"}],"curies":[{"name":"wp","href":"https:\/\/api.w.org\/{rel}","templated":true}]}}