{"id":147100,"date":"2019-04-08T20:22:18","date_gmt":"2019-04-08T22:22:18","guid":{"rendered":"http:\/\/aconteceunovale.com.br\/portal\/?p=147100"},"modified":"2019-04-08T20:22:18","modified_gmt":"2019-04-08T22:22:18","slug":"homem-e-detido-em-montes-claros-apos-furtar-roupas-femininas-para-fazer-programa","status":"publish","type":"post","link":"https:\/\/aconteceunovale.com.br\/portal\/?p=147100","title":{"rendered":"Homem \u00e9 detido em Montes Claros ap\u00f3s furtar roupas femininas para fazer programa"},"content":{"rendered":"<p>Um homem de 36 anos foi preso na manh\u00e3 desta segunda-feira (08\/04\/2019) suspeito de furtar objetos femininos em uma loja em Montes Claros, no Norte de Minas. O suspeito foi detido por moradores que flagraram o momento da fuga dele pela Avenida Jo\u00e3o XXIII, no Bairro Edgar Pereira.<br \/>\n<center><br \/>\n<!-- Erro, o An\u00fancio n\u00e3o est\u00e1 dispon\u00edvel neste momento devido \u00e0s restri\u00e7\u00f5es de agendamento\/geolocaliza\u00e7\u00e3o! --><br \/>\n<\/br><br \/>\n<\/center><br \/>\nCom o homem foram encontrados dois \u00f3culos de sol, um par de sand\u00e1lias femininas, um short jeans claro feminino e tr\u00eas bodys. A dona da loja, uma mulher de 23 anos, relatou que o homem entrou no estabelecimento e se passou por cliente. Ele pediu para experimentar as pe\u00e7as de roupas e, ap\u00f3s um instante de distra\u00e7\u00e3o da propriet\u00e1ria, o homem colocou as pe\u00e7as numa bolsa e fugiu da loja levando as pe\u00e7as.<\/p>\n<p>A lojista afirmou ainda que saiu \u00e0 procura do suspeito, mas ao chegar na Avenida Jo\u00e3o XXIII ele j\u00e1 tinha sido detido por moradores do bairro, que seguraram o suspeito at\u00e9 a chegada da pol\u00edcia.<\/p>\n<p>Militares foram acionados e prenderam o suspeito. De acordo com a PM, o homem confessou ter cometido o crime e disse que as roupas eram para fazer programa. Ele foi encaminhado a uma unidade hospitalar e depois levado para a delegacia.<\/p>\n<p><strong>VER PRIMEIRO<\/strong><\/p>\n<p>Receba as not\u00edcias do Aconteceu no Vale em primeira m\u00e3o. Clique em curtir no endere\u00e7o <a href=\"https:\/\/www.facebook.com\/aconteceunovale\" target=\"_blank\"><font color=\"red\">www.facebook.com\/aconteceunovale<\/font><\/a> ou no box abaixo:<\/p>\n<div class=\"fb-like\" data-href=\"https:\/\/www.facebook.com\/aconteceunovale\" data-width=\"120\" data-layout=\"standard\" data-action=\"like\" data-size=\"small\" data-show-faces=\"true\" data-share=\"true\"><\/div>\n<p><!-- Erro, o An\u00fancio n\u00e3o est\u00e1 dispon\u00edvel neste momento devido \u00e0s restri\u00e7\u00f5es de agendamento\/geolocaliza\u00e7\u00e3o! --><br \/>\n<\/br><\/p>\n<p><em>(Fonte: G1 Grande Minas)<\/em><\/p>\n","protected":false},"excerpt":{"rendered":"<p>Um homem de 36 anos foi preso na manh\u00e3 desta segunda-feira (08\/04\/2019) suspeito de furtar objetos femininos em uma loja em Montes Claros, no Norte de Minas. O suspeito foi detido por moradores que flagraram o momento da fuga dele pela Avenida Jo\u00e3o XXIII, no Bairro Edgar Pereira. Com o homem foram encontrados dois \u00f3culos [&hellip;]<\/p>\n","protected":false},"author":1,"featured_media":143726,"comment_status":"open","ping_status":"closed","sticky":false,"template":"","format":"standard","meta":{"amp_status":"","footnotes":""},"categories":[1236],"tags":[124592,199775,199774,210,66614,199776,46966],"class_list":["post-147100","post","type-post","status-publish","format-standard","has-post-thumbnail","hentry","category-norte_de_minas","tag-detido-em-montes-claros","tag-homem-e-detido-em-montes-claros","tag-homem-e-detido-em-montes-claros-apos-furtar-roupas-femininas-para-fazer-programa","tag-montes-claros","tag-preso-em-montes-claros","tag-roubo-em-loja-em-montes-claros","tag-roubo-em-montes-claros"],"_links":{"self":[{"href":"https:\/\/aconteceunovale.com.br\/portal\/index.php?rest_route=\/wp\/v2\/posts\/147100","targetHints":{"allow":["GET"]}}],"collection":[{"href":"https:\/\/aconteceunovale.com.br\/portal\/index.php?rest_route=\/wp\/v2\/posts"}],"about":[{"href":"https:\/\/aconteceunovale.com.br\/portal\/index.php?rest_route=\/wp\/v2\/types\/post"}],"author":[{"embeddable":true,"href":"https:\/\/aconteceunovale.com.br\/portal\/index.php?rest_route=\/wp\/v2\/users\/1"}],"replies":[{"embeddable":true,"href":"https:\/\/aconteceunovale.com.br\/portal\/index.php?rest_route=%2Fwp%2Fv2%2Fcomments&post=147100"}],"version-history":[{"count":0,"href":"https:\/\/aconteceunovale.com.br\/portal\/index.php?rest_route=\/wp\/v2\/posts\/147100\/revisions"}],"wp:featuredmedia":[{"embeddable":true,"href":"https:\/\/aconteceunovale.com.br\/portal\/index.php?rest_route=\/wp\/v2\/media\/143726"}],"wp:attachment":[{"href":"https:\/\/aconteceunovale.com.br\/portal\/index.php?rest_route=%2Fwp%2Fv2%2Fmedia&parent=147100"}],"wp:term":[{"taxonomy":"category","embeddable":true,"href":"https:\/\/aconteceunovale.com.br\/portal\/index.php?rest_route=%2Fwp%2Fv2%2Fcategories&post=147100"},{"taxonomy":"post_tag","embeddable":true,"href":"https:\/\/aconteceunovale.com.br\/portal\/index.php?rest_route=%2Fwp%2Fv2%2Ftags&post=147100"}],"curies":[{"name":"wp","href":"https:\/\/api.w.org\/{rel}","templated":true}]}}