{"id":147068,"date":"2019-04-08T14:28:09","date_gmt":"2019-04-08T16:28:09","guid":{"rendered":"http:\/\/aconteceunovale.com.br\/portal\/?p=147068"},"modified":"2019-04-08T14:28:09","modified_gmt":"2019-04-08T16:28:09","slug":"bolsonaro-exonera-ricardo-velez-e-anuncia-abraham-weintraub-como-sucessor","status":"publish","type":"post","link":"https:\/\/aconteceunovale.com.br\/portal\/?p=147068","title":{"rendered":"Bolsonaro exonera Ricardo V\u00e9lez e anuncia Abraham Weintraub como sucessor"},"content":{"rendered":"<p>O presidente Jair Bolsonaro exonerou hoje (8) o ministro da Educa\u00e7\u00e3o, Ricardo V\u00e9lez Rodr\u00edguez, e anunciou o professor Abraham Weintraub para o cargo. \u201cAbraham \u00e9 doutor, professor universit\u00e1rio e possui ampla experi\u00eancia em gest\u00e3o e o conhecimento necess\u00e1rio para a pasta\u201d, escreveu Bolsonaro em sua conta no Twitter.<br \/>\n<center><br \/>\n<!-- Erro, o An\u00fancio n\u00e3o est\u00e1 dispon\u00edvel neste momento devido \u00e0s restri\u00e7\u00f5es de agendamento\/geolocaliza\u00e7\u00e3o! --><br \/>\n<\/br><br \/>\n<\/center><br \/>\nProfessor da Universidade Federal de S\u00e3o Paulo (Unifesp), Weintraub \u00e9 mestre em administra\u00e7\u00e3o pela Funda\u00e7\u00e3o Getulio Vargas (FGV). Executivo do mercado financeiro, atuou no grupo Votorantim e foi membro do comit\u00ea de Trading da BM&#038;FBovespa. Em 2016, coordenou a apresenta\u00e7\u00e3o de uma proposta alternativa de reforma da previd\u00eancia social formulada pelos professores da Unifesp. Weintraub atua como secret\u00e1rio-executivo da Casa Civil, sob o comando de Onyx Lorenzoni. Ele assumir\u00e1 o lugar do colombiano Ricardo V\u00e9lez.<\/p>\n<p>\u201cAproveito para agradecer ao Prof. Velez pelos servi\u00e7os prestados\u201d, acrescentou o presidente.<\/p>\n<p>V\u00e9lez esteve hoje (8) pela manh\u00e3 no Pal\u00e1cio do Planalto em reuni\u00e3o com o presidente Jair Bolsonaro e deixou o local pela sa\u00edda privativa, sem falar com a imprensa.<\/p>\n<p><img decoding=\"async\" src=\"http:\/\/aconteceunovale.com.br\/portal\/wp-content\/uploads\/2019\/04\/abraham_weintraub.jpg\" alt=\"\" \/><em>Abraham Weintraub\/Arquivo pessoal<\/em><br \/>\n<\/br><\/p>\n<p><strong>VER PRIMEIRO<\/strong><\/p>\n<p>Receba as not\u00edcias do Aconteceu no Vale em primeira m\u00e3o. Clique em curtir no endere\u00e7o <a href=\"https:\/\/www.facebook.com\/aconteceunovale\" target=\"_blank\"><font color=\"red\">www.facebook.com\/aconteceunovale<\/font><\/a> ou no box abaixo:<\/p>\n<div class=\"fb-like\" data-href=\"https:\/\/www.facebook.com\/aconteceunovale\" data-width=\"120\" data-layout=\"standard\" data-action=\"like\" data-size=\"small\" data-show-faces=\"true\" data-share=\"true\"><\/div>\n<p><!-- Erro, o An\u00fancio n\u00e3o est\u00e1 dispon\u00edvel neste momento devido \u00e0s restri\u00e7\u00f5es de agendamento\/geolocaliza\u00e7\u00e3o! --><br \/>\n<\/br><\/p>\n<p><em>(Fonte: Ag\u00eancia Brasil)<\/em><\/p>\n","protected":false},"excerpt":{"rendered":"<p>O presidente Jair Bolsonaro exonerou hoje (8) o ministro da Educa\u00e7\u00e3o, Ricardo V\u00e9lez Rodr\u00edguez, e anunciou o professor Abraham Weintraub para o cargo. \u201cAbraham \u00e9 doutor, professor universit\u00e1rio e possui ampla experi\u00eancia em gest\u00e3o e o conhecimento necess\u00e1rio para a pasta\u201d, escreveu Bolsonaro em sua conta no Twitter. Professor da Universidade Federal de S\u00e3o Paulo [&hellip;]<\/p>\n","protected":false},"author":1,"featured_media":147069,"comment_status":"open","ping_status":"closed","sticky":false,"template":"","format":"standard","meta":{"amp_status":"","footnotes":""},"categories":[6,40238],"tags":[199727,199732,199730,199731,199729,199728,199726,26436,1168,22390,159524,199733,194986,187177],"class_list":["post-147068","post","type-post","status-publish","format-standard","has-post-thumbnail","hentry","category-br","category-educacao-2","tag-abraham-weintraub","tag-bolsonaro-anuncia-abraham-weintraub-como-ministro-da-educacao","tag-bolsonaro-anuncia-abraham-weintraub-como-sucessor","tag-bolsonaro-anuncia-abraham-weintraub-como-sucessor-no-mec","tag-bolsonaro-exonera-ricardo-velez","tag-bolsonaro-exonera-ricardo-velez-e-anuncia-abraham-weintraub-como-sucessor","tag-exoneracao-do-ministro-da-educacao","tag-jair-bolsonaro","tag-mec","tag-ministerio-da-educacao","tag-minsterio-da-educacao","tag-professor-abraham-weintraub","tag-ricardo-velez","tag-ricardo-velez-rodriguez"],"yoast_head":"<!-- This site is optimized with the Yoast SEO plugin v28.3 - https:\/\/yoast.com\/product\/yoast-seo-wordpress\/ -->\n<title>Bolsonaro exonera Ricardo V\u00e9lez e anuncia Abraham Weintraub como sucessor - Aconteceu no Vale<\/title>\n<meta name=\"robots\" content=\"index, follow, max-snippet:-1, max-image-preview:large, max-video-preview:-1\" \/>\n<link rel=\"canonical\" href=\"https:\/\/aconteceunovale.com.br\/portal\/?p=147068\" \/>\n<meta property=\"og:locale\" content=\"pt_BR\" \/>\n<meta property=\"og:type\" content=\"article\" \/>\n<meta property=\"og:title\" content=\"Bolsonaro exonera Ricardo V\u00e9lez e anuncia Abraham Weintraub como sucessor - Aconteceu no Vale\" \/>\n<meta property=\"og:description\" content=\"O presidente Jair Bolsonaro exonerou hoje (8) o ministro da Educa\u00e7\u00e3o, Ricardo V\u00e9lez Rodr\u00edguez, e anunciou o professor Abraham Weintraub para o cargo. \u201cAbraham \u00e9 doutor, professor universit\u00e1rio e possui ampla experi\u00eancia em gest\u00e3o e o conhecimento necess\u00e1rio para a pasta\u201d, escreveu Bolsonaro em sua conta no Twitter. Professor da Universidade Federal de S\u00e3o Paulo [&hellip;]\" \/>\n<meta property=\"og:url\" content=\"https:\/\/aconteceunovale.com.br\/portal\/?p=147068\" \/>\n<meta property=\"og:site_name\" content=\"Aconteceu no Vale\" \/>\n<meta property=\"article:publisher\" content=\"https:\/\/www.facebook.com\/aconteceunovale\/\" \/>\n<meta property=\"article:published_time\" content=\"2019-04-08T16:28:09+00:00\" \/>\n<meta property=\"og:image\" content=\"https:\/\/aconteceunovale.com.br\/portal\/wp-content\/uploads\/2019\/04\/abraham_weintraub.jpg\" \/>\n\t<meta property=\"og:image:width\" content=\"678\" \/>\n\t<meta property=\"og:image:height\" content=\"437\" \/>\n\t<meta property=\"og:image:type\" content=\"image\/jpeg\" \/>\n<meta name=\"author\" content=\"Aconteceu no Vale\" \/>\n<meta name=\"twitter:card\" content=\"summary_large_image\" \/>\n<meta name=\"twitter:creator\" content=\"@noticiadosvales\" \/>\n<meta name=\"twitter:site\" content=\"@noticiadosvales\" \/>\n<meta name=\"twitter:label1\" content=\"Escrito por\" \/>\n\t<meta name=\"twitter:data1\" content=\"Aconteceu no Vale\" \/>\n\t<meta name=\"twitter:label2\" content=\"Est. tempo de leitura\" \/>\n\t<meta name=\"twitter:data2\" content=\"1 minuto\" \/>\n<script type=\"application\/ld+json\" class=\"yoast-schema-graph\">{\"@context\":\"https:\\\/\\\/schema.org\",\"@graph\":[{\"@type\":\"Article\",\"@id\":\"https:\\\/\\\/aconteceunovale.com.br\\\/portal\\\/?p=147068#article\",\"isPartOf\":{\"@id\":\"https:\\\/\\\/aconteceunovale.com.br\\\/portal\\\/?p=147068\"},\"author\":{\"name\":\"Aconteceu no Vale\",\"@id\":\"https:\\\/\\\/aconteceunovale.com.br\\\/portal\\\/#\\\/schema\\\/person\\\/633529146f2c94272bef50ac2953d589\"},\"headline\":\"Bolsonaro exonera Ricardo V\u00e9lez e anuncia Abraham Weintraub como sucessor\",\"datePublished\":\"2019-04-08T16:28:09+00:00\",\"mainEntityOfPage\":{\"@id\":\"https:\\\/\\\/aconteceunovale.com.br\\\/portal\\\/?p=147068\"},\"wordCount\":230,\"commentCount\":0,\"image\":{\"@id\":\"https:\\\/\\\/aconteceunovale.com.br\\\/portal\\\/?p=147068#primaryimage\"},\"thumbnailUrl\":\"https:\\\/\\\/aconteceunovale.com.br\\\/portal\\\/wp-content\\\/uploads\\\/2019\\\/04\\\/abraham_weintraub.jpg\",\"keywords\":[\"Abraham Weintraub\",\"Bolsonaro anuncia Abraham Weintraub como Ministro da Educa\u00e7\u00e3o\",\"Bolsonaro anuncia Abraham Weintraub como sucessor\",\"Bolsonaro anuncia Abraham Weintraub como sucessor no MEC\",\"Bolsonaro exonera Ricardo V\u00e9lez\",\"Bolsonaro exonera Ricardo V\u00e9lez e anuncia Abraham Weintraub como sucessor\",\"exonera\u00e7\u00e3o do ministro da educa\u00e7\u00e3o\",\"Jair Bolsonaro\",\"mec\",\"Minist\u00e9rio da Educa\u00e7\u00e3o\",\"Minst\u00e9rio da Educa\u00e7\u00e3o\",\"Professor Abraham Weintraub\",\"Ricardo V\u00e9lez\",\"Ricardo Velez Rodriguez\"],\"articleSection\":[\"Brasil\",\"Educa\u00e7\u00e3o\"],\"inLanguage\":\"pt-BR\",\"potentialAction\":[{\"@type\":\"CommentAction\",\"name\":\"Comment\",\"target\":[\"https:\\\/\\\/aconteceunovale.com.br\\\/portal\\\/?p=147068#respond\"]}]},{\"@type\":\"WebPage\",\"@id\":\"https:\\\/\\\/aconteceunovale.com.br\\\/portal\\\/?p=147068\",\"url\":\"https:\\\/\\\/aconteceunovale.com.br\\\/portal\\\/?p=147068\",\"name\":\"Bolsonaro exonera Ricardo V\u00e9lez e anuncia Abraham Weintraub como sucessor - Aconteceu no Vale\",\"isPartOf\":{\"@id\":\"https:\\\/\\\/aconteceunovale.com.br\\\/portal\\\/#website\"},\"primaryImageOfPage\":{\"@id\":\"https:\\\/\\\/aconteceunovale.com.br\\\/portal\\\/?p=147068#primaryimage\"},\"image\":{\"@id\":\"https:\\\/\\\/aconteceunovale.com.br\\\/portal\\\/?p=147068#primaryimage\"},\"thumbnailUrl\":\"https:\\\/\\\/aconteceunovale.com.br\\\/portal\\\/wp-content\\\/uploads\\\/2019\\\/04\\\/abraham_weintraub.jpg\",\"datePublished\":\"2019-04-08T16:28:09+00:00\",\"author\":{\"@id\":\"https:\\\/\\\/aconteceunovale.com.br\\\/portal\\\/#\\\/schema\\\/person\\\/633529146f2c94272bef50ac2953d589\"},\"breadcrumb\":{\"@id\":\"https:\\\/\\\/aconteceunovale.com.br\\\/portal\\\/?p=147068#breadcrumb\"},\"inLanguage\":\"pt-BR\",\"potentialAction\":[{\"@type\":\"ReadAction\",\"target\":[\"https:\\\/\\\/aconteceunovale.com.br\\\/portal\\\/?p=147068\"]}]},{\"@type\":\"ImageObject\",\"inLanguage\":\"pt-BR\",\"@id\":\"https:\\\/\\\/aconteceunovale.com.br\\\/portal\\\/?p=147068#primaryimage\",\"url\":\"https:\\\/\\\/aconteceunovale.com.br\\\/portal\\\/wp-content\\\/uploads\\\/2019\\\/04\\\/abraham_weintraub.jpg\",\"contentUrl\":\"https:\\\/\\\/aconteceunovale.com.br\\\/portal\\\/wp-content\\\/uploads\\\/2019\\\/04\\\/abraham_weintraub.jpg\",\"width\":678,\"height\":437},{\"@type\":\"BreadcrumbList\",\"@id\":\"https:\\\/\\\/aconteceunovale.com.br\\\/portal\\\/?p=147068#breadcrumb\",\"itemListElement\":[{\"@type\":\"ListItem\",\"position\":1,\"name\":\"In\u00edcio\",\"item\":\"https:\\\/\\\/aconteceunovale.com.br\\\/portal\\\/\"},{\"@type\":\"ListItem\",\"position\":2,\"name\":\"Bolsonaro exonera Ricardo V\u00e9lez e anuncia Abraham Weintraub como sucessor\"}]},{\"@type\":\"WebSite\",\"@id\":\"https:\\\/\\\/aconteceunovale.com.br\\\/portal\\\/#website\",\"url\":\"https:\\\/\\\/aconteceunovale.com.br\\\/portal\\\/\",\"name\":\"Aconteceu no Vale\",\"description\":\"Portal de Not\u00edcias\",\"potentialAction\":[{\"@type\":\"SearchAction\",\"target\":{\"@type\":\"EntryPoint\",\"urlTemplate\":\"https:\\\/\\\/aconteceunovale.com.br\\\/portal\\\/?s={search_term_string}\"},\"query-input\":{\"@type\":\"PropertyValueSpecification\",\"valueRequired\":true,\"valueName\":\"search_term_string\"}}],\"inLanguage\":\"pt-BR\"},{\"@type\":\"Person\",\"@id\":\"https:\\\/\\\/aconteceunovale.com.br\\\/portal\\\/#\\\/schema\\\/person\\\/633529146f2c94272bef50ac2953d589\",\"name\":\"Aconteceu no Vale\",\"description\":\"Equipe de reportagem do Aconteceu no Vale, portal de not\u00edcias do Vale do Jequitinhonha, em Minas Gerais. Cobrimos as 51 cidades do Vale desde 2013. Sugest\u00f5es de pauta e pedidos de corre\u00e7\u00e3o: contato@aconteceunovale.com.br\",\"sameAs\":[\"http:\\\/\\\/www.aconteceunovale.com.br\"],\"url\":\"https:\\\/\\\/aconteceunovale.com.br\\\/portal\\\/?author=1\"}]}<\/script>\n<!-- \/ Yoast SEO plugin. -->","yoast_head_json":{"title":"Bolsonaro exonera Ricardo V\u00e9lez e anuncia Abraham Weintraub como sucessor - Aconteceu no Vale","robots":{"index":"index","follow":"follow","max-snippet":"max-snippet:-1","max-image-preview":"max-image-preview:large","max-video-preview":"max-video-preview:-1"},"canonical":"https:\/\/aconteceunovale.com.br\/portal\/?p=147068","og_locale":"pt_BR","og_type":"article","og_title":"Bolsonaro exonera Ricardo V\u00e9lez e anuncia Abraham Weintraub como sucessor - Aconteceu no Vale","og_description":"O presidente Jair Bolsonaro exonerou hoje (8) o ministro da Educa\u00e7\u00e3o, Ricardo V\u00e9lez Rodr\u00edguez, e anunciou o professor Abraham Weintraub para o cargo. \u201cAbraham \u00e9 doutor, professor universit\u00e1rio e possui ampla experi\u00eancia em gest\u00e3o e o conhecimento necess\u00e1rio para a pasta\u201d, escreveu Bolsonaro em sua conta no Twitter. Professor da Universidade Federal de S\u00e3o Paulo [&hellip;]","og_url":"https:\/\/aconteceunovale.com.br\/portal\/?p=147068","og_site_name":"Aconteceu no Vale","article_publisher":"https:\/\/www.facebook.com\/aconteceunovale\/","article_published_time":"2019-04-08T16:28:09+00:00","og_image":[{"width":678,"height":437,"url":"https:\/\/aconteceunovale.com.br\/portal\/wp-content\/uploads\/2019\/04\/abraham_weintraub.jpg","type":"image\/jpeg"}],"author":"Aconteceu no Vale","twitter_card":"summary_large_image","twitter_creator":"@noticiadosvales","twitter_site":"@noticiadosvales","twitter_misc":{"Escrito por":"Aconteceu no Vale","Est. tempo de leitura":"1 minuto"},"schema":{"@context":"https:\/\/schema.org","@graph":[{"@type":"Article","@id":"https:\/\/aconteceunovale.com.br\/portal\/?p=147068#article","isPartOf":{"@id":"https:\/\/aconteceunovale.com.br\/portal\/?p=147068"},"author":{"name":"Aconteceu no Vale","@id":"https:\/\/aconteceunovale.com.br\/portal\/#\/schema\/person\/633529146f2c94272bef50ac2953d589"},"headline":"Bolsonaro exonera Ricardo V\u00e9lez e anuncia Abraham Weintraub como sucessor","datePublished":"2019-04-08T16:28:09+00:00","mainEntityOfPage":{"@id":"https:\/\/aconteceunovale.com.br\/portal\/?p=147068"},"wordCount":230,"commentCount":0,"image":{"@id":"https:\/\/aconteceunovale.com.br\/portal\/?p=147068#primaryimage"},"thumbnailUrl":"https:\/\/aconteceunovale.com.br\/portal\/wp-content\/uploads\/2019\/04\/abraham_weintraub.jpg","keywords":["Abraham Weintraub","Bolsonaro anuncia Abraham Weintraub como Ministro da Educa\u00e7\u00e3o","Bolsonaro anuncia Abraham Weintraub como sucessor","Bolsonaro anuncia Abraham Weintraub como sucessor no MEC","Bolsonaro exonera Ricardo V\u00e9lez","Bolsonaro exonera Ricardo V\u00e9lez e anuncia Abraham Weintraub como sucessor","exonera\u00e7\u00e3o do ministro da educa\u00e7\u00e3o","Jair Bolsonaro","mec","Minist\u00e9rio da Educa\u00e7\u00e3o","Minst\u00e9rio da Educa\u00e7\u00e3o","Professor Abraham Weintraub","Ricardo V\u00e9lez","Ricardo Velez Rodriguez"],"articleSection":["Brasil","Educa\u00e7\u00e3o"],"inLanguage":"pt-BR","potentialAction":[{"@type":"CommentAction","name":"Comment","target":["https:\/\/aconteceunovale.com.br\/portal\/?p=147068#respond"]}]},{"@type":"WebPage","@id":"https:\/\/aconteceunovale.com.br\/portal\/?p=147068","url":"https:\/\/aconteceunovale.com.br\/portal\/?p=147068","name":"Bolsonaro exonera Ricardo V\u00e9lez e anuncia Abraham Weintraub como sucessor - Aconteceu no Vale","isPartOf":{"@id":"https:\/\/aconteceunovale.com.br\/portal\/#website"},"primaryImageOfPage":{"@id":"https:\/\/aconteceunovale.com.br\/portal\/?p=147068#primaryimage"},"image":{"@id":"https:\/\/aconteceunovale.com.br\/portal\/?p=147068#primaryimage"},"thumbnailUrl":"https:\/\/aconteceunovale.com.br\/portal\/wp-content\/uploads\/2019\/04\/abraham_weintraub.jpg","datePublished":"2019-04-08T16:28:09+00:00","author":{"@id":"https:\/\/aconteceunovale.com.br\/portal\/#\/schema\/person\/633529146f2c94272bef50ac2953d589"},"breadcrumb":{"@id":"https:\/\/aconteceunovale.com.br\/portal\/?p=147068#breadcrumb"},"inLanguage":"pt-BR","potentialAction":[{"@type":"ReadAction","target":["https:\/\/aconteceunovale.com.br\/portal\/?p=147068"]}]},{"@type":"ImageObject","inLanguage":"pt-BR","@id":"https:\/\/aconteceunovale.com.br\/portal\/?p=147068#primaryimage","url":"https:\/\/aconteceunovale.com.br\/portal\/wp-content\/uploads\/2019\/04\/abraham_weintraub.jpg","contentUrl":"https:\/\/aconteceunovale.com.br\/portal\/wp-content\/uploads\/2019\/04\/abraham_weintraub.jpg","width":678,"height":437},{"@type":"BreadcrumbList","@id":"https:\/\/aconteceunovale.com.br\/portal\/?p=147068#breadcrumb","itemListElement":[{"@type":"ListItem","position":1,"name":"In\u00edcio","item":"https:\/\/aconteceunovale.com.br\/portal\/"},{"@type":"ListItem","position":2,"name":"Bolsonaro exonera Ricardo V\u00e9lez e anuncia Abraham Weintraub como sucessor"}]},{"@type":"WebSite","@id":"https:\/\/aconteceunovale.com.br\/portal\/#website","url":"https:\/\/aconteceunovale.com.br\/portal\/","name":"Aconteceu no Vale","description":"Portal de Not\u00edcias","potentialAction":[{"@type":"SearchAction","target":{"@type":"EntryPoint","urlTemplate":"https:\/\/aconteceunovale.com.br\/portal\/?s={search_term_string}"},"query-input":{"@type":"PropertyValueSpecification","valueRequired":true,"valueName":"search_term_string"}}],"inLanguage":"pt-BR"},{"@type":"Person","@id":"https:\/\/aconteceunovale.com.br\/portal\/#\/schema\/person\/633529146f2c94272bef50ac2953d589","name":"Aconteceu no Vale","description":"Equipe de reportagem do Aconteceu no Vale, portal de not\u00edcias do Vale do Jequitinhonha, em Minas Gerais. Cobrimos as 51 cidades do Vale desde 2013. Sugest\u00f5es de pauta e pedidos de corre\u00e7\u00e3o: contato@aconteceunovale.com.br","sameAs":["http:\/\/www.aconteceunovale.com.br"],"url":"https:\/\/aconteceunovale.com.br\/portal\/?author=1"}]}},"_links":{"self":[{"href":"https:\/\/aconteceunovale.com.br\/portal\/index.php?rest_route=\/wp\/v2\/posts\/147068","targetHints":{"allow":["GET"]}}],"collection":[{"href":"https:\/\/aconteceunovale.com.br\/portal\/index.php?rest_route=\/wp\/v2\/posts"}],"about":[{"href":"https:\/\/aconteceunovale.com.br\/portal\/index.php?rest_route=\/wp\/v2\/types\/post"}],"author":[{"embeddable":true,"href":"https:\/\/aconteceunovale.com.br\/portal\/index.php?rest_route=\/wp\/v2\/users\/1"}],"replies":[{"embeddable":true,"href":"https:\/\/aconteceunovale.com.br\/portal\/index.php?rest_route=%2Fwp%2Fv2%2Fcomments&post=147068"}],"version-history":[{"count":0,"href":"https:\/\/aconteceunovale.com.br\/portal\/index.php?rest_route=\/wp\/v2\/posts\/147068\/revisions"}],"wp:featuredmedia":[{"embeddable":true,"href":"https:\/\/aconteceunovale.com.br\/portal\/index.php?rest_route=\/wp\/v2\/media\/147069"}],"wp:attachment":[{"href":"https:\/\/aconteceunovale.com.br\/portal\/index.php?rest_route=%2Fwp%2Fv2%2Fmedia&parent=147068"}],"wp:term":[{"taxonomy":"category","embeddable":true,"href":"https:\/\/aconteceunovale.com.br\/portal\/index.php?rest_route=%2Fwp%2Fv2%2Fcategories&post=147068"},{"taxonomy":"post_tag","embeddable":true,"href":"https:\/\/aconteceunovale.com.br\/portal\/index.php?rest_route=%2Fwp%2Fv2%2Ftags&post=147068"}],"curies":[{"name":"wp","href":"https:\/\/api.w.org\/{rel}","templated":true}]}}