{"id":146836,"date":"2019-04-05T00:29:21","date_gmt":"2019-04-05T02:29:21","guid":{"rendered":"http:\/\/aconteceunovale.com.br\/portal\/?p=146836"},"modified":"2019-04-05T00:29:21","modified_gmt":"2019-04-05T02:29:21","slug":"homem-e-assassinado-em-mato-verde-no-norte-de-minas","status":"publish","type":"post","link":"https:\/\/aconteceunovale.com.br\/portal\/?p=146836","title":{"rendered":"Homem \u00e9 assassinado em Mato Verde, no Norte de Minas"},"content":{"rendered":"<p>Um homem de 30 anos morreu nesta quinta-feira (4) ap\u00f3s ser atingido por disparos de arma de fogo na \u00e1rea urbana de Mato Verde, no Norte de Minas. O crime ocorreu \u00e0s 12h20, no Bairro S\u00e3o Bento.<br \/>\n<center><br \/>\n<!-- Erro, o An\u00fancio n\u00e3o est\u00e1 dispon\u00edvel neste momento devido \u00e0s restri\u00e7\u00f5es de agendamento\/geolocaliza\u00e7\u00e3o! --><br \/>\n<\/br><br \/>\n<\/center><br \/>\nDe acordo com a Pol\u00edcia Militar, a guarni\u00e7\u00e3o recebeu uma den\u00fancia an\u00f4nima que um homem teria sido baleado na rua Jo\u00e3o Farias. Quando os militares chegaram ao local, as testemunhas relataram que duas pessoas passaram em uma motocicleta vermelha e efetuaram v\u00e1rios disparos contra a v\u00edtima, que foi atingida na regi\u00e3o do t\u00f3rax, no pulm\u00e3o e f\u00edgado. <\/p>\n<p>O Samu prestou os primeiros socorros ao homem, levando-o at\u00e9 o ambulat\u00f3rio da cidade. Ele seria transferido para Jana\u00faba, mas n\u00e3o resistiu. O corpo foi encaminhado para o Instituto M\u00e9dico Legal (IML).<\/p>\n<p>A v\u00edtima tinha passagem pela pol\u00edcia e cumpria pena em regime semiaberto, segundo os militares. O caso ser\u00e1 investigado.<\/p>\n<p><strong>VER PRIMEIRO<\/strong><\/p>\n<p>Receba as not\u00edcias do Aconteceu no Vale em primeira m\u00e3o. Clique em curtir no endere\u00e7o <a href=\"https:\/\/www.facebook.com\/aconteceunovale\" target=\"_blank\"><font color=\"red\">www.facebook.com\/aconteceunovale<\/font><\/a> ou no box abaixo:<\/p>\n<div class=\"fb-like\" data-href=\"https:\/\/www.facebook.com\/aconteceunovale\" data-width=\"120\" data-layout=\"standard\" data-action=\"like\" data-size=\"small\" data-show-faces=\"true\" data-share=\"true\"><\/div>\n<p><!-- Erro, o An\u00fancio n\u00e3o est\u00e1 dispon\u00edvel neste momento devido \u00e0s restri\u00e7\u00f5es de agendamento\/geolocaliza\u00e7\u00e3o! --><br \/>\n<\/br><\/p>\n<p><em>(Fonte: G1 Grande Minas)<\/em><\/p>\n","protected":false},"excerpt":{"rendered":"<p>Um homem de 30 anos morreu nesta quinta-feira (4) ap\u00f3s ser atingido por disparos de arma de fogo na \u00e1rea urbana de Mato Verde, no Norte de Minas. O crime ocorreu \u00e0s 12h20, no Bairro S\u00e3o Bento. De acordo com a Pol\u00edcia Militar, a guarni\u00e7\u00e3o recebeu uma den\u00fancia an\u00f4nima que um homem teria sido baleado [&hellip;]<\/p>\n","protected":false},"author":1,"featured_media":143726,"comment_status":"open","ping_status":"closed","sticky":false,"template":"","format":"standard","meta":{"amp_status":"","footnotes":""},"categories":[1236],"tags":[199436,199438,199439,199437,126578,1195,126577,33228],"class_list":["post-146836","post","type-post","status-publish","format-standard","has-post-thumbnail","hentry","category-norte_de_minas","tag-assassinado-em-mato-verde","tag-homem-e-assassinado-em-mato-verde","tag-homem-e-assassinado-em-mato-verde-no-norte-de-minas","tag-homem-morto-em-mato-verde","tag-homicidio-em-mato-verde","tag-mato-verde","tag-morto-em-mato-verde","tag-no-norte-de-minas"],"_links":{"self":[{"href":"https:\/\/aconteceunovale.com.br\/portal\/index.php?rest_route=\/wp\/v2\/posts\/146836","targetHints":{"allow":["GET"]}}],"collection":[{"href":"https:\/\/aconteceunovale.com.br\/portal\/index.php?rest_route=\/wp\/v2\/posts"}],"about":[{"href":"https:\/\/aconteceunovale.com.br\/portal\/index.php?rest_route=\/wp\/v2\/types\/post"}],"author":[{"embeddable":true,"href":"https:\/\/aconteceunovale.com.br\/portal\/index.php?rest_route=\/wp\/v2\/users\/1"}],"replies":[{"embeddable":true,"href":"https:\/\/aconteceunovale.com.br\/portal\/index.php?rest_route=%2Fwp%2Fv2%2Fcomments&post=146836"}],"version-history":[{"count":0,"href":"https:\/\/aconteceunovale.com.br\/portal\/index.php?rest_route=\/wp\/v2\/posts\/146836\/revisions"}],"wp:featuredmedia":[{"embeddable":true,"href":"https:\/\/aconteceunovale.com.br\/portal\/index.php?rest_route=\/wp\/v2\/media\/143726"}],"wp:attachment":[{"href":"https:\/\/aconteceunovale.com.br\/portal\/index.php?rest_route=%2Fwp%2Fv2%2Fmedia&parent=146836"}],"wp:term":[{"taxonomy":"category","embeddable":true,"href":"https:\/\/aconteceunovale.com.br\/portal\/index.php?rest_route=%2Fwp%2Fv2%2Fcategories&post=146836"},{"taxonomy":"post_tag","embeddable":true,"href":"https:\/\/aconteceunovale.com.br\/portal\/index.php?rest_route=%2Fwp%2Fv2%2Ftags&post=146836"}],"curies":[{"name":"wp","href":"https:\/\/api.w.org\/{rel}","templated":true}]}}