{"id":146834,"date":"2019-04-04T23:36:33","date_gmt":"2019-04-05T01:36:33","guid":{"rendered":"http:\/\/aconteceunovale.com.br\/portal\/?p=146834"},"modified":"2019-04-04T23:36:33","modified_gmt":"2019-04-05T01:36:33","slug":"avo-e-investigada-por-abusar-sexualmente-de-neto-em-bocaiuva-no-norte-de-minas","status":"publish","type":"post","link":"https:\/\/aconteceunovale.com.br\/portal\/?p=146834","title":{"rendered":"Av\u00f3 \u00e9 investigada por abusar sexualmente de neto em Bocaiuva, no Norte de Minas"},"content":{"rendered":"<p>Uma mulher de 61 anos, que foi presa por suspeita de abusar sexualmente do neto de seis anos, em Bocaiuva (MG), foi ouvida e liberada pela Pol\u00edcia Civil na tarde desta quinta-feira (04\/04\/2019). Ela foi detida ap\u00f3s a m\u00e3e da crian\u00e7a procurar a pol\u00edcia e relatar que o menino sofreu os abusos quando esteve na casa da av\u00f3. Um exame cl\u00ednico no hospital da cidade constatou que a crian\u00e7a estava com o v\u00edrus HPV, uma doen\u00e7a ven\u00e9rea e sexualmente transmiss\u00edvel.<br \/>\n<center><br \/>\n<!-- Erro, o An\u00fancio n\u00e3o est\u00e1 dispon\u00edvel neste momento devido \u00e0s restri\u00e7\u00f5es de agendamento\/geolocaliza\u00e7\u00e3o! --><br \/>\n<\/br><br \/>\n<\/center><br \/>\nSegundo a PC, a av\u00f3 suspeita dos abusos passou por exames cl\u00ednicos no Instituto M\u00e9dico Legal e no Hospital Universit\u00e1rio, em Montes Claros. O objetivo \u00e9 identificar se ela tamb\u00e9m tem o v\u00edrus HPV, o que, segundo a pol\u00edcia, a ligaria aos abusos sofridos pela crian\u00e7a. Ainda de acordo com a PC, a mulher foi solta at\u00e9 que o resultado desses exames seja conhecido, o que deve ocorrer nesta sexta-feira (5).<\/p>\n<p>&#8220;Em caso de resultado positivo, ela pode novamente ser presa. Se der negativo, iremos pedir o mesmo exame em outros familiares da crian\u00e7a. Outros tr\u00eas suspeitos s\u00e3o investigados&#8221;, informou o delegado Leonardo Diniz, que afirma ainda que a av\u00f3 da crian\u00e7a negou o crime em depoimento e a m\u00e3e do menino manteve a den\u00fancia. A crian\u00e7a tamb\u00e9m foi ouvida.<\/p>\n<p>Segundo o hospital da cidade, a crian\u00e7a iniciou o tratamento para controle do HPV.<\/p>\n<p><strong>Entenda o caso<\/strong><\/p>\n<p>A mulher de 61 anos foi presa ap\u00f3s a m\u00e3e da crian\u00e7a denunciar o caso. Ela levou o filho ao hospital da cidade, onde foi constatado que o menino estava com o v\u00edrus HPV. A genitora afirmou, segundo o boletim de ocorr\u00eancias da pol\u00edcia, que percebeu o surgimento de verrugas no p\u00eanis e \u00e2nus do filho. As verrugas cresceram e, por isso, ela levou o filho at\u00e9 a unidade m\u00e9dica. Foi durante os exames que surgiu a suspeita de que o menino fosse v\u00edtima de abuso sexual.<\/p>\n<p>No boletim consta ainda que a m\u00e3e conversou com o filho, que relatou que sua av\u00f3 paterna tocou em suas partes \u00edntimas quando ele esteve na casa dela, em uma fazenda na zona rural da cidade. A m\u00e3e afirmou ainda que h\u00e1 cerca de um ano percebeu que o filho demonstra mudan\u00e7as no comportamento, evitando que toquem em &#8220;sua regi\u00e3o \u00edntima&#8221;. A pol\u00edcia n\u00e3o informou desde quando os abusos ocorriam com a crian\u00e7a.<\/p>\n<p>O caso foi levado para a Pol\u00edcia Civil que localizou e prendeu a suspeita. Segundo a PC, se comprovada a den\u00fancia, a av\u00f3 do menino pode ser acusada por estupro e de transmitir doen\u00e7as sexualmente transmiss\u00edveis, crime que podem chegar a 19 anos de pris\u00e3o. O Conselho Tutelar da cidade tamb\u00e9m acompanha o caso.<\/p>\n<p><strong>VER PRIMEIRO<\/strong><\/p>\n<p>Receba as not\u00edcias do Aconteceu no Vale em primeira m\u00e3o. Clique em curtir no endere\u00e7o <a href=\"https:\/\/www.facebook.com\/aconteceunovale\" target=\"_blank\"><font color=\"red\">www.facebook.com\/aconteceunovale<\/font><\/a> ou no box abaixo:<\/p>\n<div class=\"fb-like\" data-href=\"https:\/\/www.facebook.com\/aconteceunovale\" data-width=\"120\" data-layout=\"standard\" data-action=\"like\" data-size=\"small\" data-show-faces=\"true\" data-share=\"true\"><\/div>\n<p><!-- Erro, o An\u00fancio n\u00e3o est\u00e1 dispon\u00edvel neste momento devido \u00e0s restri\u00e7\u00f5es de agendamento\/geolocaliza\u00e7\u00e3o! --><br \/>\n<\/br><\/p>\n<p><em>(Fonte: G1 Grande Minas)<\/em><\/p>\n","protected":false},"excerpt":{"rendered":"<p>Uma mulher de 61 anos, que foi presa por suspeita de abusar sexualmente do neto de seis anos, em Bocaiuva (MG), foi ouvida e liberada pela Pol\u00edcia Civil na tarde desta quinta-feira (04\/04\/2019). Ela foi detida ap\u00f3s a m\u00e3e da crian\u00e7a procurar a pol\u00edcia e relatar que o menino sofreu os abusos quando esteve na [&hellip;]<\/p>\n","protected":false},"author":1,"featured_media":57698,"comment_status":"open","ping_status":"closed","sticky":false,"template":"","format":"standard","meta":{"amp_status":"","footnotes":""},"categories":[1236],"tags":[199434,199435,199428,199429,199430,645,199432,1018,199433,199431,210,139673,33228],"class_list":["post-146834","post","type-post","status-publish","format-standard","has-post-thumbnail","hentry","category-norte_de_minas","tag-avo-e-investigada-por-abusar-sexualmente-de-neto-em-bocaiuva","tag-avo-e-investigada-por-abusar-sexualmente-de-neto-em-bocaiuva-no-norte-de-minas","tag-avo-e-suspeita-de-abusar-sexualmente-de-um-neto-de-6-anos-em-bocaiuva","tag-avo-e-suspeita-de-abusar-sexualmente-de-um-neto-de-6-anos-em-bocaiuva-no-norte-de-minas","tag-avo-presa-em-bocaiuva","tag-bocaiuva","tag-crianca-estuprada-em-bocaiuva","tag-destaque","tag-estupro-de-crianca-em-bocaiuva","tag-estupro-em-bocaiuva","tag-montes-claros","tag-mulher-presa-em-bocaiuva","tag-no-norte-de-minas"],"_links":{"self":[{"href":"https:\/\/aconteceunovale.com.br\/portal\/index.php?rest_route=\/wp\/v2\/posts\/146834","targetHints":{"allow":["GET"]}}],"collection":[{"href":"https:\/\/aconteceunovale.com.br\/portal\/index.php?rest_route=\/wp\/v2\/posts"}],"about":[{"href":"https:\/\/aconteceunovale.com.br\/portal\/index.php?rest_route=\/wp\/v2\/types\/post"}],"author":[{"embeddable":true,"href":"https:\/\/aconteceunovale.com.br\/portal\/index.php?rest_route=\/wp\/v2\/users\/1"}],"replies":[{"embeddable":true,"href":"https:\/\/aconteceunovale.com.br\/portal\/index.php?rest_route=%2Fwp%2Fv2%2Fcomments&post=146834"}],"version-history":[{"count":0,"href":"https:\/\/aconteceunovale.com.br\/portal\/index.php?rest_route=\/wp\/v2\/posts\/146834\/revisions"}],"wp:featuredmedia":[{"embeddable":true,"href":"https:\/\/aconteceunovale.com.br\/portal\/index.php?rest_route=\/wp\/v2\/media\/57698"}],"wp:attachment":[{"href":"https:\/\/aconteceunovale.com.br\/portal\/index.php?rest_route=%2Fwp%2Fv2%2Fmedia&parent=146834"}],"wp:term":[{"taxonomy":"category","embeddable":true,"href":"https:\/\/aconteceunovale.com.br\/portal\/index.php?rest_route=%2Fwp%2Fv2%2Fcategories&post=146834"},{"taxonomy":"post_tag","embeddable":true,"href":"https:\/\/aconteceunovale.com.br\/portal\/index.php?rest_route=%2Fwp%2Fv2%2Ftags&post=146834"}],"curies":[{"name":"wp","href":"https:\/\/api.w.org\/{rel}","templated":true}]}}