{"id":146830,"date":"2019-04-04T23:14:35","date_gmt":"2019-04-05T01:14:35","guid":{"rendered":"http:\/\/aconteceunovale.com.br\/portal\/?p=146830"},"modified":"2019-04-04T23:14:35","modified_gmt":"2019-04-05T01:14:35","slug":"governador-valadares-sera-palco-do-campeonato-brasileiro-e-internacional-de-parapente","status":"publish","type":"post","link":"https:\/\/aconteceunovale.com.br\/portal\/?p=146830","title":{"rendered":"Governador Valadares ser\u00e1 palco do Campeonato Brasileiro e Internacional de Parapente"},"content":{"rendered":"<p>Pilotos de parapente de v\u00e1rios pa\u00edses come\u00e7am a chegar \u00e0 Governador Valadares nesta semana para a 1\u00ba Etapa do Brasileiro e Internacional de Parapente, que ser\u00e1 realizada de 6 a 13 deste m\u00eas. A competi\u00e7\u00e3o \u00e9 um pr\u00e9-Paragliding World Cup (PWC), a Copa do Mundo de Parapente. Al\u00e9m de brasileiros, s\u00e3o aguardados pilotos do Chile, Israel, Costa Rica, Espanha, It\u00e1lia, Filipinas e Estados Unidos.  As decolagens ser\u00e3o feitas do Pico da Ibituruna, a 1.123 metros de altitude, sempre por volta do meio dia. Como a disputa vale pontos de classifica\u00e7\u00e3o para o PWC, \u00e9 a chance dos pilotos que desejam disputar o Mundial conquistarem uma das vagas para as cinco etapas que acontecem ao longo do mundo, anualmente.<br \/>\n<center><br \/>\n<!-- Erro, o An\u00fancio n\u00e3o est\u00e1 dispon\u00edvel neste momento devido \u00e0s restri\u00e7\u00f5es de agendamento\/geolocaliza\u00e7\u00e3o! --><br \/>\n<\/br><br \/>\n<\/center><br \/>\nQuem for ao Pico da Ibituruna durante os dias de competi\u00e7\u00e3o poder\u00e1 acompanhar de perto um espet\u00e1culo de cores e t\u00e9cnica e conhecer grandes nomes do esporte como piloto americano naturalizado brasileiro Richard Pethigal, o mineiro de Po\u00e7os de Caldas, Cristiano Ricci, o valadarense M\u00f3ka e o atual campe\u00e3o brasileiro, o carioca Rafael Saladini, que atravessa grande fase e \u00e9 um dos favoritos ao t\u00edtulo.<\/p>\n<p>A competi\u00e7\u00e3o \u00e9 realizada pela Associa\u00e7\u00e3o de Voo Livre Ibituruna, com apoio da Prefeitura, por meio da Secretaria de Cultura, Esporte, Lazer e Juventude (SMCEL) e supervis\u00e3o da Confedera\u00e7\u00e3o Brasileira de Voo Livre (CBVL). Ser\u00e3o distribu\u00eddos R$ 7 mil de premia\u00e7\u00e3o entre os melhores colocados, al\u00e9m de trof\u00e9us e medalhas. A entrega dos pr\u00eamios ser\u00e1 feita no Kioske Beliscos e Japa. O QG funcionar\u00e1 no Hotel Realminas.<\/p>\n<p><strong>Demais pilotos<\/strong><\/p>\n<p>Nos dias de provas oficiais, os pilotos n\u00e3o inscritos na competi\u00e7\u00e3o s\u00f3 poder\u00e3o decolar 30 minutos antes ou ap\u00f3s o fechamento da janela (decolar at\u00e9 \u00e0s 11h40 ou depois das 13h30). Os pilotos que desejarem se inscrever como birutas devem procurar o diretor da prova, no local. O n\u00famero ser\u00e1 limitado a 10 birutas por dia.<\/p>\n<p><img decoding=\"async\" src=\"http:\/\/aconteceunovale.com.br\/portal\/wp-content\/uploads\/2019\/04\/parapente_gv.jpg\" alt=\"\" \/><em>GV receber\u00e1 atletas de oito pa\u00edses \u2014 Foto: Leonardo Morais\/Prefeitura de Valadares<\/em><br \/>\n<\/br><\/p>\n<p><strong>VER PRIMEIRO<\/strong><\/p>\n<p>Receba as not\u00edcias do Aconteceu no Vale em primeira m\u00e3o. Clique em curtir no endere\u00e7o <a href=\"https:\/\/www.facebook.com\/aconteceunovale\" target=\"_blank\"><font color=\"red\">www.facebook.com\/aconteceunovale<\/font><\/a> ou no box abaixo:<\/p>\n<div class=\"fb-like\" data-href=\"https:\/\/www.facebook.com\/aconteceunovale\" data-width=\"120\" data-layout=\"standard\" data-action=\"like\" data-size=\"small\" data-show-faces=\"true\" data-share=\"true\"><\/div>\n<p><!-- Erro, o An\u00fancio n\u00e3o est\u00e1 dispon\u00edvel neste momento devido \u00e0s restri\u00e7\u00f5es de agendamento\/geolocaliza\u00e7\u00e3o! --><br \/>\n<\/br><\/p>\n<p><em>(Fonte: Prefeitura de Valadares)<\/em><\/p>\n","protected":false},"excerpt":{"rendered":"<p>Pilotos de parapente de v\u00e1rios pa\u00edses come\u00e7am a chegar \u00e0 Governador Valadares nesta semana para a 1\u00ba Etapa do Brasileiro e Internacional de Parapente, que ser\u00e1 realizada de 6 a 13 deste m\u00eas. A competi\u00e7\u00e3o \u00e9 um pr\u00e9-Paragliding World Cup (PWC), a Copa do Mundo de Parapente. Al\u00e9m de brasileiros, s\u00e3o aguardados pilotos do Chile, [&hellip;]<\/p>\n","protected":false},"author":1,"featured_media":146831,"comment_status":"open","ping_status":"closed","sticky":false,"template":"","format":"standard","meta":{"amp_status":"","footnotes":""},"categories":[59,125,121],"tags":[199424,199425,1018,247,199427,35728,93448,2487,199426,199423,199422],"class_list":["post-146830","post","type-post","status-publish","format-standard","has-post-thumbnail","hentry","category-sports","category-noticias","category-leste","tag-campeonato-brasileiro-e-internacional-de-parapente","tag-campeonato-brasileiro-e-internacional-de-parapente-em-governador-valadares","tag-destaque","tag-governador-valadares","tag-governador-valadares-sera-palco-do-campeonato-brasileiro-e-internacional-de-parapente","tag-moises-sodre","tag-moka","tag-pico-da-ibituruna","tag-pico-da-ibituruna-recebera-atletas-oito-paises","tag-voo-livre-governador-valadares","tag-voo-livre-pico-da-ibituruna"],"_links":{"self":[{"href":"https:\/\/aconteceunovale.com.br\/portal\/index.php?rest_route=\/wp\/v2\/posts\/146830","targetHints":{"allow":["GET"]}}],"collection":[{"href":"https:\/\/aconteceunovale.com.br\/portal\/index.php?rest_route=\/wp\/v2\/posts"}],"about":[{"href":"https:\/\/aconteceunovale.com.br\/portal\/index.php?rest_route=\/wp\/v2\/types\/post"}],"author":[{"embeddable":true,"href":"https:\/\/aconteceunovale.com.br\/portal\/index.php?rest_route=\/wp\/v2\/users\/1"}],"replies":[{"embeddable":true,"href":"https:\/\/aconteceunovale.com.br\/portal\/index.php?rest_route=%2Fwp%2Fv2%2Fcomments&post=146830"}],"version-history":[{"count":0,"href":"https:\/\/aconteceunovale.com.br\/portal\/index.php?rest_route=\/wp\/v2\/posts\/146830\/revisions"}],"wp:featuredmedia":[{"embeddable":true,"href":"https:\/\/aconteceunovale.com.br\/portal\/index.php?rest_route=\/wp\/v2\/media\/146831"}],"wp:attachment":[{"href":"https:\/\/aconteceunovale.com.br\/portal\/index.php?rest_route=%2Fwp%2Fv2%2Fmedia&parent=146830"}],"wp:term":[{"taxonomy":"category","embeddable":true,"href":"https:\/\/aconteceunovale.com.br\/portal\/index.php?rest_route=%2Fwp%2Fv2%2Fcategories&post=146830"},{"taxonomy":"post_tag","embeddable":true,"href":"https:\/\/aconteceunovale.com.br\/portal\/index.php?rest_route=%2Fwp%2Fv2%2Ftags&post=146830"}],"curies":[{"name":"wp","href":"https:\/\/api.w.org\/{rel}","templated":true}]}}