{"id":146823,"date":"2019-04-04T21:27:31","date_gmt":"2019-04-04T23:27:31","guid":{"rendered":"http:\/\/aconteceunovale.com.br\/portal\/?p=146823"},"modified":"2019-04-04T23:16:52","modified_gmt":"2019-04-05T01:16:52","slug":"arma-dinheiro-e-drogas-sao-apreendidos-em-governador-valadares-apos-denuncias-anonimas","status":"publish","type":"post","link":"https:\/\/aconteceunovale.com.br\/portal\/?p=146823","title":{"rendered":"Arma, dinheiro e drogas s\u00e3o apreendidos em Governador Valadares ap\u00f3s den\u00fancias an\u00f4nimas"},"content":{"rendered":"<p>Duas pessoas, de 15 e 20 anos, foram detidas com drogas, arma e dinheiro na noite dessa quarta-feira (03\/04\/2019) no residencial Figueira, em Governador Valadares, no Vale do Rio Doce. Segundo informa\u00e7\u00f5es da Pol\u00edcia Militar (PM), den\u00fancias an\u00f4nimas indicaram a ocorr\u00eancia de tr\u00e1fico no bairro e, com as informa\u00e7\u00f5es, militares realizaram levantamentos e visualizaram os suspeitos em frente a uma casa. Um deles estava armado.<br \/>\n<center><br \/>\n<!-- Erro, o An\u00fancio n\u00e3o est\u00e1 dispon\u00edvel neste momento devido \u00e0s restri\u00e7\u00f5es de agendamento\/geolocaliza\u00e7\u00e3o! --><br \/>\n<\/br><br \/>\n<\/center><br \/>\nCom a aproxima\u00e7\u00e3o dos policiais, os suspeitos tentaram fugir, mas foram surpreendidos pela Pol\u00edcia. Eles tentaram ent\u00e3o subir no telhado da casa, mas se entregaram ap\u00f3s conversa com os militares. <\/p>\n<p>Foram apreendidas sete buchas de maconha, uma arma calibre .12 municiada, oito pedras de crack, balan\u00e7a de precis\u00e3o e R$ 1680 em dinheiro.<\/p>\n<p>A PM apreendeu ainda duas c\u00e2meras de seguran\u00e7a, que eram utilizadas para monitorar a movimenta\u00e7\u00e3o policial no local. O rapaz de 20 anos e o adolescente foram levados para Delegacia de Pol\u00edcia Civil de Governador Valadares, juntamente com os materiais apreendidos.<\/p>\n<p><img decoding=\"async\" src=\"http:\/\/aconteceunovale.com.br\/portal\/wp-content\/uploads\/2019\/04\/trafico_gv.jpg\" alt=\"\" \/><em>Foto: Divulga\u00e7\u00e3o\/PM<\/em><br \/>\n<\/br><\/p>\n<p><em>Leandro Silva | Aconteceu no Vale<br \/>\nPublicado em: 04\/04\/2019, \u00e0s 20h27<\/em><\/p>\n<p><strong>VER PRIMEIRO<\/strong><\/p>\n<p>Receba as not\u00edcias do Aconteceu no Vale em primeira m\u00e3o. Clique em curtir no endere\u00e7o <a href=\"https:\/\/www.facebook.com\/aconteceunovale\" target=\"_blank\"><font color=\"red\">www.facebook.com\/aconteceunovale<\/font><\/a> ou no box abaixo:<\/p>\n<div class=\"fb-like\" data-href=\"https:\/\/www.facebook.com\/aconteceunovale\" data-width=\"120\" data-layout=\"standard\" data-action=\"like\" data-size=\"small\" data-show-faces=\"true\" data-share=\"true\"><\/div>\n<p><!-- Erro, o An\u00fancio n\u00e3o est\u00e1 dispon\u00edvel neste momento devido \u00e0s restri\u00e7\u00f5es de agendamento\/geolocaliza\u00e7\u00e3o! --><br \/>\n<\/br><\/p>\n","protected":false},"excerpt":{"rendered":"<p>Duas pessoas, de 15 e 20 anos, foram detidas com drogas, arma e dinheiro na noite dessa quarta-feira (03\/04\/2019) no residencial Figueira, em Governador Valadares, no Vale do Rio Doce. Segundo informa\u00e7\u00f5es da Pol\u00edcia Militar (PM), den\u00fancias an\u00f4nimas indicaram a ocorr\u00eancia de tr\u00e1fico no bairro e, com as informa\u00e7\u00f5es, militares realizaram levantamentos e visualizaram os [&hellip;]<\/p>\n","protected":false},"author":1,"featured_media":146824,"comment_status":"open","ping_status":"closed","sticky":false,"template":"","format":"standard","meta":{"amp_status":"","footnotes":""},"categories":[121],"tags":[199413,199414,247,162101,46661,99694],"class_list":["post-146823","post","type-post","status-publish","format-standard","has-post-thumbnail","hentry","category-leste","tag-arma-dinheiro-e-drogas-sao-apreendidos-apos-denuncias-anonimas-em-governador-valadares","tag-arma-dinheiro-e-drogas-sao-apreendidos-em-governador-valadares-apos-denuncias-anonimas","tag-governador-valadares","tag-presos-com-drogas-em-governador-valadares","tag-trafico-de-drogas-em-governador-valadares","tag-trafico-governador-valadares"],"_links":{"self":[{"href":"https:\/\/aconteceunovale.com.br\/portal\/index.php?rest_route=\/wp\/v2\/posts\/146823","targetHints":{"allow":["GET"]}}],"collection":[{"href":"https:\/\/aconteceunovale.com.br\/portal\/index.php?rest_route=\/wp\/v2\/posts"}],"about":[{"href":"https:\/\/aconteceunovale.com.br\/portal\/index.php?rest_route=\/wp\/v2\/types\/post"}],"author":[{"embeddable":true,"href":"https:\/\/aconteceunovale.com.br\/portal\/index.php?rest_route=\/wp\/v2\/users\/1"}],"replies":[{"embeddable":true,"href":"https:\/\/aconteceunovale.com.br\/portal\/index.php?rest_route=%2Fwp%2Fv2%2Fcomments&post=146823"}],"version-history":[{"count":0,"href":"https:\/\/aconteceunovale.com.br\/portal\/index.php?rest_route=\/wp\/v2\/posts\/146823\/revisions"}],"wp:featuredmedia":[{"embeddable":true,"href":"https:\/\/aconteceunovale.com.br\/portal\/index.php?rest_route=\/wp\/v2\/media\/146824"}],"wp:attachment":[{"href":"https:\/\/aconteceunovale.com.br\/portal\/index.php?rest_route=%2Fwp%2Fv2%2Fmedia&parent=146823"}],"wp:term":[{"taxonomy":"category","embeddable":true,"href":"https:\/\/aconteceunovale.com.br\/portal\/index.php?rest_route=%2Fwp%2Fv2%2Fcategories&post=146823"},{"taxonomy":"post_tag","embeddable":true,"href":"https:\/\/aconteceunovale.com.br\/portal\/index.php?rest_route=%2Fwp%2Fv2%2Ftags&post=146823"}],"curies":[{"name":"wp","href":"https:\/\/api.w.org\/{rel}","templated":true}]}}