{"id":146240,"date":"2019-03-26T22:06:39","date_gmt":"2019-03-27T00:06:39","guid":{"rendered":"http:\/\/aconteceunovale.com.br\/portal\/?p=146240"},"modified":"2019-03-26T22:06:39","modified_gmt":"2019-03-27T00:06:39","slug":"pai-e-filho-sao-atropelados-por-onibus-em-montes-claros","status":"publish","type":"post","link":"https:\/\/aconteceunovale.com.br\/portal\/?p=146240","title":{"rendered":"Pai e filho s\u00e3o atropelados por \u00f4nibus em Montes Claros"},"content":{"rendered":"<p>Pai e filho, de 40 e 13 anos, foram atropelados por um \u00f4nibus do transporte coletivo urbano em Montes Claros, no Norte de Minas, na noite desta ter\u00e7a-feira (26\/03\/2019). Segundo informa\u00e7\u00f5es da Pol\u00edcia Militar (PM), as v\u00edtimas tentavam atravessar uma avenida para chegar at\u00e9 o canteiro central da pista, quando foram atingidos pelo ve\u00edculo, que fazia uma convers\u00e3o no local.<br \/>\n<center><br \/>\n<!-- Erro, o An\u00fancio n\u00e3o est\u00e1 dispon\u00edvel neste momento devido \u00e0s restri\u00e7\u00f5es de agendamento\/geolocaliza\u00e7\u00e3o! --><br \/>\n<\/br><br \/>\n<\/center><br \/>\nAinda de acordo com a PM, o \u00f4nibus vinha da Avenida Francisco Gaetani, no Bairro Major Prates, e entrou na Avenida Pedro Augusto Veloso, que d\u00e1 acesso ao Parque Municipal. As v\u00edtimas foram atingidas, possivelmente, por uma desaten\u00e7\u00e3o na hora de atravessarem no local. O condutor do ve\u00edculo esperou a chegada da pol\u00edcia no local.<\/p>\n<p>As duas v\u00edtimas foram socorridas est\u00e1veis pelo Samu e encaminhadas ao Hospital Universit\u00e1rio. O adolescente teve escoria\u00e7\u00f5es no bra\u00e7o e no p\u00e9 direito. O pai dele teve uma les\u00e3o extensa na perna direita ap\u00f3s ser arremessado ao ch\u00e3o e arrastado pelo \u00f4nibus.<\/p>\n<p>Uma equipe da Per\u00edcia T\u00e9cnica da Pol\u00edcia Civil compareceu ao local para apurar as causas do acidente.<\/p>\n<p><img decoding=\"async\" src=\"http:\/\/aconteceunovale.com.br\/portal\/wp-content\/uploads\/2019\/03\/atropelados_moc.jpg\" alt=\"\" \/><em>Foto: Reprodu\u00e7\u00e3o\/Inter TV<\/em><br \/>\n<\/br><\/p>\n<p><strong>VER PRIMEIRO<\/strong><\/p>\n<p>Receba as not\u00edcias do Aconteceu no Vale em primeira m\u00e3o. Clique em curtir no endere\u00e7o <a href=\"https:\/\/www.facebook.com\/aconteceunovale\" target=\"_blank\"><font color=\"red\">www.facebook.com\/aconteceunovale<\/font><\/a> ou no box abaixo:<\/p>\n<div class=\"fb-like\" data-href=\"https:\/\/www.facebook.com\/aconteceunovale\" data-width=\"120\" data-layout=\"standard\" data-action=\"like\" data-size=\"small\" data-show-faces=\"true\" data-share=\"true\"><\/div>\n<p><!-- Erro, o An\u00fancio n\u00e3o est\u00e1 dispon\u00edvel neste momento devido \u00e0s restri\u00e7\u00f5es de agendamento\/geolocaliza\u00e7\u00e3o! --><br \/>\n<\/br><\/p>\n<p><em>(Fonte: G1 Grande Minas)<\/em><\/p>\n","protected":false},"excerpt":{"rendered":"<p>Pai e filho, de 40 e 13 anos, foram atropelados por um \u00f4nibus do transporte coletivo urbano em Montes Claros, no Norte de Minas, na noite desta ter\u00e7a-feira (26\/03\/2019). Segundo informa\u00e7\u00f5es da Pol\u00edcia Militar (PM), as v\u00edtimas tentavam atravessar uma avenida para chegar at\u00e9 o canteiro central da pista, quando foram atingidos pelo ve\u00edculo, que [&hellip;]<\/p>\n","protected":false},"author":1,"featured_media":146241,"comment_status":"open","ping_status":"closed","sticky":false,"template":"","format":"standard","meta":{"amp_status":"","footnotes":""},"categories":[1236],"tags":[198529,85262,198527,198528,210,198531,198530],"class_list":["post-146240","post","type-post","status-publish","format-standard","has-post-thumbnail","hentry","category-norte_de_minas","tag-acidente-com-onibus-emmontes-claros","tag-acidente-de-transito-em-montes-claros","tag-atropelados-em-montes-claros","tag-atropelados-por-onibus-em-montes-claros","tag-montes-claros","tag-pai-e-filho-sao-atropelados-por-onibus-em-montes-claros","tag-pedestres-atropelados-em-montes-claros"],"yoast_head":"<!-- This site is optimized with the Yoast SEO plugin v28.3 - https:\/\/yoast.com\/product\/yoast-seo-wordpress\/ -->\n<title>Pai e filho s\u00e3o atropelados por \u00f4nibus em Montes Claros - Aconteceu no Vale<\/title>\n<meta name=\"robots\" content=\"index, follow, max-snippet:-1, max-image-preview:large, max-video-preview:-1\" \/>\n<link rel=\"canonical\" href=\"https:\/\/aconteceunovale.com.br\/portal\/?p=146240\" \/>\n<meta property=\"og:locale\" content=\"pt_BR\" \/>\n<meta property=\"og:type\" content=\"article\" \/>\n<meta property=\"og:title\" content=\"Pai e filho s\u00e3o atropelados por \u00f4nibus em Montes Claros - Aconteceu no Vale\" \/>\n<meta property=\"og:description\" content=\"Pai e filho, de 40 e 13 anos, foram atropelados por um \u00f4nibus do transporte coletivo urbano em Montes Claros, no Norte de Minas, na noite desta ter\u00e7a-feira (26\/03\/2019). Segundo informa\u00e7\u00f5es da Pol\u00edcia Militar (PM), as v\u00edtimas tentavam atravessar uma avenida para chegar at\u00e9 o canteiro central da pista, quando foram atingidos pelo ve\u00edculo, que [&hellip;]\" \/>\n<meta property=\"og:url\" content=\"https:\/\/aconteceunovale.com.br\/portal\/?p=146240\" \/>\n<meta property=\"og:site_name\" content=\"Aconteceu no Vale\" \/>\n<meta property=\"article:publisher\" content=\"https:\/\/www.facebook.com\/aconteceunovale\/\" \/>\n<meta property=\"article:published_time\" content=\"2019-03-27T00:06:39+00:00\" \/>\n<meta property=\"og:image\" content=\"https:\/\/aconteceunovale.com.br\/portal\/wp-content\/uploads\/2019\/03\/atropelados_moc.jpg\" \/>\n\t<meta property=\"og:image:width\" content=\"678\" \/>\n\t<meta property=\"og:image:height\" content=\"423\" \/>\n\t<meta property=\"og:image:type\" content=\"image\/jpeg\" \/>\n<meta name=\"author\" content=\"Aconteceu no Vale\" \/>\n<meta name=\"twitter:card\" content=\"summary_large_image\" \/>\n<meta name=\"twitter:creator\" content=\"@noticiadosvales\" \/>\n<meta name=\"twitter:site\" content=\"@noticiadosvales\" \/>\n<meta name=\"twitter:label1\" content=\"Escrito por\" \/>\n\t<meta name=\"twitter:data1\" content=\"Aconteceu no Vale\" \/>\n\t<meta name=\"twitter:label2\" content=\"Est. tempo de leitura\" \/>\n\t<meta name=\"twitter:data2\" content=\"1 minuto\" \/>\n<script type=\"application\/ld+json\" class=\"yoast-schema-graph\">{\"@context\":\"https:\\\/\\\/schema.org\",\"@graph\":[{\"@type\":\"Article\",\"@id\":\"https:\\\/\\\/aconteceunovale.com.br\\\/portal\\\/?p=146240#article\",\"isPartOf\":{\"@id\":\"https:\\\/\\\/aconteceunovale.com.br\\\/portal\\\/?p=146240\"},\"author\":{\"name\":\"Aconteceu no Vale\",\"@id\":\"https:\\\/\\\/aconteceunovale.com.br\\\/portal\\\/#\\\/schema\\\/person\\\/633529146f2c94272bef50ac2953d589\"},\"headline\":\"Pai e filho s\u00e3o atropelados por \u00f4nibus em Montes Claros\",\"datePublished\":\"2019-03-27T00:06:39+00:00\",\"mainEntityOfPage\":{\"@id\":\"https:\\\/\\\/aconteceunovale.com.br\\\/portal\\\/?p=146240\"},\"wordCount\":244,\"commentCount\":1,\"image\":{\"@id\":\"https:\\\/\\\/aconteceunovale.com.br\\\/portal\\\/?p=146240#primaryimage\"},\"thumbnailUrl\":\"https:\\\/\\\/aconteceunovale.com.br\\\/portal\\\/wp-content\\\/uploads\\\/2019\\\/03\\\/atropelados_moc.jpg\",\"keywords\":[\"Acidente com \u00f4nibus emMontes Claros\",\"acidente de tr\u00e2nsito em Montes Claros\",\"Atropelados em Montes Claros\",\"Atropelados por \u00f4nibus em Montes Claros\",\"Montes Claros\",\"Pai e filho s\u00e3o atropelados por \u00f4nibus em Montes Claros\",\"Pedestres atropelados em Montes Claros\"],\"articleSection\":[\"Norte de Minas\"],\"inLanguage\":\"pt-BR\",\"potentialAction\":[{\"@type\":\"CommentAction\",\"name\":\"Comment\",\"target\":[\"https:\\\/\\\/aconteceunovale.com.br\\\/portal\\\/?p=146240#respond\"]}]},{\"@type\":\"WebPage\",\"@id\":\"https:\\\/\\\/aconteceunovale.com.br\\\/portal\\\/?p=146240\",\"url\":\"https:\\\/\\\/aconteceunovale.com.br\\\/portal\\\/?p=146240\",\"name\":\"Pai e filho s\u00e3o atropelados por \u00f4nibus em Montes Claros - Aconteceu no Vale\",\"isPartOf\":{\"@id\":\"https:\\\/\\\/aconteceunovale.com.br\\\/portal\\\/#website\"},\"primaryImageOfPage\":{\"@id\":\"https:\\\/\\\/aconteceunovale.com.br\\\/portal\\\/?p=146240#primaryimage\"},\"image\":{\"@id\":\"https:\\\/\\\/aconteceunovale.com.br\\\/portal\\\/?p=146240#primaryimage\"},\"thumbnailUrl\":\"https:\\\/\\\/aconteceunovale.com.br\\\/portal\\\/wp-content\\\/uploads\\\/2019\\\/03\\\/atropelados_moc.jpg\",\"datePublished\":\"2019-03-27T00:06:39+00:00\",\"author\":{\"@id\":\"https:\\\/\\\/aconteceunovale.com.br\\\/portal\\\/#\\\/schema\\\/person\\\/633529146f2c94272bef50ac2953d589\"},\"breadcrumb\":{\"@id\":\"https:\\\/\\\/aconteceunovale.com.br\\\/portal\\\/?p=146240#breadcrumb\"},\"inLanguage\":\"pt-BR\",\"potentialAction\":[{\"@type\":\"ReadAction\",\"target\":[\"https:\\\/\\\/aconteceunovale.com.br\\\/portal\\\/?p=146240\"]}]},{\"@type\":\"ImageObject\",\"inLanguage\":\"pt-BR\",\"@id\":\"https:\\\/\\\/aconteceunovale.com.br\\\/portal\\\/?p=146240#primaryimage\",\"url\":\"https:\\\/\\\/aconteceunovale.com.br\\\/portal\\\/wp-content\\\/uploads\\\/2019\\\/03\\\/atropelados_moc.jpg\",\"contentUrl\":\"https:\\\/\\\/aconteceunovale.com.br\\\/portal\\\/wp-content\\\/uploads\\\/2019\\\/03\\\/atropelados_moc.jpg\",\"width\":678,\"height\":423},{\"@type\":\"BreadcrumbList\",\"@id\":\"https:\\\/\\\/aconteceunovale.com.br\\\/portal\\\/?p=146240#breadcrumb\",\"itemListElement\":[{\"@type\":\"ListItem\",\"position\":1,\"name\":\"In\u00edcio\",\"item\":\"https:\\\/\\\/aconteceunovale.com.br\\\/portal\\\/\"},{\"@type\":\"ListItem\",\"position\":2,\"name\":\"Pai e filho s\u00e3o atropelados por \u00f4nibus em Montes Claros\"}]},{\"@type\":\"WebSite\",\"@id\":\"https:\\\/\\\/aconteceunovale.com.br\\\/portal\\\/#website\",\"url\":\"https:\\\/\\\/aconteceunovale.com.br\\\/portal\\\/\",\"name\":\"Aconteceu no Vale\",\"description\":\"Portal de Not\u00edcias\",\"potentialAction\":[{\"@type\":\"SearchAction\",\"target\":{\"@type\":\"EntryPoint\",\"urlTemplate\":\"https:\\\/\\\/aconteceunovale.com.br\\\/portal\\\/?s={search_term_string}\"},\"query-input\":{\"@type\":\"PropertyValueSpecification\",\"valueRequired\":true,\"valueName\":\"search_term_string\"}}],\"inLanguage\":\"pt-BR\"},{\"@type\":\"Person\",\"@id\":\"https:\\\/\\\/aconteceunovale.com.br\\\/portal\\\/#\\\/schema\\\/person\\\/633529146f2c94272bef50ac2953d589\",\"name\":\"Aconteceu no Vale\",\"description\":\"Equipe de reportagem do Aconteceu no Vale, portal de not\u00edcias do Vale do Jequitinhonha, em Minas Gerais. Cobrimos as 51 cidades do Vale desde 2013. Sugest\u00f5es de pauta e pedidos de corre\u00e7\u00e3o: contato@aconteceunovale.com.br\",\"sameAs\":[\"http:\\\/\\\/www.aconteceunovale.com.br\"],\"url\":\"https:\\\/\\\/aconteceunovale.com.br\\\/portal\\\/?author=1\"}]}<\/script>\n<!-- \/ Yoast SEO plugin. -->","yoast_head_json":{"title":"Pai e filho s\u00e3o atropelados por \u00f4nibus em Montes Claros - Aconteceu no Vale","robots":{"index":"index","follow":"follow","max-snippet":"max-snippet:-1","max-image-preview":"max-image-preview:large","max-video-preview":"max-video-preview:-1"},"canonical":"https:\/\/aconteceunovale.com.br\/portal\/?p=146240","og_locale":"pt_BR","og_type":"article","og_title":"Pai e filho s\u00e3o atropelados por \u00f4nibus em Montes Claros - Aconteceu no Vale","og_description":"Pai e filho, de 40 e 13 anos, foram atropelados por um \u00f4nibus do transporte coletivo urbano em Montes Claros, no Norte de Minas, na noite desta ter\u00e7a-feira (26\/03\/2019). Segundo informa\u00e7\u00f5es da Pol\u00edcia Militar (PM), as v\u00edtimas tentavam atravessar uma avenida para chegar at\u00e9 o canteiro central da pista, quando foram atingidos pelo ve\u00edculo, que [&hellip;]","og_url":"https:\/\/aconteceunovale.com.br\/portal\/?p=146240","og_site_name":"Aconteceu no Vale","article_publisher":"https:\/\/www.facebook.com\/aconteceunovale\/","article_published_time":"2019-03-27T00:06:39+00:00","og_image":[{"width":678,"height":423,"url":"https:\/\/aconteceunovale.com.br\/portal\/wp-content\/uploads\/2019\/03\/atropelados_moc.jpg","type":"image\/jpeg"}],"author":"Aconteceu no Vale","twitter_card":"summary_large_image","twitter_creator":"@noticiadosvales","twitter_site":"@noticiadosvales","twitter_misc":{"Escrito por":"Aconteceu no Vale","Est. tempo de leitura":"1 minuto"},"schema":{"@context":"https:\/\/schema.org","@graph":[{"@type":"Article","@id":"https:\/\/aconteceunovale.com.br\/portal\/?p=146240#article","isPartOf":{"@id":"https:\/\/aconteceunovale.com.br\/portal\/?p=146240"},"author":{"name":"Aconteceu no Vale","@id":"https:\/\/aconteceunovale.com.br\/portal\/#\/schema\/person\/633529146f2c94272bef50ac2953d589"},"headline":"Pai e filho s\u00e3o atropelados por \u00f4nibus em Montes Claros","datePublished":"2019-03-27T00:06:39+00:00","mainEntityOfPage":{"@id":"https:\/\/aconteceunovale.com.br\/portal\/?p=146240"},"wordCount":244,"commentCount":1,"image":{"@id":"https:\/\/aconteceunovale.com.br\/portal\/?p=146240#primaryimage"},"thumbnailUrl":"https:\/\/aconteceunovale.com.br\/portal\/wp-content\/uploads\/2019\/03\/atropelados_moc.jpg","keywords":["Acidente com \u00f4nibus emMontes Claros","acidente de tr\u00e2nsito em Montes Claros","Atropelados em Montes Claros","Atropelados por \u00f4nibus em Montes Claros","Montes Claros","Pai e filho s\u00e3o atropelados por \u00f4nibus em Montes Claros","Pedestres atropelados em Montes Claros"],"articleSection":["Norte de Minas"],"inLanguage":"pt-BR","potentialAction":[{"@type":"CommentAction","name":"Comment","target":["https:\/\/aconteceunovale.com.br\/portal\/?p=146240#respond"]}]},{"@type":"WebPage","@id":"https:\/\/aconteceunovale.com.br\/portal\/?p=146240","url":"https:\/\/aconteceunovale.com.br\/portal\/?p=146240","name":"Pai e filho s\u00e3o atropelados por \u00f4nibus em Montes Claros - Aconteceu no Vale","isPartOf":{"@id":"https:\/\/aconteceunovale.com.br\/portal\/#website"},"primaryImageOfPage":{"@id":"https:\/\/aconteceunovale.com.br\/portal\/?p=146240#primaryimage"},"image":{"@id":"https:\/\/aconteceunovale.com.br\/portal\/?p=146240#primaryimage"},"thumbnailUrl":"https:\/\/aconteceunovale.com.br\/portal\/wp-content\/uploads\/2019\/03\/atropelados_moc.jpg","datePublished":"2019-03-27T00:06:39+00:00","author":{"@id":"https:\/\/aconteceunovale.com.br\/portal\/#\/schema\/person\/633529146f2c94272bef50ac2953d589"},"breadcrumb":{"@id":"https:\/\/aconteceunovale.com.br\/portal\/?p=146240#breadcrumb"},"inLanguage":"pt-BR","potentialAction":[{"@type":"ReadAction","target":["https:\/\/aconteceunovale.com.br\/portal\/?p=146240"]}]},{"@type":"ImageObject","inLanguage":"pt-BR","@id":"https:\/\/aconteceunovale.com.br\/portal\/?p=146240#primaryimage","url":"https:\/\/aconteceunovale.com.br\/portal\/wp-content\/uploads\/2019\/03\/atropelados_moc.jpg","contentUrl":"https:\/\/aconteceunovale.com.br\/portal\/wp-content\/uploads\/2019\/03\/atropelados_moc.jpg","width":678,"height":423},{"@type":"BreadcrumbList","@id":"https:\/\/aconteceunovale.com.br\/portal\/?p=146240#breadcrumb","itemListElement":[{"@type":"ListItem","position":1,"name":"In\u00edcio","item":"https:\/\/aconteceunovale.com.br\/portal\/"},{"@type":"ListItem","position":2,"name":"Pai e filho s\u00e3o atropelados por \u00f4nibus em Montes Claros"}]},{"@type":"WebSite","@id":"https:\/\/aconteceunovale.com.br\/portal\/#website","url":"https:\/\/aconteceunovale.com.br\/portal\/","name":"Aconteceu no Vale","description":"Portal de Not\u00edcias","potentialAction":[{"@type":"SearchAction","target":{"@type":"EntryPoint","urlTemplate":"https:\/\/aconteceunovale.com.br\/portal\/?s={search_term_string}"},"query-input":{"@type":"PropertyValueSpecification","valueRequired":true,"valueName":"search_term_string"}}],"inLanguage":"pt-BR"},{"@type":"Person","@id":"https:\/\/aconteceunovale.com.br\/portal\/#\/schema\/person\/633529146f2c94272bef50ac2953d589","name":"Aconteceu no Vale","description":"Equipe de reportagem do Aconteceu no Vale, portal de not\u00edcias do Vale do Jequitinhonha, em Minas Gerais. Cobrimos as 51 cidades do Vale desde 2013. Sugest\u00f5es de pauta e pedidos de corre\u00e7\u00e3o: contato@aconteceunovale.com.br","sameAs":["http:\/\/www.aconteceunovale.com.br"],"url":"https:\/\/aconteceunovale.com.br\/portal\/?author=1"}]}},"_links":{"self":[{"href":"https:\/\/aconteceunovale.com.br\/portal\/index.php?rest_route=\/wp\/v2\/posts\/146240","targetHints":{"allow":["GET"]}}],"collection":[{"href":"https:\/\/aconteceunovale.com.br\/portal\/index.php?rest_route=\/wp\/v2\/posts"}],"about":[{"href":"https:\/\/aconteceunovale.com.br\/portal\/index.php?rest_route=\/wp\/v2\/types\/post"}],"author":[{"embeddable":true,"href":"https:\/\/aconteceunovale.com.br\/portal\/index.php?rest_route=\/wp\/v2\/users\/1"}],"replies":[{"embeddable":true,"href":"https:\/\/aconteceunovale.com.br\/portal\/index.php?rest_route=%2Fwp%2Fv2%2Fcomments&post=146240"}],"version-history":[{"count":0,"href":"https:\/\/aconteceunovale.com.br\/portal\/index.php?rest_route=\/wp\/v2\/posts\/146240\/revisions"}],"wp:featuredmedia":[{"embeddable":true,"href":"https:\/\/aconteceunovale.com.br\/portal\/index.php?rest_route=\/wp\/v2\/media\/146241"}],"wp:attachment":[{"href":"https:\/\/aconteceunovale.com.br\/portal\/index.php?rest_route=%2Fwp%2Fv2%2Fmedia&parent=146240"}],"wp:term":[{"taxonomy":"category","embeddable":true,"href":"https:\/\/aconteceunovale.com.br\/portal\/index.php?rest_route=%2Fwp%2Fv2%2Fcategories&post=146240"},{"taxonomy":"post_tag","embeddable":true,"href":"https:\/\/aconteceunovale.com.br\/portal\/index.php?rest_route=%2Fwp%2Fv2%2Ftags&post=146240"}],"curies":[{"name":"wp","href":"https:\/\/api.w.org\/{rel}","templated":true}]}}