{"id":146238,"date":"2019-03-26T21:53:22","date_gmt":"2019-03-26T23:53:22","guid":{"rendered":"http:\/\/aconteceunovale.com.br\/portal\/?p=146238"},"modified":"2019-03-26T21:53:22","modified_gmt":"2019-03-26T23:53:22","slug":"vitima-luta-com-bandidos-durante-roubo-em-montes-claros","status":"publish","type":"post","link":"https:\/\/aconteceunovale.com.br\/portal\/?p=146238","title":{"rendered":"V\u00edtima luta com bandidos durante roubo em Montes Claros"},"content":{"rendered":"<p>Um homem de 20 anos foi preso em Montes Claros, no Norte de Minas, suspeito de participar de um roubo nessa segunda-feira (25\/03\/2019). Segundo informa\u00e7\u00f5es da Pol\u00edcia Militar, a v\u00edtima, de 47 anos, passava pela Avenida Feliciano Martins, em dire\u00e7\u00e3o ao trabalho, quando foi abordada por uma dupla em uma motocicleta. A mulher lutou com um dos assaltantes, que tentava levar a bolsa dela. A a\u00e7\u00e3o foi registrada por c\u00e2meras de seguran\u00e7a instaladas em uma casa pr\u00f3xima ao local do crime.<br \/>\n<center><br \/>\n<!-- Erro, o An\u00fancio n\u00e3o est\u00e1 dispon\u00edvel neste momento devido \u00e0s restri\u00e7\u00f5es de agendamento\/geolocaliza\u00e7\u00e3o! --><br \/>\n<\/br><br \/>\n<\/center><br \/>\nA v\u00edtima levou v\u00e1rios socos e caiu no ch\u00e3o depois de ser empurrada. Os homens fugiram em dire\u00e7\u00e3o ao Bairro Vila Exposi\u00e7\u00e3o com a bolsa contendo um telefone celular, cerca de R$ 150, documentos e outros objetos pessoais. Atrav\u00e9s das imagens das c\u00e2meras, a PM identificou a dupla e realizou rastreamentos na regi\u00e3o.<\/p>\n<p>Na casa de um dos suspeitos, no Bairro Tancredo Neves, os policiais visualizaram os envolvidos atrav\u00e9s de um muro e tentaram prend\u00ea-los. Os homens conseguiram correr pelos fundos da resid\u00eancia. Horas depois, a PM localizou o suspeito de 20 anos e ele confessou o crime. O comparsa, de 19 anos, n\u00e3o foi encontrado.<\/p>\n<p>No Bairro Santa Cec\u00edlia, a pol\u00edcia localizou a motocicleta, uma arma, capacetes utilizados pela dupla e o celular que pertence \u00e0 v\u00edtima. O envolvido disse que os demais objetos estariam com o comparsa, de 19 anos.<\/p>\n<p>A motocicleta utilizada pelos homens foi apreendida. O ve\u00edculo tinha registro de furto e foi removido a um p\u00e1tio licenciado pelo Detran.<\/p>\n<p><strong><\/p>\n<h3>Contido por populares<\/h3>\n<p><\/strong><\/p>\n<p>Um jovem de 22 anos foi preso nessa segunda-feira (25) depois de tentar furtar uma motocicleta no Bairro S\u00e3o Jos\u00e9, em Montes Claros. Segundo informa\u00e7\u00f5es da Pol\u00edcia Militar, a dona do ve\u00edculo estacionou pr\u00f3ximo a uma escola de cursos t\u00e9cnicos. Depois de ter entrado, o suspeito se aproveitou para usar uma chave falsa para ligar a moto e pessoas que passavam pelo local impediram o crime.<\/p>\n<p>Ainda de acordo com a PM, os populares seguraram o rapaz at\u00e9 a chegada da pol\u00edcia e n\u00e3o o agrediram. N\u00e3o h\u00e1 informa\u00e7\u00f5es sobre como o criminoso conseguiu a chave falsa. Os militares acreditam que a ferramenta \u00e9 capaz de ligar qualquer moto, como se funcionasse como uma chave mestra.<\/p>\n<p>O homem prestou depoimento na delegacia e foi encaminhado ao Pres\u00eddio Regional de Montes Claros. A Pol\u00edcia Civil deve investigar se ele \u00e9 respons\u00e1vel por outros furtos e como adquiriu a chave falsa.<\/p>\n<p><strong>VER PRIMEIRO<\/strong><\/p>\n<p>Receba as not\u00edcias do Aconteceu no Vale em primeira m\u00e3o. Clique em curtir no endere\u00e7o <a href=\"https:\/\/www.facebook.com\/aconteceunovale\" target=\"_blank\"><font color=\"red\">www.facebook.com\/aconteceunovale<\/font><\/a> ou no box abaixo:<\/p>\n<div class=\"fb-like\" data-href=\"https:\/\/www.facebook.com\/aconteceunovale\" data-width=\"120\" data-layout=\"standard\" data-action=\"like\" data-size=\"small\" data-show-faces=\"true\" data-share=\"true\"><\/div>\n<p><!-- Erro, o An\u00fancio n\u00e3o est\u00e1 dispon\u00edvel neste momento devido \u00e0s restri\u00e7\u00f5es de agendamento\/geolocaliza\u00e7\u00e3o! --><br \/>\n<\/br><\/p>\n<p><em>(Fonte: G1 Grande Minas)<\/em><\/p>\n","protected":false},"excerpt":{"rendered":"<p>Um homem de 20 anos foi preso em Montes Claros, no Norte de Minas, suspeito de participar de um roubo nessa segunda-feira (25\/03\/2019). Segundo informa\u00e7\u00f5es da Pol\u00edcia Militar, a v\u00edtima, de 47 anos, passava pela Avenida Feliciano Martins, em dire\u00e7\u00e3o ao trabalho, quando foi abordada por uma dupla em uma motocicleta. A mulher lutou com [&hellip;]<\/p>\n","protected":false},"author":1,"featured_media":142617,"comment_status":"open","ping_status":"closed","sticky":false,"template":"","format":"standard","meta":{"amp_status":"","footnotes":""},"categories":[1236],"tags":[121173,81949,210,66614,95595,46966,198526],"class_list":["post-146238","post","type-post","status-publish","format-standard","has-post-thumbnail","hentry","category-norte_de_minas","tag-assaltante-preso-em-montes-claros","tag-ladrao-preso-em-montes-claros","tag-montes-claros","tag-preso-em-montes-claros","tag-preso-por-roubo-em-montes-claros","tag-roubo-em-montes-claros","tag-vitima-luta-com-bandidos-durante-roubo-em-montes-claros"],"yoast_head":"<!-- This site is optimized with the Yoast SEO plugin v28.3 - https:\/\/yoast.com\/product\/yoast-seo-wordpress\/ -->\n<title>V\u00edtima luta com bandidos durante roubo em Montes Claros - Aconteceu no Vale<\/title>\n<meta name=\"robots\" content=\"index, follow, max-snippet:-1, max-image-preview:large, max-video-preview:-1\" \/>\n<link rel=\"canonical\" href=\"https:\/\/aconteceunovale.com.br\/portal\/?p=146238\" \/>\n<meta property=\"og:locale\" content=\"pt_BR\" \/>\n<meta property=\"og:type\" content=\"article\" \/>\n<meta property=\"og:title\" content=\"V\u00edtima luta com bandidos durante roubo em Montes Claros - Aconteceu no Vale\" \/>\n<meta property=\"og:description\" content=\"Um homem de 20 anos foi preso em Montes Claros, no Norte de Minas, suspeito de participar de um roubo nessa segunda-feira (25\/03\/2019). Segundo informa\u00e7\u00f5es da Pol\u00edcia Militar, a v\u00edtima, de 47 anos, passava pela Avenida Feliciano Martins, em dire\u00e7\u00e3o ao trabalho, quando foi abordada por uma dupla em uma motocicleta. A mulher lutou com [&hellip;]\" \/>\n<meta property=\"og:url\" content=\"https:\/\/aconteceunovale.com.br\/portal\/?p=146238\" \/>\n<meta property=\"og:site_name\" content=\"Aconteceu no Vale\" \/>\n<meta property=\"article:publisher\" content=\"https:\/\/www.facebook.com\/aconteceunovale\/\" \/>\n<meta property=\"article:published_time\" content=\"2019-03-26T23:53:22+00:00\" \/>\n<meta property=\"og:image\" content=\"https:\/\/aconteceunovale.com.br\/portal\/wp-content\/uploads\/2019\/01\/montes_claros.jpg\" \/>\n\t<meta property=\"og:image:width\" content=\"678\" \/>\n\t<meta property=\"og:image:height\" content=\"377\" \/>\n\t<meta property=\"og:image:type\" content=\"image\/jpeg\" \/>\n<meta name=\"author\" content=\"Aconteceu no Vale\" \/>\n<meta name=\"twitter:card\" content=\"summary_large_image\" \/>\n<meta name=\"twitter:creator\" content=\"@noticiadosvales\" \/>\n<meta name=\"twitter:site\" content=\"@noticiadosvales\" \/>\n<meta name=\"twitter:label1\" content=\"Escrito por\" \/>\n\t<meta name=\"twitter:data1\" content=\"Aconteceu no Vale\" \/>\n\t<meta name=\"twitter:label2\" content=\"Est. tempo de leitura\" \/>\n\t<meta name=\"twitter:data2\" content=\"2 minutos\" \/>\n<script type=\"application\/ld+json\" class=\"yoast-schema-graph\">{\"@context\":\"https:\\\/\\\/schema.org\",\"@graph\":[{\"@type\":\"Article\",\"@id\":\"https:\\\/\\\/aconteceunovale.com.br\\\/portal\\\/?p=146238#article\",\"isPartOf\":{\"@id\":\"https:\\\/\\\/aconteceunovale.com.br\\\/portal\\\/?p=146238\"},\"author\":{\"name\":\"Aconteceu no Vale\",\"@id\":\"https:\\\/\\\/aconteceunovale.com.br\\\/portal\\\/#\\\/schema\\\/person\\\/633529146f2c94272bef50ac2953d589\"},\"headline\":\"V\u00edtima luta com bandidos durante roubo em Montes Claros\",\"datePublished\":\"2019-03-26T23:53:22+00:00\",\"mainEntityOfPage\":{\"@id\":\"https:\\\/\\\/aconteceunovale.com.br\\\/portal\\\/?p=146238\"},\"wordCount\":469,\"commentCount\":0,\"image\":{\"@id\":\"https:\\\/\\\/aconteceunovale.com.br\\\/portal\\\/?p=146238#primaryimage\"},\"thumbnailUrl\":\"https:\\\/\\\/aconteceunovale.com.br\\\/portal\\\/wp-content\\\/uploads\\\/2019\\\/01\\\/montes_claros.jpg\",\"keywords\":[\"Assaltante preso em Montes Claros\",\"ladr\u00e3o preso em Montes Claros\",\"Montes Claros\",\"preso em Montes Claros\",\"Preso por roubo em Montes Claros\",\"roubo em montes claros\",\"V\u00edtima luta com bandidos durante roubo em Montes Claros\"],\"articleSection\":[\"Norte de Minas\"],\"inLanguage\":\"pt-BR\",\"potentialAction\":[{\"@type\":\"CommentAction\",\"name\":\"Comment\",\"target\":[\"https:\\\/\\\/aconteceunovale.com.br\\\/portal\\\/?p=146238#respond\"]}]},{\"@type\":\"WebPage\",\"@id\":\"https:\\\/\\\/aconteceunovale.com.br\\\/portal\\\/?p=146238\",\"url\":\"https:\\\/\\\/aconteceunovale.com.br\\\/portal\\\/?p=146238\",\"name\":\"V\u00edtima luta com bandidos durante roubo em Montes Claros - Aconteceu no Vale\",\"isPartOf\":{\"@id\":\"https:\\\/\\\/aconteceunovale.com.br\\\/portal\\\/#website\"},\"primaryImageOfPage\":{\"@id\":\"https:\\\/\\\/aconteceunovale.com.br\\\/portal\\\/?p=146238#primaryimage\"},\"image\":{\"@id\":\"https:\\\/\\\/aconteceunovale.com.br\\\/portal\\\/?p=146238#primaryimage\"},\"thumbnailUrl\":\"https:\\\/\\\/aconteceunovale.com.br\\\/portal\\\/wp-content\\\/uploads\\\/2019\\\/01\\\/montes_claros.jpg\",\"datePublished\":\"2019-03-26T23:53:22+00:00\",\"author\":{\"@id\":\"https:\\\/\\\/aconteceunovale.com.br\\\/portal\\\/#\\\/schema\\\/person\\\/633529146f2c94272bef50ac2953d589\"},\"breadcrumb\":{\"@id\":\"https:\\\/\\\/aconteceunovale.com.br\\\/portal\\\/?p=146238#breadcrumb\"},\"inLanguage\":\"pt-BR\",\"potentialAction\":[{\"@type\":\"ReadAction\",\"target\":[\"https:\\\/\\\/aconteceunovale.com.br\\\/portal\\\/?p=146238\"]}]},{\"@type\":\"ImageObject\",\"inLanguage\":\"pt-BR\",\"@id\":\"https:\\\/\\\/aconteceunovale.com.br\\\/portal\\\/?p=146238#primaryimage\",\"url\":\"https:\\\/\\\/aconteceunovale.com.br\\\/portal\\\/wp-content\\\/uploads\\\/2019\\\/01\\\/montes_claros.jpg\",\"contentUrl\":\"https:\\\/\\\/aconteceunovale.com.br\\\/portal\\\/wp-content\\\/uploads\\\/2019\\\/01\\\/montes_claros.jpg\",\"width\":678,\"height\":377},{\"@type\":\"BreadcrumbList\",\"@id\":\"https:\\\/\\\/aconteceunovale.com.br\\\/portal\\\/?p=146238#breadcrumb\",\"itemListElement\":[{\"@type\":\"ListItem\",\"position\":1,\"name\":\"In\u00edcio\",\"item\":\"https:\\\/\\\/aconteceunovale.com.br\\\/portal\\\/\"},{\"@type\":\"ListItem\",\"position\":2,\"name\":\"V\u00edtima luta com bandidos durante roubo em Montes Claros\"}]},{\"@type\":\"WebSite\",\"@id\":\"https:\\\/\\\/aconteceunovale.com.br\\\/portal\\\/#website\",\"url\":\"https:\\\/\\\/aconteceunovale.com.br\\\/portal\\\/\",\"name\":\"Aconteceu no Vale\",\"description\":\"Portal de Not\u00edcias\",\"potentialAction\":[{\"@type\":\"SearchAction\",\"target\":{\"@type\":\"EntryPoint\",\"urlTemplate\":\"https:\\\/\\\/aconteceunovale.com.br\\\/portal\\\/?s={search_term_string}\"},\"query-input\":{\"@type\":\"PropertyValueSpecification\",\"valueRequired\":true,\"valueName\":\"search_term_string\"}}],\"inLanguage\":\"pt-BR\"},{\"@type\":\"Person\",\"@id\":\"https:\\\/\\\/aconteceunovale.com.br\\\/portal\\\/#\\\/schema\\\/person\\\/633529146f2c94272bef50ac2953d589\",\"name\":\"Aconteceu no Vale\",\"description\":\"Equipe de reportagem do Aconteceu no Vale, portal de not\u00edcias do Vale do Jequitinhonha, em Minas Gerais. Cobrimos as 51 cidades do Vale desde 2013. Sugest\u00f5es de pauta e pedidos de corre\u00e7\u00e3o: contato@aconteceunovale.com.br\",\"sameAs\":[\"http:\\\/\\\/www.aconteceunovale.com.br\"],\"url\":\"https:\\\/\\\/aconteceunovale.com.br\\\/portal\\\/?author=1\"}]}<\/script>\n<!-- \/ Yoast SEO plugin. -->","yoast_head_json":{"title":"V\u00edtima luta com bandidos durante roubo em Montes Claros - Aconteceu no Vale","robots":{"index":"index","follow":"follow","max-snippet":"max-snippet:-1","max-image-preview":"max-image-preview:large","max-video-preview":"max-video-preview:-1"},"canonical":"https:\/\/aconteceunovale.com.br\/portal\/?p=146238","og_locale":"pt_BR","og_type":"article","og_title":"V\u00edtima luta com bandidos durante roubo em Montes Claros - Aconteceu no Vale","og_description":"Um homem de 20 anos foi preso em Montes Claros, no Norte de Minas, suspeito de participar de um roubo nessa segunda-feira (25\/03\/2019). Segundo informa\u00e7\u00f5es da Pol\u00edcia Militar, a v\u00edtima, de 47 anos, passava pela Avenida Feliciano Martins, em dire\u00e7\u00e3o ao trabalho, quando foi abordada por uma dupla em uma motocicleta. A mulher lutou com [&hellip;]","og_url":"https:\/\/aconteceunovale.com.br\/portal\/?p=146238","og_site_name":"Aconteceu no Vale","article_publisher":"https:\/\/www.facebook.com\/aconteceunovale\/","article_published_time":"2019-03-26T23:53:22+00:00","og_image":[{"width":678,"height":377,"url":"https:\/\/aconteceunovale.com.br\/portal\/wp-content\/uploads\/2019\/01\/montes_claros.jpg","type":"image\/jpeg"}],"author":"Aconteceu no Vale","twitter_card":"summary_large_image","twitter_creator":"@noticiadosvales","twitter_site":"@noticiadosvales","twitter_misc":{"Escrito por":"Aconteceu no Vale","Est. tempo de leitura":"2 minutos"},"schema":{"@context":"https:\/\/schema.org","@graph":[{"@type":"Article","@id":"https:\/\/aconteceunovale.com.br\/portal\/?p=146238#article","isPartOf":{"@id":"https:\/\/aconteceunovale.com.br\/portal\/?p=146238"},"author":{"name":"Aconteceu no Vale","@id":"https:\/\/aconteceunovale.com.br\/portal\/#\/schema\/person\/633529146f2c94272bef50ac2953d589"},"headline":"V\u00edtima luta com bandidos durante roubo em Montes Claros","datePublished":"2019-03-26T23:53:22+00:00","mainEntityOfPage":{"@id":"https:\/\/aconteceunovale.com.br\/portal\/?p=146238"},"wordCount":469,"commentCount":0,"image":{"@id":"https:\/\/aconteceunovale.com.br\/portal\/?p=146238#primaryimage"},"thumbnailUrl":"https:\/\/aconteceunovale.com.br\/portal\/wp-content\/uploads\/2019\/01\/montes_claros.jpg","keywords":["Assaltante preso em Montes Claros","ladr\u00e3o preso em Montes Claros","Montes Claros","preso em Montes Claros","Preso por roubo em Montes Claros","roubo em montes claros","V\u00edtima luta com bandidos durante roubo em Montes Claros"],"articleSection":["Norte de Minas"],"inLanguage":"pt-BR","potentialAction":[{"@type":"CommentAction","name":"Comment","target":["https:\/\/aconteceunovale.com.br\/portal\/?p=146238#respond"]}]},{"@type":"WebPage","@id":"https:\/\/aconteceunovale.com.br\/portal\/?p=146238","url":"https:\/\/aconteceunovale.com.br\/portal\/?p=146238","name":"V\u00edtima luta com bandidos durante roubo em Montes Claros - Aconteceu no Vale","isPartOf":{"@id":"https:\/\/aconteceunovale.com.br\/portal\/#website"},"primaryImageOfPage":{"@id":"https:\/\/aconteceunovale.com.br\/portal\/?p=146238#primaryimage"},"image":{"@id":"https:\/\/aconteceunovale.com.br\/portal\/?p=146238#primaryimage"},"thumbnailUrl":"https:\/\/aconteceunovale.com.br\/portal\/wp-content\/uploads\/2019\/01\/montes_claros.jpg","datePublished":"2019-03-26T23:53:22+00:00","author":{"@id":"https:\/\/aconteceunovale.com.br\/portal\/#\/schema\/person\/633529146f2c94272bef50ac2953d589"},"breadcrumb":{"@id":"https:\/\/aconteceunovale.com.br\/portal\/?p=146238#breadcrumb"},"inLanguage":"pt-BR","potentialAction":[{"@type":"ReadAction","target":["https:\/\/aconteceunovale.com.br\/portal\/?p=146238"]}]},{"@type":"ImageObject","inLanguage":"pt-BR","@id":"https:\/\/aconteceunovale.com.br\/portal\/?p=146238#primaryimage","url":"https:\/\/aconteceunovale.com.br\/portal\/wp-content\/uploads\/2019\/01\/montes_claros.jpg","contentUrl":"https:\/\/aconteceunovale.com.br\/portal\/wp-content\/uploads\/2019\/01\/montes_claros.jpg","width":678,"height":377},{"@type":"BreadcrumbList","@id":"https:\/\/aconteceunovale.com.br\/portal\/?p=146238#breadcrumb","itemListElement":[{"@type":"ListItem","position":1,"name":"In\u00edcio","item":"https:\/\/aconteceunovale.com.br\/portal\/"},{"@type":"ListItem","position":2,"name":"V\u00edtima luta com bandidos durante roubo em Montes Claros"}]},{"@type":"WebSite","@id":"https:\/\/aconteceunovale.com.br\/portal\/#website","url":"https:\/\/aconteceunovale.com.br\/portal\/","name":"Aconteceu no Vale","description":"Portal de Not\u00edcias","potentialAction":[{"@type":"SearchAction","target":{"@type":"EntryPoint","urlTemplate":"https:\/\/aconteceunovale.com.br\/portal\/?s={search_term_string}"},"query-input":{"@type":"PropertyValueSpecification","valueRequired":true,"valueName":"search_term_string"}}],"inLanguage":"pt-BR"},{"@type":"Person","@id":"https:\/\/aconteceunovale.com.br\/portal\/#\/schema\/person\/633529146f2c94272bef50ac2953d589","name":"Aconteceu no Vale","description":"Equipe de reportagem do Aconteceu no Vale, portal de not\u00edcias do Vale do Jequitinhonha, em Minas Gerais. Cobrimos as 51 cidades do Vale desde 2013. Sugest\u00f5es de pauta e pedidos de corre\u00e7\u00e3o: contato@aconteceunovale.com.br","sameAs":["http:\/\/www.aconteceunovale.com.br"],"url":"https:\/\/aconteceunovale.com.br\/portal\/?author=1"}]}},"_links":{"self":[{"href":"https:\/\/aconteceunovale.com.br\/portal\/index.php?rest_route=\/wp\/v2\/posts\/146238","targetHints":{"allow":["GET"]}}],"collection":[{"href":"https:\/\/aconteceunovale.com.br\/portal\/index.php?rest_route=\/wp\/v2\/posts"}],"about":[{"href":"https:\/\/aconteceunovale.com.br\/portal\/index.php?rest_route=\/wp\/v2\/types\/post"}],"author":[{"embeddable":true,"href":"https:\/\/aconteceunovale.com.br\/portal\/index.php?rest_route=\/wp\/v2\/users\/1"}],"replies":[{"embeddable":true,"href":"https:\/\/aconteceunovale.com.br\/portal\/index.php?rest_route=%2Fwp%2Fv2%2Fcomments&post=146238"}],"version-history":[{"count":0,"href":"https:\/\/aconteceunovale.com.br\/portal\/index.php?rest_route=\/wp\/v2\/posts\/146238\/revisions"}],"wp:featuredmedia":[{"embeddable":true,"href":"https:\/\/aconteceunovale.com.br\/portal\/index.php?rest_route=\/wp\/v2\/media\/142617"}],"wp:attachment":[{"href":"https:\/\/aconteceunovale.com.br\/portal\/index.php?rest_route=%2Fwp%2Fv2%2Fmedia&parent=146238"}],"wp:term":[{"taxonomy":"category","embeddable":true,"href":"https:\/\/aconteceunovale.com.br\/portal\/index.php?rest_route=%2Fwp%2Fv2%2Fcategories&post=146238"},{"taxonomy":"post_tag","embeddable":true,"href":"https:\/\/aconteceunovale.com.br\/portal\/index.php?rest_route=%2Fwp%2Fv2%2Ftags&post=146238"}],"curies":[{"name":"wp","href":"https:\/\/api.w.org\/{rel}","templated":true}]}}