{"id":146235,"date":"2019-03-26T21:40:20","date_gmt":"2019-03-26T23:40:20","guid":{"rendered":"http:\/\/aconteceunovale.com.br\/portal\/?p=146235"},"modified":"2019-03-26T21:40:20","modified_gmt":"2019-03-26T23:40:20","slug":"vereador-claudio-prates-renuncia-ao-mandato","status":"publish","type":"post","link":"https:\/\/aconteceunovale.com.br\/portal\/?p=146235","title":{"rendered":"Vereador Cl\u00e1udio Prates renuncia ao mandato"},"content":{"rendered":"<p>O vereador Cl\u00e1udio Prates (PTB), de Montes Claros (MG), renunciou ao mandato durante reuni\u00e3o ordin\u00e1ria nesta ter\u00e7a-feira (26\/03\/2019) na C\u00e2mara Municipal. Prates foi o candidato mais votado nas duas \u00faltimas elei\u00e7\u00f5es e alegou motivos pessoais para deixar o cargo.<br \/>\n<center><br \/>\n<!-- Erro, o An\u00fancio n\u00e3o est\u00e1 dispon\u00edvel neste momento devido \u00e0s restri\u00e7\u00f5es de agendamento\/geolocaliza\u00e7\u00e3o! --><br \/>\n<\/br><br \/>\n<\/center><br \/>\n\u201cOutros projetos e ideais e sonhos se tornam incompat\u00edveis com esta sublime miss\u00e3o pol\u00edtica, raz\u00e3o pela qual, depois de muito refletir, orar a Deus e conversar com a minha fam\u00edlia, tomo esta decis\u00e3o, com absoluta tranquilidade e paz na consci\u00eancia\u201d, disse em nota.<\/p>\n<p>O vereador sair\u00e1 oficialmente do cargo no dia primeiro de abril. Durante o discurso na C\u00e2mara, ele agradeceu aos eleitores, amigos, familiares e colegas e afirmou ter cumprido o objetivo e miss\u00e3o como vereador. \u201cEstou convicto de que n\u00e3o fugi as minhas responsabilidades. Fui al\u00e9m. Cumpri o que de mim se esperava: com projetos, a\u00e7\u00f5es, atua\u00e7\u00f5es, interven\u00e7\u00f5es, milh\u00f5es de recursos conquistados\u201d.<\/p>\n<p>Em nota, a Assessoria T\u00e9cnica Legislativa esclareceu que a ren\u00fancia ser\u00e1 comunicada ao Tribunal Regional Eleitoral de Minas Gerais (TER-MG) para confirmar quem ser\u00e1 o suplente que ocupar\u00e1 o lugar deixado pelo vereador. \u201cDepois que a C\u00e2mara for notificada pela Justi\u00e7a Eleitoral, \u00e9 que o suplente ser\u00e1 oficialmente convocado a assumir o cargo\u201d.<\/p>\n<p><strong>Sobre o vereador<\/strong><\/p>\n<p>Cl\u00e1udio Prates foi eleito pela primeira vez em 2012 com 3.774 votos e em 2016, obteve 3.191 votos. Prates foi presidente da C\u00e2mara por dois anos e tamb\u00e9m disputou duas elei\u00e7\u00f5es para deputado estadual e federal.<\/p>\n<p><img decoding=\"async\" src=\"http:\/\/aconteceunovale.com.br\/portal\/wp-content\/uploads\/2019\/03\/claudio_prates.jpg\" alt=\"\" \/><em>Cl\u00e1udio Prates renunciou durante reuni\u00e3o nesta ter\u00e7a-feira \u2014 Foto: Ascom C\u00e2mara<\/em><br \/>\n<\/br><\/p>\n<p><strong>VER PRIMEIRO<\/strong><\/p>\n<p>Receba as not\u00edcias do Aconteceu no Vale em primeira m\u00e3o. Clique em curtir no endere\u00e7o <a href=\"https:\/\/www.facebook.com\/aconteceunovale\" target=\"_blank\"><font color=\"red\">www.facebook.com\/aconteceunovale<\/font><\/a> ou no box abaixo:<\/p>\n<div class=\"fb-like\" data-href=\"https:\/\/www.facebook.com\/aconteceunovale\" data-width=\"120\" data-layout=\"standard\" data-action=\"like\" data-size=\"small\" data-show-faces=\"true\" data-share=\"true\"><\/div>\n<p><!-- Erro, o An\u00fancio n\u00e3o est\u00e1 dispon\u00edvel neste momento devido \u00e0s restri\u00e7\u00f5es de agendamento\/geolocaliza\u00e7\u00e3o! --><br \/>\n<\/br><\/p>\n<p><em>(Fonte: G1 Grande Minas)<\/em><\/p>\n","protected":false},"excerpt":{"rendered":"<p>O vereador Cl\u00e1udio Prates (PTB), de Montes Claros (MG), renunciou ao mandato durante reuni\u00e3o ordin\u00e1ria nesta ter\u00e7a-feira (26\/03\/2019) na C\u00e2mara Municipal. Prates foi o candidato mais votado nas duas \u00faltimas elei\u00e7\u00f5es e alegou motivos pessoais para deixar o cargo. \u201cOutros projetos e ideais e sonhos se tornam incompat\u00edveis com esta sublime miss\u00e3o pol\u00edtica, raz\u00e3o pela [&hellip;]<\/p>\n","protected":false},"author":1,"featured_media":146236,"comment_status":"open","ping_status":"closed","sticky":false,"template":"","format":"standard","meta":{"amp_status":"","footnotes":""},"categories":[1236,40240],"tags":[172800,198524,210,198523,198525],"class_list":["post-146235","post","type-post","status-publish","format-standard","has-post-thumbnail","hentry","category-norte_de_minas","category-politica","tag-claudio-prates","tag-claudio-prates-renuncia-mandato","tag-montes-claros","tag-renuncia-claudio-prates","tag-vereador-claudio-prates-renuncia-ao-mandato"],"yoast_head":"<!-- This site is optimized with the Yoast SEO plugin v28.3 - https:\/\/yoast.com\/product\/yoast-seo-wordpress\/ -->\n<title>Vereador Cl\u00e1udio Prates renuncia ao mandato - Aconteceu no Vale<\/title>\n<meta name=\"robots\" content=\"index, follow, max-snippet:-1, max-image-preview:large, max-video-preview:-1\" \/>\n<link rel=\"canonical\" href=\"https:\/\/aconteceunovale.com.br\/portal\/?p=146235\" \/>\n<meta property=\"og:locale\" content=\"pt_BR\" \/>\n<meta property=\"og:type\" content=\"article\" \/>\n<meta property=\"og:title\" content=\"Vereador Cl\u00e1udio Prates renuncia ao mandato - Aconteceu no Vale\" \/>\n<meta property=\"og:description\" content=\"O vereador Cl\u00e1udio Prates (PTB), de Montes Claros (MG), renunciou ao mandato durante reuni\u00e3o ordin\u00e1ria nesta ter\u00e7a-feira (26\/03\/2019) na C\u00e2mara Municipal. Prates foi o candidato mais votado nas duas \u00faltimas elei\u00e7\u00f5es e alegou motivos pessoais para deixar o cargo. \u201cOutros projetos e ideais e sonhos se tornam incompat\u00edveis com esta sublime miss\u00e3o pol\u00edtica, raz\u00e3o pela [&hellip;]\" \/>\n<meta property=\"og:url\" content=\"https:\/\/aconteceunovale.com.br\/portal\/?p=146235\" \/>\n<meta property=\"og:site_name\" content=\"Aconteceu no Vale\" \/>\n<meta property=\"article:publisher\" content=\"https:\/\/www.facebook.com\/aconteceunovale\/\" \/>\n<meta property=\"article:published_time\" content=\"2019-03-26T23:40:20+00:00\" \/>\n<meta property=\"og:image\" content=\"https:\/\/aconteceunovale.com.br\/portal\/wp-content\/uploads\/2019\/03\/claudio_prates.jpg\" \/>\n\t<meta property=\"og:image:width\" content=\"675\" \/>\n\t<meta property=\"og:image:height\" content=\"450\" \/>\n\t<meta property=\"og:image:type\" content=\"image\/jpeg\" \/>\n<meta name=\"author\" content=\"Aconteceu no Vale\" \/>\n<meta name=\"twitter:card\" content=\"summary_large_image\" \/>\n<meta name=\"twitter:creator\" content=\"@noticiadosvales\" \/>\n<meta name=\"twitter:site\" content=\"@noticiadosvales\" \/>\n<meta name=\"twitter:label1\" content=\"Escrito por\" \/>\n\t<meta name=\"twitter:data1\" content=\"Aconteceu no Vale\" \/>\n\t<meta name=\"twitter:label2\" content=\"Est. tempo de leitura\" \/>\n\t<meta name=\"twitter:data2\" content=\"2 minutos\" \/>\n<script type=\"application\/ld+json\" class=\"yoast-schema-graph\">{\"@context\":\"https:\\\/\\\/schema.org\",\"@graph\":[{\"@type\":\"Article\",\"@id\":\"https:\\\/\\\/aconteceunovale.com.br\\\/portal\\\/?p=146235#article\",\"isPartOf\":{\"@id\":\"https:\\\/\\\/aconteceunovale.com.br\\\/portal\\\/?p=146235\"},\"author\":{\"name\":\"Aconteceu no Vale\",\"@id\":\"https:\\\/\\\/aconteceunovale.com.br\\\/portal\\\/#\\\/schema\\\/person\\\/633529146f2c94272bef50ac2953d589\"},\"headline\":\"Vereador Cl\u00e1udio Prates renuncia ao mandato\",\"datePublished\":\"2019-03-26T23:40:20+00:00\",\"mainEntityOfPage\":{\"@id\":\"https:\\\/\\\/aconteceunovale.com.br\\\/portal\\\/?p=146235\"},\"wordCount\":315,\"commentCount\":0,\"image\":{\"@id\":\"https:\\\/\\\/aconteceunovale.com.br\\\/portal\\\/?p=146235#primaryimage\"},\"thumbnailUrl\":\"https:\\\/\\\/aconteceunovale.com.br\\\/portal\\\/wp-content\\\/uploads\\\/2019\\\/03\\\/claudio_prates.jpg\",\"keywords\":[\"Cl\u00e1udio Prates\",\"Cl\u00e1udio Prates ren\u00fancia mandato\",\"Montes Claros\",\"Ren\u00fancia Cl\u00e1udio Prates\",\"Vereador Cl\u00e1udio Prates renuncia ao mandato\"],\"articleSection\":[\"Norte de Minas\",\"Pol\u00edtica\"],\"inLanguage\":\"pt-BR\",\"potentialAction\":[{\"@type\":\"CommentAction\",\"name\":\"Comment\",\"target\":[\"https:\\\/\\\/aconteceunovale.com.br\\\/portal\\\/?p=146235#respond\"]}]},{\"@type\":\"WebPage\",\"@id\":\"https:\\\/\\\/aconteceunovale.com.br\\\/portal\\\/?p=146235\",\"url\":\"https:\\\/\\\/aconteceunovale.com.br\\\/portal\\\/?p=146235\",\"name\":\"Vereador Cl\u00e1udio Prates renuncia ao mandato - Aconteceu no Vale\",\"isPartOf\":{\"@id\":\"https:\\\/\\\/aconteceunovale.com.br\\\/portal\\\/#website\"},\"primaryImageOfPage\":{\"@id\":\"https:\\\/\\\/aconteceunovale.com.br\\\/portal\\\/?p=146235#primaryimage\"},\"image\":{\"@id\":\"https:\\\/\\\/aconteceunovale.com.br\\\/portal\\\/?p=146235#primaryimage\"},\"thumbnailUrl\":\"https:\\\/\\\/aconteceunovale.com.br\\\/portal\\\/wp-content\\\/uploads\\\/2019\\\/03\\\/claudio_prates.jpg\",\"datePublished\":\"2019-03-26T23:40:20+00:00\",\"author\":{\"@id\":\"https:\\\/\\\/aconteceunovale.com.br\\\/portal\\\/#\\\/schema\\\/person\\\/633529146f2c94272bef50ac2953d589\"},\"breadcrumb\":{\"@id\":\"https:\\\/\\\/aconteceunovale.com.br\\\/portal\\\/?p=146235#breadcrumb\"},\"inLanguage\":\"pt-BR\",\"potentialAction\":[{\"@type\":\"ReadAction\",\"target\":[\"https:\\\/\\\/aconteceunovale.com.br\\\/portal\\\/?p=146235\"]}]},{\"@type\":\"ImageObject\",\"inLanguage\":\"pt-BR\",\"@id\":\"https:\\\/\\\/aconteceunovale.com.br\\\/portal\\\/?p=146235#primaryimage\",\"url\":\"https:\\\/\\\/aconteceunovale.com.br\\\/portal\\\/wp-content\\\/uploads\\\/2019\\\/03\\\/claudio_prates.jpg\",\"contentUrl\":\"https:\\\/\\\/aconteceunovale.com.br\\\/portal\\\/wp-content\\\/uploads\\\/2019\\\/03\\\/claudio_prates.jpg\",\"width\":675,\"height\":450},{\"@type\":\"BreadcrumbList\",\"@id\":\"https:\\\/\\\/aconteceunovale.com.br\\\/portal\\\/?p=146235#breadcrumb\",\"itemListElement\":[{\"@type\":\"ListItem\",\"position\":1,\"name\":\"In\u00edcio\",\"item\":\"https:\\\/\\\/aconteceunovale.com.br\\\/portal\\\/\"},{\"@type\":\"ListItem\",\"position\":2,\"name\":\"Vereador Cl\u00e1udio Prates renuncia ao mandato\"}]},{\"@type\":\"WebSite\",\"@id\":\"https:\\\/\\\/aconteceunovale.com.br\\\/portal\\\/#website\",\"url\":\"https:\\\/\\\/aconteceunovale.com.br\\\/portal\\\/\",\"name\":\"Aconteceu no Vale\",\"description\":\"Portal de Not\u00edcias\",\"potentialAction\":[{\"@type\":\"SearchAction\",\"target\":{\"@type\":\"EntryPoint\",\"urlTemplate\":\"https:\\\/\\\/aconteceunovale.com.br\\\/portal\\\/?s={search_term_string}\"},\"query-input\":{\"@type\":\"PropertyValueSpecification\",\"valueRequired\":true,\"valueName\":\"search_term_string\"}}],\"inLanguage\":\"pt-BR\"},{\"@type\":\"Person\",\"@id\":\"https:\\\/\\\/aconteceunovale.com.br\\\/portal\\\/#\\\/schema\\\/person\\\/633529146f2c94272bef50ac2953d589\",\"name\":\"Aconteceu no Vale\",\"description\":\"Equipe de reportagem do Aconteceu no Vale, portal de not\u00edcias do Vale do Jequitinhonha, em Minas Gerais. Cobrimos as 51 cidades do Vale desde 2013. Sugest\u00f5es de pauta e pedidos de corre\u00e7\u00e3o: contato@aconteceunovale.com.br\",\"sameAs\":[\"http:\\\/\\\/www.aconteceunovale.com.br\"],\"url\":\"https:\\\/\\\/aconteceunovale.com.br\\\/portal\\\/?author=1\"}]}<\/script>\n<!-- \/ Yoast SEO plugin. -->","yoast_head_json":{"title":"Vereador Cl\u00e1udio Prates renuncia ao mandato - Aconteceu no Vale","robots":{"index":"index","follow":"follow","max-snippet":"max-snippet:-1","max-image-preview":"max-image-preview:large","max-video-preview":"max-video-preview:-1"},"canonical":"https:\/\/aconteceunovale.com.br\/portal\/?p=146235","og_locale":"pt_BR","og_type":"article","og_title":"Vereador Cl\u00e1udio Prates renuncia ao mandato - Aconteceu no Vale","og_description":"O vereador Cl\u00e1udio Prates (PTB), de Montes Claros (MG), renunciou ao mandato durante reuni\u00e3o ordin\u00e1ria nesta ter\u00e7a-feira (26\/03\/2019) na C\u00e2mara Municipal. Prates foi o candidato mais votado nas duas \u00faltimas elei\u00e7\u00f5es e alegou motivos pessoais para deixar o cargo. \u201cOutros projetos e ideais e sonhos se tornam incompat\u00edveis com esta sublime miss\u00e3o pol\u00edtica, raz\u00e3o pela [&hellip;]","og_url":"https:\/\/aconteceunovale.com.br\/portal\/?p=146235","og_site_name":"Aconteceu no Vale","article_publisher":"https:\/\/www.facebook.com\/aconteceunovale\/","article_published_time":"2019-03-26T23:40:20+00:00","og_image":[{"width":675,"height":450,"url":"https:\/\/aconteceunovale.com.br\/portal\/wp-content\/uploads\/2019\/03\/claudio_prates.jpg","type":"image\/jpeg"}],"author":"Aconteceu no Vale","twitter_card":"summary_large_image","twitter_creator":"@noticiadosvales","twitter_site":"@noticiadosvales","twitter_misc":{"Escrito por":"Aconteceu no Vale","Est. tempo de leitura":"2 minutos"},"schema":{"@context":"https:\/\/schema.org","@graph":[{"@type":"Article","@id":"https:\/\/aconteceunovale.com.br\/portal\/?p=146235#article","isPartOf":{"@id":"https:\/\/aconteceunovale.com.br\/portal\/?p=146235"},"author":{"name":"Aconteceu no Vale","@id":"https:\/\/aconteceunovale.com.br\/portal\/#\/schema\/person\/633529146f2c94272bef50ac2953d589"},"headline":"Vereador Cl\u00e1udio Prates renuncia ao mandato","datePublished":"2019-03-26T23:40:20+00:00","mainEntityOfPage":{"@id":"https:\/\/aconteceunovale.com.br\/portal\/?p=146235"},"wordCount":315,"commentCount":0,"image":{"@id":"https:\/\/aconteceunovale.com.br\/portal\/?p=146235#primaryimage"},"thumbnailUrl":"https:\/\/aconteceunovale.com.br\/portal\/wp-content\/uploads\/2019\/03\/claudio_prates.jpg","keywords":["Cl\u00e1udio Prates","Cl\u00e1udio Prates ren\u00fancia mandato","Montes Claros","Ren\u00fancia Cl\u00e1udio Prates","Vereador Cl\u00e1udio Prates renuncia ao mandato"],"articleSection":["Norte de Minas","Pol\u00edtica"],"inLanguage":"pt-BR","potentialAction":[{"@type":"CommentAction","name":"Comment","target":["https:\/\/aconteceunovale.com.br\/portal\/?p=146235#respond"]}]},{"@type":"WebPage","@id":"https:\/\/aconteceunovale.com.br\/portal\/?p=146235","url":"https:\/\/aconteceunovale.com.br\/portal\/?p=146235","name":"Vereador Cl\u00e1udio Prates renuncia ao mandato - Aconteceu no Vale","isPartOf":{"@id":"https:\/\/aconteceunovale.com.br\/portal\/#website"},"primaryImageOfPage":{"@id":"https:\/\/aconteceunovale.com.br\/portal\/?p=146235#primaryimage"},"image":{"@id":"https:\/\/aconteceunovale.com.br\/portal\/?p=146235#primaryimage"},"thumbnailUrl":"https:\/\/aconteceunovale.com.br\/portal\/wp-content\/uploads\/2019\/03\/claudio_prates.jpg","datePublished":"2019-03-26T23:40:20+00:00","author":{"@id":"https:\/\/aconteceunovale.com.br\/portal\/#\/schema\/person\/633529146f2c94272bef50ac2953d589"},"breadcrumb":{"@id":"https:\/\/aconteceunovale.com.br\/portal\/?p=146235#breadcrumb"},"inLanguage":"pt-BR","potentialAction":[{"@type":"ReadAction","target":["https:\/\/aconteceunovale.com.br\/portal\/?p=146235"]}]},{"@type":"ImageObject","inLanguage":"pt-BR","@id":"https:\/\/aconteceunovale.com.br\/portal\/?p=146235#primaryimage","url":"https:\/\/aconteceunovale.com.br\/portal\/wp-content\/uploads\/2019\/03\/claudio_prates.jpg","contentUrl":"https:\/\/aconteceunovale.com.br\/portal\/wp-content\/uploads\/2019\/03\/claudio_prates.jpg","width":675,"height":450},{"@type":"BreadcrumbList","@id":"https:\/\/aconteceunovale.com.br\/portal\/?p=146235#breadcrumb","itemListElement":[{"@type":"ListItem","position":1,"name":"In\u00edcio","item":"https:\/\/aconteceunovale.com.br\/portal\/"},{"@type":"ListItem","position":2,"name":"Vereador Cl\u00e1udio Prates renuncia ao mandato"}]},{"@type":"WebSite","@id":"https:\/\/aconteceunovale.com.br\/portal\/#website","url":"https:\/\/aconteceunovale.com.br\/portal\/","name":"Aconteceu no Vale","description":"Portal de Not\u00edcias","potentialAction":[{"@type":"SearchAction","target":{"@type":"EntryPoint","urlTemplate":"https:\/\/aconteceunovale.com.br\/portal\/?s={search_term_string}"},"query-input":{"@type":"PropertyValueSpecification","valueRequired":true,"valueName":"search_term_string"}}],"inLanguage":"pt-BR"},{"@type":"Person","@id":"https:\/\/aconteceunovale.com.br\/portal\/#\/schema\/person\/633529146f2c94272bef50ac2953d589","name":"Aconteceu no Vale","description":"Equipe de reportagem do Aconteceu no Vale, portal de not\u00edcias do Vale do Jequitinhonha, em Minas Gerais. Cobrimos as 51 cidades do Vale desde 2013. Sugest\u00f5es de pauta e pedidos de corre\u00e7\u00e3o: contato@aconteceunovale.com.br","sameAs":["http:\/\/www.aconteceunovale.com.br"],"url":"https:\/\/aconteceunovale.com.br\/portal\/?author=1"}]}},"_links":{"self":[{"href":"https:\/\/aconteceunovale.com.br\/portal\/index.php?rest_route=\/wp\/v2\/posts\/146235","targetHints":{"allow":["GET"]}}],"collection":[{"href":"https:\/\/aconteceunovale.com.br\/portal\/index.php?rest_route=\/wp\/v2\/posts"}],"about":[{"href":"https:\/\/aconteceunovale.com.br\/portal\/index.php?rest_route=\/wp\/v2\/types\/post"}],"author":[{"embeddable":true,"href":"https:\/\/aconteceunovale.com.br\/portal\/index.php?rest_route=\/wp\/v2\/users\/1"}],"replies":[{"embeddable":true,"href":"https:\/\/aconteceunovale.com.br\/portal\/index.php?rest_route=%2Fwp%2Fv2%2Fcomments&post=146235"}],"version-history":[{"count":0,"href":"https:\/\/aconteceunovale.com.br\/portal\/index.php?rest_route=\/wp\/v2\/posts\/146235\/revisions"}],"wp:featuredmedia":[{"embeddable":true,"href":"https:\/\/aconteceunovale.com.br\/portal\/index.php?rest_route=\/wp\/v2\/media\/146236"}],"wp:attachment":[{"href":"https:\/\/aconteceunovale.com.br\/portal\/index.php?rest_route=%2Fwp%2Fv2%2Fmedia&parent=146235"}],"wp:term":[{"taxonomy":"category","embeddable":true,"href":"https:\/\/aconteceunovale.com.br\/portal\/index.php?rest_route=%2Fwp%2Fv2%2Fcategories&post=146235"},{"taxonomy":"post_tag","embeddable":true,"href":"https:\/\/aconteceunovale.com.br\/portal\/index.php?rest_route=%2Fwp%2Fv2%2Ftags&post=146235"}],"curies":[{"name":"wp","href":"https:\/\/api.w.org\/{rel}","templated":true}]}}