{"id":146230,"date":"2019-03-26T21:19:31","date_gmt":"2019-03-26T23:19:31","guid":{"rendered":"http:\/\/aconteceunovale.com.br\/portal\/?p=146230"},"modified":"2019-03-26T21:19:31","modified_gmt":"2019-03-26T23:19:31","slug":"estado-e-ief-devem-regularizar-area-do-parque-caminhos-dos-gerais-no-norte-de-minas","status":"publish","type":"post","link":"https:\/\/aconteceunovale.com.br\/portal\/?p=146230","title":{"rendered":"Estado e IEF devem regularizar \u00e1rea do Parque Caminhos dos Gerais, no Norte de Minas"},"content":{"rendered":"<p>O juiz Marcelo Magno Jord\u00e3o Gomes, da Comarca de Monte Azul, condenou o Estado de Minas Gerais e o Instituto Estadual de Florestas (IEF) a tomar diversas provid\u00eancias para melhorar o funcionamento do Parque Estadual Caminho dos Gerais, que se estende pelos munic\u00edpios de Monte Azul, Mamonas, Gameleiras e Espinosa. A condena\u00e7\u00e3o atende a pedido do Minist\u00e9rio P\u00fablico de Minas Gerais (MPMG).<br \/>\n<center><br \/>\n<!-- Erro, o An\u00fancio n\u00e3o est\u00e1 dispon\u00edvel neste momento devido \u00e0s restri\u00e7\u00f5es de agendamento\/geolocaliza\u00e7\u00e3o! --><br \/>\n<\/br><br \/>\n<\/center><br \/>\nO MPMG ajuizou uma a\u00e7\u00e3o civil p\u00fablica em desfavor do Estado de Minas Gerais e do IEF, alegando que o parque est\u00e1 sofrendo uma s\u00e9rie de impactos negativos devido \u00e0 estrutura prec\u00e1ria e ao fato de ainda possuir \u00e1reas pendentes de regulariza\u00e7\u00e3o.<\/p>\n<p>Segundo a den\u00fancia, dos dois escrit\u00f3rios previstos para funcionar, um em Monte Azul e outro em Gameleiras, o primeiro n\u00e3o tem estrutura b\u00e1sica de funcionamento, e o segundo conta com uma infraestrutura m\u00ednima.<\/p>\n<p>Outras alega\u00e7\u00f5es s\u00e3o de que n\u00e3o h\u00e1 vigilantes noturnos, a sinaliza\u00e7\u00e3o n\u00e3o atende a dispositivo legal, faltam equipamentos em geral, n\u00e3o h\u00e1 plano de manejo e o conselho gestor ainda n\u00e3o foi formado, apesar de o parque ter sido criado em 2007.<\/p>\n<p>As partes contestaram, afirmando que todos os esfor\u00e7os est\u00e3o sendo feitos para a efetiva implanta\u00e7\u00e3o e gest\u00e3o do parque. Outro argumento \u00e9 o de que a utiliza\u00e7\u00e3o dos recursos est\u00e1 vinculada ao or\u00e7amento da institui\u00e7\u00e3o, que n\u00e3o condiz com o valor arrecadado.<\/p>\n<p>O juiz, no entanto, julgou parcialmente procedentes os pedidos iniciais para condenar o estado e o IEF a elaborar plano de manejo no prazo de um ano; apresentar relat\u00f3rio da situa\u00e7\u00e3o fundi\u00e1ria do parque, no prazo de seis meses, com mapa georreferenciado e cronograma detalhado da execu\u00e7\u00e3o das a\u00e7\u00f5es que ser\u00e3o implementadas; e adotar as provid\u00eancias administrativas e\/ou judiciais para regularizar a situa\u00e7\u00e3o fundi\u00e1ria do parque no prazo de dois anos.<\/p>\n<p>Quanto aos pedidos de investimento em infraestrutura \u2013 aquisi\u00e7\u00e3o de ve\u00edculos e equipamentos, instala\u00e7\u00e3o de sinaliza\u00e7\u00e3o educativa, interpretativa e de advert\u00eancia \u2013 e contrata\u00e7\u00e3o de pessoal, o juiz afirmou que n\u00e3o podem ser acolhidos porque dependem de dota\u00e7\u00e3o or\u00e7ament\u00e1ria.<\/p>\n<p><img decoding=\"async\" src=\"http:\/\/aconteceunovale.com.br\/portal\/wp-content\/uploads\/2019\/03\/parque_monte_azul.jpg\" alt=\"\" \/><em>Foto: Divulga\u00e7\u00e3o\/TJMG<\/em><br \/>\n<\/br><\/p>\n<p><strong>VER PRIMEIRO<\/strong><\/p>\n<p>Receba as not\u00edcias do Aconteceu no Vale em primeira m\u00e3o. Clique em curtir no endere\u00e7o <a href=\"https:\/\/www.facebook.com\/aconteceunovale\" target=\"_blank\"><font color=\"red\">www.facebook.com\/aconteceunovale<\/font><\/a> ou no box abaixo:<\/p>\n<div class=\"fb-like\" data-href=\"https:\/\/www.facebook.com\/aconteceunovale\" data-width=\"120\" data-layout=\"standard\" data-action=\"like\" data-size=\"small\" data-show-faces=\"true\" data-share=\"true\"><\/div>\n<p><!-- Erro, o An\u00fancio n\u00e3o est\u00e1 dispon\u00edvel neste momento devido \u00e0s restri\u00e7\u00f5es de agendamento\/geolocaliza\u00e7\u00e3o! --><br \/>\n<\/br><\/p>\n<p><em>(Fonte: TJMG)<\/em><\/p>\n","protected":false},"excerpt":{"rendered":"<p>O juiz Marcelo Magno Jord\u00e3o Gomes, da Comarca de Monte Azul, condenou o Estado de Minas Gerais e o Instituto Estadual de Florestas (IEF) a tomar diversas provid\u00eancias para melhorar o funcionamento do Parque Estadual Caminho dos Gerais, que se estende pelos munic\u00edpios de Monte Azul, Mamonas, Gameleiras e Espinosa. A condena\u00e7\u00e3o atende a pedido [&hellip;]<\/p>\n","protected":false},"author":1,"featured_media":146231,"comment_status":"open","ping_status":"closed","sticky":false,"template":"","format":"standard","meta":{"amp_status":"","footnotes":""},"categories":[1236],"tags":[198517,1018,1278,198519,198520,4531,748,38221,198516,3673,198515,1277,19675,33228,198518],"class_list":["post-146230","post","type-post","status-publish","format-standard","has-post-thumbnail","hentry","category-norte_de_minas","tag-comarca-de-monte-azul","tag-destaque","tag-espinosa","tag-estado-e-ief-devem-regularizar-area-do-parque-caminhos-dos-gerais","tag-estado-e-ief-devem-regularizar-area-do-parque-caminhos-dos-gerais-no-norte-de-minas","tag-gameleiras","tag-ief","tag-instituto-estadual-de-florestas","tag-juiz-marcelo-magno-jordao-gomes","tag-mamonas","tag-marcelo-magno-jordao-gomes","tag-monte-azul","tag-mpmg","tag-no-norte-de-minas","tag-parque-estadual-caminho-das-gerais"],"yoast_head":"<!-- This site is optimized with the Yoast SEO plugin v28.3 - https:\/\/yoast.com\/product\/yoast-seo-wordpress\/ -->\n<title>Estado e IEF devem regularizar \u00e1rea do Parque Caminhos dos Gerais, no Norte de Minas - Aconteceu no Vale<\/title>\n<meta name=\"robots\" content=\"index, follow, max-snippet:-1, max-image-preview:large, max-video-preview:-1\" \/>\n<link rel=\"canonical\" href=\"https:\/\/aconteceunovale.com.br\/portal\/?p=146230\" \/>\n<meta property=\"og:locale\" content=\"pt_BR\" \/>\n<meta property=\"og:type\" content=\"article\" \/>\n<meta property=\"og:title\" content=\"Estado e IEF devem regularizar \u00e1rea do Parque Caminhos dos Gerais, no Norte de Minas - Aconteceu no Vale\" \/>\n<meta property=\"og:description\" content=\"O juiz Marcelo Magno Jord\u00e3o Gomes, da Comarca de Monte Azul, condenou o Estado de Minas Gerais e o Instituto Estadual de Florestas (IEF) a tomar diversas provid\u00eancias para melhorar o funcionamento do Parque Estadual Caminho dos Gerais, que se estende pelos munic\u00edpios de Monte Azul, Mamonas, Gameleiras e Espinosa. A condena\u00e7\u00e3o atende a pedido [&hellip;]\" \/>\n<meta property=\"og:url\" content=\"https:\/\/aconteceunovale.com.br\/portal\/?p=146230\" \/>\n<meta property=\"og:site_name\" content=\"Aconteceu no Vale\" \/>\n<meta property=\"article:publisher\" content=\"https:\/\/www.facebook.com\/aconteceunovale\/\" \/>\n<meta property=\"article:published_time\" content=\"2019-03-26T23:19:31+00:00\" \/>\n<meta property=\"og:image\" content=\"https:\/\/aconteceunovale.com.br\/portal\/wp-content\/uploads\/2019\/03\/parque_monte_azul.jpg\" \/>\n\t<meta property=\"og:image:width\" content=\"674\" \/>\n\t<meta property=\"og:image:height\" content=\"450\" \/>\n\t<meta property=\"og:image:type\" content=\"image\/jpeg\" \/>\n<meta name=\"author\" content=\"Aconteceu no Vale\" \/>\n<meta name=\"twitter:card\" content=\"summary_large_image\" \/>\n<meta name=\"twitter:creator\" content=\"@noticiadosvales\" \/>\n<meta name=\"twitter:site\" content=\"@noticiadosvales\" \/>\n<meta name=\"twitter:label1\" content=\"Escrito por\" \/>\n\t<meta name=\"twitter:data1\" content=\"Aconteceu no Vale\" \/>\n\t<meta name=\"twitter:label2\" content=\"Est. tempo de leitura\" \/>\n\t<meta name=\"twitter:data2\" content=\"2 minutos\" \/>\n<script type=\"application\/ld+json\" class=\"yoast-schema-graph\">{\"@context\":\"https:\\\/\\\/schema.org\",\"@graph\":[{\"@type\":\"Article\",\"@id\":\"https:\\\/\\\/aconteceunovale.com.br\\\/portal\\\/?p=146230#article\",\"isPartOf\":{\"@id\":\"https:\\\/\\\/aconteceunovale.com.br\\\/portal\\\/?p=146230\"},\"author\":{\"name\":\"Aconteceu no Vale\",\"@id\":\"https:\\\/\\\/aconteceunovale.com.br\\\/portal\\\/#\\\/schema\\\/person\\\/633529146f2c94272bef50ac2953d589\"},\"headline\":\"Estado e IEF devem regularizar \u00e1rea do Parque Caminhos dos Gerais, no Norte de Minas\",\"datePublished\":\"2019-03-26T23:19:31+00:00\",\"mainEntityOfPage\":{\"@id\":\"https:\\\/\\\/aconteceunovale.com.br\\\/portal\\\/?p=146230\"},\"wordCount\":430,\"commentCount\":0,\"image\":{\"@id\":\"https:\\\/\\\/aconteceunovale.com.br\\\/portal\\\/?p=146230#primaryimage\"},\"thumbnailUrl\":\"https:\\\/\\\/aconteceunovale.com.br\\\/portal\\\/wp-content\\\/uploads\\\/2019\\\/03\\\/parque_monte_azul.jpg\",\"keywords\":[\"Comarca de Monte Azul\",\"destaque\",\"espinosa\",\"Estado e IEF devem regularizar \u00e1rea do Parque Caminhos dos Gerais\",\"Estado e IEF devem regularizar \u00e1rea do Parque Caminhos dos Gerais no Norte de Minas\",\"Gameleiras\",\"IEF\",\"Instituto Estadual de Florestas\",\"Juiz Marcelo Magno Jord\u00e3o Gomes\",\"Mamonas\",\"Marcelo Magno Jord\u00e3o Gomes\",\"monte azul\",\"MPMG\",\"no Norte de Minas\",\"Parque Estadual Caminho das Gerais\"],\"articleSection\":[\"Norte de Minas\"],\"inLanguage\":\"pt-BR\",\"potentialAction\":[{\"@type\":\"CommentAction\",\"name\":\"Comment\",\"target\":[\"https:\\\/\\\/aconteceunovale.com.br\\\/portal\\\/?p=146230#respond\"]}]},{\"@type\":\"WebPage\",\"@id\":\"https:\\\/\\\/aconteceunovale.com.br\\\/portal\\\/?p=146230\",\"url\":\"https:\\\/\\\/aconteceunovale.com.br\\\/portal\\\/?p=146230\",\"name\":\"Estado e IEF devem regularizar \u00e1rea do Parque Caminhos dos Gerais, no Norte de Minas - Aconteceu no Vale\",\"isPartOf\":{\"@id\":\"https:\\\/\\\/aconteceunovale.com.br\\\/portal\\\/#website\"},\"primaryImageOfPage\":{\"@id\":\"https:\\\/\\\/aconteceunovale.com.br\\\/portal\\\/?p=146230#primaryimage\"},\"image\":{\"@id\":\"https:\\\/\\\/aconteceunovale.com.br\\\/portal\\\/?p=146230#primaryimage\"},\"thumbnailUrl\":\"https:\\\/\\\/aconteceunovale.com.br\\\/portal\\\/wp-content\\\/uploads\\\/2019\\\/03\\\/parque_monte_azul.jpg\",\"datePublished\":\"2019-03-26T23:19:31+00:00\",\"author\":{\"@id\":\"https:\\\/\\\/aconteceunovale.com.br\\\/portal\\\/#\\\/schema\\\/person\\\/633529146f2c94272bef50ac2953d589\"},\"breadcrumb\":{\"@id\":\"https:\\\/\\\/aconteceunovale.com.br\\\/portal\\\/?p=146230#breadcrumb\"},\"inLanguage\":\"pt-BR\",\"potentialAction\":[{\"@type\":\"ReadAction\",\"target\":[\"https:\\\/\\\/aconteceunovale.com.br\\\/portal\\\/?p=146230\"]}]},{\"@type\":\"ImageObject\",\"inLanguage\":\"pt-BR\",\"@id\":\"https:\\\/\\\/aconteceunovale.com.br\\\/portal\\\/?p=146230#primaryimage\",\"url\":\"https:\\\/\\\/aconteceunovale.com.br\\\/portal\\\/wp-content\\\/uploads\\\/2019\\\/03\\\/parque_monte_azul.jpg\",\"contentUrl\":\"https:\\\/\\\/aconteceunovale.com.br\\\/portal\\\/wp-content\\\/uploads\\\/2019\\\/03\\\/parque_monte_azul.jpg\",\"width\":674,\"height\":450},{\"@type\":\"BreadcrumbList\",\"@id\":\"https:\\\/\\\/aconteceunovale.com.br\\\/portal\\\/?p=146230#breadcrumb\",\"itemListElement\":[{\"@type\":\"ListItem\",\"position\":1,\"name\":\"In\u00edcio\",\"item\":\"https:\\\/\\\/aconteceunovale.com.br\\\/portal\\\/\"},{\"@type\":\"ListItem\",\"position\":2,\"name\":\"Estado e IEF devem regularizar \u00e1rea do Parque Caminhos dos Gerais, no Norte de Minas\"}]},{\"@type\":\"WebSite\",\"@id\":\"https:\\\/\\\/aconteceunovale.com.br\\\/portal\\\/#website\",\"url\":\"https:\\\/\\\/aconteceunovale.com.br\\\/portal\\\/\",\"name\":\"Aconteceu no Vale\",\"description\":\"Portal de Not\u00edcias\",\"potentialAction\":[{\"@type\":\"SearchAction\",\"target\":{\"@type\":\"EntryPoint\",\"urlTemplate\":\"https:\\\/\\\/aconteceunovale.com.br\\\/portal\\\/?s={search_term_string}\"},\"query-input\":{\"@type\":\"PropertyValueSpecification\",\"valueRequired\":true,\"valueName\":\"search_term_string\"}}],\"inLanguage\":\"pt-BR\"},{\"@type\":\"Person\",\"@id\":\"https:\\\/\\\/aconteceunovale.com.br\\\/portal\\\/#\\\/schema\\\/person\\\/633529146f2c94272bef50ac2953d589\",\"name\":\"Aconteceu no Vale\",\"description\":\"Equipe de reportagem do Aconteceu no Vale, portal de not\u00edcias do Vale do Jequitinhonha, em Minas Gerais. Cobrimos as 51 cidades do Vale desde 2013. Sugest\u00f5es de pauta e pedidos de corre\u00e7\u00e3o: contato@aconteceunovale.com.br\",\"sameAs\":[\"http:\\\/\\\/www.aconteceunovale.com.br\"],\"url\":\"https:\\\/\\\/aconteceunovale.com.br\\\/portal\\\/?author=1\"}]}<\/script>\n<!-- \/ Yoast SEO plugin. -->","yoast_head_json":{"title":"Estado e IEF devem regularizar \u00e1rea do Parque Caminhos dos Gerais, no Norte de Minas - Aconteceu no Vale","robots":{"index":"index","follow":"follow","max-snippet":"max-snippet:-1","max-image-preview":"max-image-preview:large","max-video-preview":"max-video-preview:-1"},"canonical":"https:\/\/aconteceunovale.com.br\/portal\/?p=146230","og_locale":"pt_BR","og_type":"article","og_title":"Estado e IEF devem regularizar \u00e1rea do Parque Caminhos dos Gerais, no Norte de Minas - Aconteceu no Vale","og_description":"O juiz Marcelo Magno Jord\u00e3o Gomes, da Comarca de Monte Azul, condenou o Estado de Minas Gerais e o Instituto Estadual de Florestas (IEF) a tomar diversas provid\u00eancias para melhorar o funcionamento do Parque Estadual Caminho dos Gerais, que se estende pelos munic\u00edpios de Monte Azul, Mamonas, Gameleiras e Espinosa. A condena\u00e7\u00e3o atende a pedido [&hellip;]","og_url":"https:\/\/aconteceunovale.com.br\/portal\/?p=146230","og_site_name":"Aconteceu no Vale","article_publisher":"https:\/\/www.facebook.com\/aconteceunovale\/","article_published_time":"2019-03-26T23:19:31+00:00","og_image":[{"width":674,"height":450,"url":"https:\/\/aconteceunovale.com.br\/portal\/wp-content\/uploads\/2019\/03\/parque_monte_azul.jpg","type":"image\/jpeg"}],"author":"Aconteceu no Vale","twitter_card":"summary_large_image","twitter_creator":"@noticiadosvales","twitter_site":"@noticiadosvales","twitter_misc":{"Escrito por":"Aconteceu no Vale","Est. tempo de leitura":"2 minutos"},"schema":{"@context":"https:\/\/schema.org","@graph":[{"@type":"Article","@id":"https:\/\/aconteceunovale.com.br\/portal\/?p=146230#article","isPartOf":{"@id":"https:\/\/aconteceunovale.com.br\/portal\/?p=146230"},"author":{"name":"Aconteceu no Vale","@id":"https:\/\/aconteceunovale.com.br\/portal\/#\/schema\/person\/633529146f2c94272bef50ac2953d589"},"headline":"Estado e IEF devem regularizar \u00e1rea do Parque Caminhos dos Gerais, no Norte de Minas","datePublished":"2019-03-26T23:19:31+00:00","mainEntityOfPage":{"@id":"https:\/\/aconteceunovale.com.br\/portal\/?p=146230"},"wordCount":430,"commentCount":0,"image":{"@id":"https:\/\/aconteceunovale.com.br\/portal\/?p=146230#primaryimage"},"thumbnailUrl":"https:\/\/aconteceunovale.com.br\/portal\/wp-content\/uploads\/2019\/03\/parque_monte_azul.jpg","keywords":["Comarca de Monte Azul","destaque","espinosa","Estado e IEF devem regularizar \u00e1rea do Parque Caminhos dos Gerais","Estado e IEF devem regularizar \u00e1rea do Parque Caminhos dos Gerais no Norte de Minas","Gameleiras","IEF","Instituto Estadual de Florestas","Juiz Marcelo Magno Jord\u00e3o Gomes","Mamonas","Marcelo Magno Jord\u00e3o Gomes","monte azul","MPMG","no Norte de Minas","Parque Estadual Caminho das Gerais"],"articleSection":["Norte de Minas"],"inLanguage":"pt-BR","potentialAction":[{"@type":"CommentAction","name":"Comment","target":["https:\/\/aconteceunovale.com.br\/portal\/?p=146230#respond"]}]},{"@type":"WebPage","@id":"https:\/\/aconteceunovale.com.br\/portal\/?p=146230","url":"https:\/\/aconteceunovale.com.br\/portal\/?p=146230","name":"Estado e IEF devem regularizar \u00e1rea do Parque Caminhos dos Gerais, no Norte de Minas - Aconteceu no Vale","isPartOf":{"@id":"https:\/\/aconteceunovale.com.br\/portal\/#website"},"primaryImageOfPage":{"@id":"https:\/\/aconteceunovale.com.br\/portal\/?p=146230#primaryimage"},"image":{"@id":"https:\/\/aconteceunovale.com.br\/portal\/?p=146230#primaryimage"},"thumbnailUrl":"https:\/\/aconteceunovale.com.br\/portal\/wp-content\/uploads\/2019\/03\/parque_monte_azul.jpg","datePublished":"2019-03-26T23:19:31+00:00","author":{"@id":"https:\/\/aconteceunovale.com.br\/portal\/#\/schema\/person\/633529146f2c94272bef50ac2953d589"},"breadcrumb":{"@id":"https:\/\/aconteceunovale.com.br\/portal\/?p=146230#breadcrumb"},"inLanguage":"pt-BR","potentialAction":[{"@type":"ReadAction","target":["https:\/\/aconteceunovale.com.br\/portal\/?p=146230"]}]},{"@type":"ImageObject","inLanguage":"pt-BR","@id":"https:\/\/aconteceunovale.com.br\/portal\/?p=146230#primaryimage","url":"https:\/\/aconteceunovale.com.br\/portal\/wp-content\/uploads\/2019\/03\/parque_monte_azul.jpg","contentUrl":"https:\/\/aconteceunovale.com.br\/portal\/wp-content\/uploads\/2019\/03\/parque_monte_azul.jpg","width":674,"height":450},{"@type":"BreadcrumbList","@id":"https:\/\/aconteceunovale.com.br\/portal\/?p=146230#breadcrumb","itemListElement":[{"@type":"ListItem","position":1,"name":"In\u00edcio","item":"https:\/\/aconteceunovale.com.br\/portal\/"},{"@type":"ListItem","position":2,"name":"Estado e IEF devem regularizar \u00e1rea do Parque Caminhos dos Gerais, no Norte de Minas"}]},{"@type":"WebSite","@id":"https:\/\/aconteceunovale.com.br\/portal\/#website","url":"https:\/\/aconteceunovale.com.br\/portal\/","name":"Aconteceu no Vale","description":"Portal de Not\u00edcias","potentialAction":[{"@type":"SearchAction","target":{"@type":"EntryPoint","urlTemplate":"https:\/\/aconteceunovale.com.br\/portal\/?s={search_term_string}"},"query-input":{"@type":"PropertyValueSpecification","valueRequired":true,"valueName":"search_term_string"}}],"inLanguage":"pt-BR"},{"@type":"Person","@id":"https:\/\/aconteceunovale.com.br\/portal\/#\/schema\/person\/633529146f2c94272bef50ac2953d589","name":"Aconteceu no Vale","description":"Equipe de reportagem do Aconteceu no Vale, portal de not\u00edcias do Vale do Jequitinhonha, em Minas Gerais. Cobrimos as 51 cidades do Vale desde 2013. Sugest\u00f5es de pauta e pedidos de corre\u00e7\u00e3o: contato@aconteceunovale.com.br","sameAs":["http:\/\/www.aconteceunovale.com.br"],"url":"https:\/\/aconteceunovale.com.br\/portal\/?author=1"}]}},"_links":{"self":[{"href":"https:\/\/aconteceunovale.com.br\/portal\/index.php?rest_route=\/wp\/v2\/posts\/146230","targetHints":{"allow":["GET"]}}],"collection":[{"href":"https:\/\/aconteceunovale.com.br\/portal\/index.php?rest_route=\/wp\/v2\/posts"}],"about":[{"href":"https:\/\/aconteceunovale.com.br\/portal\/index.php?rest_route=\/wp\/v2\/types\/post"}],"author":[{"embeddable":true,"href":"https:\/\/aconteceunovale.com.br\/portal\/index.php?rest_route=\/wp\/v2\/users\/1"}],"replies":[{"embeddable":true,"href":"https:\/\/aconteceunovale.com.br\/portal\/index.php?rest_route=%2Fwp%2Fv2%2Fcomments&post=146230"}],"version-history":[{"count":0,"href":"https:\/\/aconteceunovale.com.br\/portal\/index.php?rest_route=\/wp\/v2\/posts\/146230\/revisions"}],"wp:featuredmedia":[{"embeddable":true,"href":"https:\/\/aconteceunovale.com.br\/portal\/index.php?rest_route=\/wp\/v2\/media\/146231"}],"wp:attachment":[{"href":"https:\/\/aconteceunovale.com.br\/portal\/index.php?rest_route=%2Fwp%2Fv2%2Fmedia&parent=146230"}],"wp:term":[{"taxonomy":"category","embeddable":true,"href":"https:\/\/aconteceunovale.com.br\/portal\/index.php?rest_route=%2Fwp%2Fv2%2Fcategories&post=146230"},{"taxonomy":"post_tag","embeddable":true,"href":"https:\/\/aconteceunovale.com.br\/portal\/index.php?rest_route=%2Fwp%2Fv2%2Ftags&post=146230"}],"curies":[{"name":"wp","href":"https:\/\/api.w.org\/{rel}","templated":true}]}}