{"id":146219,"date":"2019-03-26T20:32:49","date_gmt":"2019-03-26T22:32:49","guid":{"rendered":"http:\/\/aconteceunovale.com.br\/portal\/?p=146219"},"modified":"2019-03-26T20:32:49","modified_gmt":"2019-03-26T22:32:49","slug":"vereador-preso-em-ipatinga-e-solto-apos-pagar-fianca","status":"publish","type":"post","link":"https:\/\/aconteceunovale.com.br\/portal\/?p=146219","title":{"rendered":"Vereador preso em Ipatinga \u00e9 solto ap\u00f3s pagar fian\u00e7a"},"content":{"rendered":"<p>O vereador de Ipatinga Jos\u00e9 Geraldo de Andrade (Avante), preso na opera\u00e7\u00e3o Dolos, foi solto nessa segunda-feira (25) depois de colocar um ve\u00edculo como garantia de indeniza\u00e7\u00e3o, caso haja condena\u00e7\u00e3o. Andrade foi o quarto vereador preso na opera\u00e7\u00e3o que investiga manipula\u00e7\u00e3o de sal\u00e1rios de servidores, em um esquema em que os parlamentares exigiam parte dos sal\u00e1rios de seus assessores.<br \/>\n<center><br \/>\n<!-- Erro, o An\u00fancio n\u00e3o est\u00e1 dispon\u00edvel neste momento devido \u00e0s restri\u00e7\u00f5es de agendamento\/geolocaliza\u00e7\u00e3o! --><br \/>\n<\/br><br \/>\n<\/center><br \/>\nSegundo o advogado de defesa do vereador, In\u00e1cio Luiz Gomes de Barros J\u00fanior, Andrade dever\u00e1 cumprir algumas medidas cautelares como recolhimento domiciliar ap\u00f3s \u00e0s 20h, comparecimento em ju\u00edzo em todos os atos do processo, n\u00e3o se mudar de endere\u00e7o sem autoriza\u00e7\u00e3o expressa do juiz.<\/p>\n<p>O advogado informou ainda que o vereador poder\u00e1 ir a alguns lugares determinados como trabalho, casa de familiares e escrit\u00f3rio de advocacia. A defesa disse que o parlamentar se comprometeu a usar tornozeleira eletr\u00f4nica, assim que o equipamento estiver dispon\u00edvel na regi\u00e3o. Caso n\u00e3o cumpra com as medidas, Andrade poder\u00e1 ser preso preventivamente.<\/p>\n<p>Na sexta-feira (22), o juiz titular da 1\u00aa Vara Criminal de Ipatinga, Jos\u00e9 Maria Pataro, determinou a soltura do vereador mediante pagamento de fian\u00e7a no valor de 100 sal\u00e1rios m\u00ednimos, ou seja, R$ 95.400. A defesa do vereador indicou um ve\u00edculo para que fosse dado em garantia para substitui\u00e7\u00e3o do valor, o que foi aceito pelo magistrado.<\/p>\n<p><strong>Termo de Ajustamento de Conduta<\/strong><\/p>\n<p>Na \u00faltima quarta-feira (20), o vereador Jos\u00e9 Geraldo de Andrade assinou um Termo de Ajustamento de Conduta (TAC) com o Minist\u00e9rio P\u00fablico, em que se comprometeu a renunciar ao cargo em at\u00e9 dez dias ap\u00f3s ser homologado.<\/p>\n<p>Na \u00e9poca, o promotor da 7\u00aa Promotoria de Justi\u00e7a da comarca de Ipatinga, F\u00e1bio Finotti informou que caso ele fosse solto estaria assumindo o compromisso de licenciar do cargo. \u201cEnt\u00e3o, em qualquer hip\u00f3tese, seja preso ou solto, ele n\u00e3o volta a assumir o cargo\u201d, disse.<\/p>\n<p>No acordo, o vereador tamb\u00e9m se comprometeu a pagar em 30 dias uma multa de cinco vezes o valor do subs\u00eddio mensal de um vereador, totalizando R$ 50.545. O TAC firmado diz ainda que o parlamentar vai ter que pagar R$ 100 mil, em at\u00e9 60 dias, por danos morais coletivos. Andrade se comprometeu, tamb\u00e9m, a n\u00e3o ocupar nenhum cargo p\u00fablico pelos pr\u00f3ximos cinco anos.<\/p>\n<p><strong>Entenda o caso<\/strong><\/p>\n<p>A opera\u00e7\u00e3o Dolos \u00e9 uma a\u00e7\u00e3o conjunta entre Minist\u00e9rio P\u00fablico, Pol\u00edcias Civil e Militar, atrav\u00e9s do Grupo de Atua\u00e7\u00e3o de Combate ao Crime Organizado (GAECO). Segundo as investiga\u00e7\u00f5es, vereadores de Ipatinga contratavam assessores e exigiam deles parte do sal\u00e1rio de volta. Al\u00e9m de Jos\u00e9 Geraldo de Andrade, foram presos Wanderson Gandra (PSC), Rog\u00e9rio Ant\u00f4nio Bento e Luiz M\u00e1rcio Rocha (PTC) e um chefe de gabinete. O vereador Paulo Reis (PROS) \u00e9 considerado foragido da Justi\u00e7a.<\/p>\n<p>De acordo com o MP, o esquema para arrecadar a verba acontecia de mais de uma maneira. A primeira delas no recebimento e entrega de valores em esp\u00e9cie ao representante do Legislativo por parte do funcion\u00e1rio contratado. A segunda modalidade era a reten\u00e7\u00e3o do cart\u00e3o banc\u00e1rio, com o repasse de pequeno valor ao funcion\u00e1rio e manipula\u00e7\u00e3o na folha de ponto; muitos destes funcion\u00e1rios, segundo o Gaeco, eram &#8220;fantasmas&#8221;. A terceira, o vereador determinava a realiza\u00e7\u00e3o de empr\u00e9stimos banc\u00e1rios por parte de servidores com o saque e transfer\u00eancia para contas de interpostas pessoas que eram usadas como laranjas visando maquiar o real destino dos valores.<\/p>\n<p>De acordo com o Minist\u00e9rio P\u00fablico, al\u00e9m do enriquecimento il\u00edcito, o dinheiro exigido dos assessores servia para fortalecimento dos vereadores em bairros, visando as elei\u00e7\u00f5es municipais. Ao todo, 12 pessoas foram denunciadas na opera\u00e7\u00e3o, entre vereadores, assessores, contadores, corretores de im\u00f3veis e comerciantes.<\/p>\n<p><strong>VER PRIMEIRO<\/strong><\/p>\n<p>Receba as not\u00edcias do Aconteceu no Vale em primeira m\u00e3o. Clique em curtir no endere\u00e7o <a href=\"https:\/\/www.facebook.com\/aconteceunovale\" target=\"_blank\"><font color=\"red\">www.facebook.com\/aconteceunovale<\/font><\/a> ou no box abaixo:<\/p>\n<div class=\"fb-like\" data-href=\"https:\/\/www.facebook.com\/aconteceunovale\" data-width=\"120\" data-layout=\"standard\" data-action=\"like\" data-size=\"small\" data-show-faces=\"true\" data-share=\"true\"><\/div>\n<p><!-- Erro, o An\u00fancio n\u00e3o est\u00e1 dispon\u00edvel neste momento devido \u00e0s restri\u00e7\u00f5es de agendamento\/geolocaliza\u00e7\u00e3o! --><br \/>\n<\/br><\/p>\n<p><em>(Fonte: G1 Vales)<\/em><\/p>\n","protected":false},"excerpt":{"rendered":"<p>O vereador de Ipatinga Jos\u00e9 Geraldo de Andrade (Avante), preso na opera\u00e7\u00e3o Dolos, foi solto nessa segunda-feira (25) depois de colocar um ve\u00edculo como garantia de indeniza\u00e7\u00e3o, caso haja condena\u00e7\u00e3o. Andrade foi o quarto vereador preso na opera\u00e7\u00e3o que investiga manipula\u00e7\u00e3o de sal\u00e1rios de servidores, em um esquema em que os parlamentares exigiam parte dos [&hellip;]<\/p>\n","protected":false},"author":1,"featured_media":145827,"comment_status":"open","ping_status":"closed","sticky":false,"template":"","format":"standard","meta":{"amp_status":"","footnotes":""},"categories":[121,40240],"tags":[197869,197809,8041,119188,198399,198396,38106,195639,137808,129079,197870,201,197808,197804,195684,197810,19674,19675,195636,195638,195637,195685,195640,197805,197806,198398,198397,168281,197807,197868,69587,198497,151977,195683,197871],"class_list":["post-146219","post","type-post","status-publish","format-standard","has-post-thumbnail","hentry","category-leste","category-politica","tag-adelson-fernandes","tag-bruno-schiavo","tag-camara-de-ipatinga","tag-camara-municipal-de-ipatinga","tag-camara-municipal-de-ipatinga-vota-projeto-que-propoe-reducao-no-numero-de-vereadores","tag-fabinho-do-povo","tag-gaeco","tag-gaeco-cumpre-mandado-de-prisao-contra-vereador-de-ipatinga","tag-gaeco-de-ipatinga","tag-gaeco-ipatinga","tag-gustavo-nunes","tag-ipatinga","tag-ivan-menezes-teixeira","tag-jose-geraldo-de-andrade","tag-luiz-marcio-rocha","tag-manipulacao-de-salarios-ipatinga","tag-ministerio-publico-de-minas-gerais","tag-mpmg","tag-operacao-dolos","tag-operacao-dolos-camara-de-ipatinga","tag-operacao-dolos-ipatinga","tag-paulo-reis","tag-prisao-de-vereador-de-ipatinga","tag-prisao-de-vereador-em-ipatinga","tag-promotor-francisco-angelo","tag-reducao-de-vereadores-camara-de-ipatinga","tag-reducao-de-vereadores-camara-municipal-de-ipatinga","tag-rogerio-antonio-bento","tag-rogerio-bento","tag-tres-suplentes-tomam-posse-na-camara-de-ipatinga","tag-vereador-preso-em-ipatinga","tag-vereador-preso-em-ipatinga-e-solto-apos-pagar-fianca","tag-wanderson-gandra","tag-wanderson-silva-gandra","tag-werley-glicerio"],"yoast_head":"<!-- This site is optimized with the Yoast SEO plugin v28.3 - https:\/\/yoast.com\/product\/yoast-seo-wordpress\/ -->\n<title>Vereador preso em Ipatinga \u00e9 solto ap\u00f3s pagar fian\u00e7a - Aconteceu no Vale<\/title>\n<meta name=\"robots\" content=\"index, follow, max-snippet:-1, max-image-preview:large, max-video-preview:-1\" \/>\n<link rel=\"canonical\" href=\"https:\/\/aconteceunovale.com.br\/portal\/?p=146219\" \/>\n<meta property=\"og:locale\" content=\"pt_BR\" \/>\n<meta property=\"og:type\" content=\"article\" \/>\n<meta property=\"og:title\" content=\"Vereador preso em Ipatinga \u00e9 solto ap\u00f3s pagar fian\u00e7a - Aconteceu no Vale\" \/>\n<meta property=\"og:description\" content=\"O vereador de Ipatinga Jos\u00e9 Geraldo de Andrade (Avante), preso na opera\u00e7\u00e3o Dolos, foi solto nessa segunda-feira (25) depois de colocar um ve\u00edculo como garantia de indeniza\u00e7\u00e3o, caso haja condena\u00e7\u00e3o. Andrade foi o quarto vereador preso na opera\u00e7\u00e3o que investiga manipula\u00e7\u00e3o de sal\u00e1rios de servidores, em um esquema em que os parlamentares exigiam parte dos [&hellip;]\" \/>\n<meta property=\"og:url\" content=\"https:\/\/aconteceunovale.com.br\/portal\/?p=146219\" \/>\n<meta property=\"og:site_name\" content=\"Aconteceu no Vale\" \/>\n<meta property=\"article:publisher\" content=\"https:\/\/www.facebook.com\/aconteceunovale\/\" \/>\n<meta property=\"article:published_time\" content=\"2019-03-26T22:32:49+00:00\" \/>\n<meta property=\"og:image\" content=\"https:\/\/aconteceunovale.com.br\/portal\/wp-content\/uploads\/2019\/03\/camara_ipatinga.jpg\" \/>\n\t<meta property=\"og:image:width\" content=\"678\" \/>\n\t<meta property=\"og:image:height\" content=\"386\" \/>\n\t<meta property=\"og:image:type\" content=\"image\/jpeg\" \/>\n<meta name=\"author\" content=\"Aconteceu no Vale\" \/>\n<meta name=\"twitter:card\" content=\"summary_large_image\" \/>\n<meta name=\"twitter:creator\" content=\"@noticiadosvales\" \/>\n<meta name=\"twitter:site\" content=\"@noticiadosvales\" \/>\n<meta name=\"twitter:label1\" content=\"Escrito por\" \/>\n\t<meta name=\"twitter:data1\" content=\"Aconteceu no Vale\" \/>\n\t<meta name=\"twitter:label2\" content=\"Est. tempo de leitura\" \/>\n\t<meta name=\"twitter:data2\" content=\"3 minutos\" \/>\n<script type=\"application\/ld+json\" class=\"yoast-schema-graph\">{\"@context\":\"https:\\\/\\\/schema.org\",\"@graph\":[{\"@type\":\"Article\",\"@id\":\"https:\\\/\\\/aconteceunovale.com.br\\\/portal\\\/?p=146219#article\",\"isPartOf\":{\"@id\":\"https:\\\/\\\/aconteceunovale.com.br\\\/portal\\\/?p=146219\"},\"author\":{\"name\":\"Aconteceu no Vale\",\"@id\":\"https:\\\/\\\/aconteceunovale.com.br\\\/portal\\\/#\\\/schema\\\/person\\\/633529146f2c94272bef50ac2953d589\"},\"headline\":\"Vereador preso em Ipatinga \u00e9 solto ap\u00f3s pagar fian\u00e7a\",\"datePublished\":\"2019-03-26T22:32:49+00:00\",\"mainEntityOfPage\":{\"@id\":\"https:\\\/\\\/aconteceunovale.com.br\\\/portal\\\/?p=146219\"},\"wordCount\":693,\"commentCount\":0,\"image\":{\"@id\":\"https:\\\/\\\/aconteceunovale.com.br\\\/portal\\\/?p=146219#primaryimage\"},\"thumbnailUrl\":\"https:\\\/\\\/aconteceunovale.com.br\\\/portal\\\/wp-content\\\/uploads\\\/2019\\\/03\\\/camara_ipatinga.jpg\",\"keywords\":[\"Adelson Fernandes\",\"Bruno Schiavo\",\"C\u00e2mara de Ipatinga\",\"C\u00e2mara Municipal de Ipatinga\",\"C\u00e2mara Municipal de Ipatinga vota projeto que prop\u00f5e redu\u00e7\u00e3o no n\u00famero de vereadores\",\"Fabinho do Povo\",\"Gaeco\",\"Gaeco cumpre mandado de pris\u00e3o contra vereador de Ipatinga\",\"Gaeco de Ipatinga\",\"Gaeco Ipatinga\",\"Gustavo Nunes\",\"Ipatinga\",\"Ivan Menezes Teixeira\",\"Jos\u00e9 Geraldo de Andrade\",\"Luiz M\u00e1rcio Rocha\",\"Manipula\u00e7\u00e3o de sal\u00e1rios Ipatinga\",\"Minist\u00e9rio P\u00fablico de Minas Gerais\",\"MPMG\",\"Opera\u00e7\u00e3o Dolos\",\"Opera\u00e7\u00e3o Dolos C\u00e2mara de Ipatinga\",\"Opera\u00e7\u00e3o Dolos Ipatinga\",\"Paulo Reis\",\"Pris\u00e3o de vereador de Ipatinga\",\"Pris\u00e3o de vereador em Ipatinga\",\"Promotor Francisco \u00c2ngelo\",\"Redu\u00e7\u00e3o de vereadores C\u00e2mara de Ipatinga\",\"Redu\u00e7\u00e3o de vereadores C\u00e2mara Municipal de Ipatinga\",\"Rog\u00e9rio Ant\u00f4nio Bento\",\"Rog\u00e9rio Bento\",\"Tr\u00eas suplentes tomam posse na C\u00e2mara de Ipatinga\",\"Vereador preso em Ipatinga\",\"Vereador preso em Ipatinga \u00e9 solto ap\u00f3s pagar fian\u00e7a\",\"Wanderson Gandra\",\"Wanderson Silva Gandra\",\"Werley Glic\u00e9rio\"],\"articleSection\":[\"Leste de Minas\",\"Pol\u00edtica\"],\"inLanguage\":\"pt-BR\",\"potentialAction\":[{\"@type\":\"CommentAction\",\"name\":\"Comment\",\"target\":[\"https:\\\/\\\/aconteceunovale.com.br\\\/portal\\\/?p=146219#respond\"]}]},{\"@type\":\"WebPage\",\"@id\":\"https:\\\/\\\/aconteceunovale.com.br\\\/portal\\\/?p=146219\",\"url\":\"https:\\\/\\\/aconteceunovale.com.br\\\/portal\\\/?p=146219\",\"name\":\"Vereador preso em Ipatinga \u00e9 solto ap\u00f3s pagar fian\u00e7a - Aconteceu no Vale\",\"isPartOf\":{\"@id\":\"https:\\\/\\\/aconteceunovale.com.br\\\/portal\\\/#website\"},\"primaryImageOfPage\":{\"@id\":\"https:\\\/\\\/aconteceunovale.com.br\\\/portal\\\/?p=146219#primaryimage\"},\"image\":{\"@id\":\"https:\\\/\\\/aconteceunovale.com.br\\\/portal\\\/?p=146219#primaryimage\"},\"thumbnailUrl\":\"https:\\\/\\\/aconteceunovale.com.br\\\/portal\\\/wp-content\\\/uploads\\\/2019\\\/03\\\/camara_ipatinga.jpg\",\"datePublished\":\"2019-03-26T22:32:49+00:00\",\"author\":{\"@id\":\"https:\\\/\\\/aconteceunovale.com.br\\\/portal\\\/#\\\/schema\\\/person\\\/633529146f2c94272bef50ac2953d589\"},\"breadcrumb\":{\"@id\":\"https:\\\/\\\/aconteceunovale.com.br\\\/portal\\\/?p=146219#breadcrumb\"},\"inLanguage\":\"pt-BR\",\"potentialAction\":[{\"@type\":\"ReadAction\",\"target\":[\"https:\\\/\\\/aconteceunovale.com.br\\\/portal\\\/?p=146219\"]}]},{\"@type\":\"ImageObject\",\"inLanguage\":\"pt-BR\",\"@id\":\"https:\\\/\\\/aconteceunovale.com.br\\\/portal\\\/?p=146219#primaryimage\",\"url\":\"https:\\\/\\\/aconteceunovale.com.br\\\/portal\\\/wp-content\\\/uploads\\\/2019\\\/03\\\/camara_ipatinga.jpg\",\"contentUrl\":\"https:\\\/\\\/aconteceunovale.com.br\\\/portal\\\/wp-content\\\/uploads\\\/2019\\\/03\\\/camara_ipatinga.jpg\",\"width\":678,\"height\":386},{\"@type\":\"BreadcrumbList\",\"@id\":\"https:\\\/\\\/aconteceunovale.com.br\\\/portal\\\/?p=146219#breadcrumb\",\"itemListElement\":[{\"@type\":\"ListItem\",\"position\":1,\"name\":\"In\u00edcio\",\"item\":\"https:\\\/\\\/aconteceunovale.com.br\\\/portal\\\/\"},{\"@type\":\"ListItem\",\"position\":2,\"name\":\"Vereador preso em Ipatinga \u00e9 solto ap\u00f3s pagar fian\u00e7a\"}]},{\"@type\":\"WebSite\",\"@id\":\"https:\\\/\\\/aconteceunovale.com.br\\\/portal\\\/#website\",\"url\":\"https:\\\/\\\/aconteceunovale.com.br\\\/portal\\\/\",\"name\":\"Aconteceu no Vale\",\"description\":\"Portal de Not\u00edcias\",\"potentialAction\":[{\"@type\":\"SearchAction\",\"target\":{\"@type\":\"EntryPoint\",\"urlTemplate\":\"https:\\\/\\\/aconteceunovale.com.br\\\/portal\\\/?s={search_term_string}\"},\"query-input\":{\"@type\":\"PropertyValueSpecification\",\"valueRequired\":true,\"valueName\":\"search_term_string\"}}],\"inLanguage\":\"pt-BR\"},{\"@type\":\"Person\",\"@id\":\"https:\\\/\\\/aconteceunovale.com.br\\\/portal\\\/#\\\/schema\\\/person\\\/633529146f2c94272bef50ac2953d589\",\"name\":\"Aconteceu no Vale\",\"description\":\"Equipe de reportagem do Aconteceu no Vale, portal de not\u00edcias do Vale do Jequitinhonha, em Minas Gerais. Cobrimos as 51 cidades do Vale desde 2013. Sugest\u00f5es de pauta e pedidos de corre\u00e7\u00e3o: contato@aconteceunovale.com.br\",\"sameAs\":[\"http:\\\/\\\/www.aconteceunovale.com.br\"],\"url\":\"https:\\\/\\\/aconteceunovale.com.br\\\/portal\\\/?author=1\"}]}<\/script>\n<!-- \/ Yoast SEO plugin. -->","yoast_head_json":{"title":"Vereador preso em Ipatinga \u00e9 solto ap\u00f3s pagar fian\u00e7a - Aconteceu no Vale","robots":{"index":"index","follow":"follow","max-snippet":"max-snippet:-1","max-image-preview":"max-image-preview:large","max-video-preview":"max-video-preview:-1"},"canonical":"https:\/\/aconteceunovale.com.br\/portal\/?p=146219","og_locale":"pt_BR","og_type":"article","og_title":"Vereador preso em Ipatinga \u00e9 solto ap\u00f3s pagar fian\u00e7a - Aconteceu no Vale","og_description":"O vereador de Ipatinga Jos\u00e9 Geraldo de Andrade (Avante), preso na opera\u00e7\u00e3o Dolos, foi solto nessa segunda-feira (25) depois de colocar um ve\u00edculo como garantia de indeniza\u00e7\u00e3o, caso haja condena\u00e7\u00e3o. Andrade foi o quarto vereador preso na opera\u00e7\u00e3o que investiga manipula\u00e7\u00e3o de sal\u00e1rios de servidores, em um esquema em que os parlamentares exigiam parte dos [&hellip;]","og_url":"https:\/\/aconteceunovale.com.br\/portal\/?p=146219","og_site_name":"Aconteceu no Vale","article_publisher":"https:\/\/www.facebook.com\/aconteceunovale\/","article_published_time":"2019-03-26T22:32:49+00:00","og_image":[{"width":678,"height":386,"url":"https:\/\/aconteceunovale.com.br\/portal\/wp-content\/uploads\/2019\/03\/camara_ipatinga.jpg","type":"image\/jpeg"}],"author":"Aconteceu no Vale","twitter_card":"summary_large_image","twitter_creator":"@noticiadosvales","twitter_site":"@noticiadosvales","twitter_misc":{"Escrito por":"Aconteceu no Vale","Est. tempo de leitura":"3 minutos"},"schema":{"@context":"https:\/\/schema.org","@graph":[{"@type":"Article","@id":"https:\/\/aconteceunovale.com.br\/portal\/?p=146219#article","isPartOf":{"@id":"https:\/\/aconteceunovale.com.br\/portal\/?p=146219"},"author":{"name":"Aconteceu no Vale","@id":"https:\/\/aconteceunovale.com.br\/portal\/#\/schema\/person\/633529146f2c94272bef50ac2953d589"},"headline":"Vereador preso em Ipatinga \u00e9 solto ap\u00f3s pagar fian\u00e7a","datePublished":"2019-03-26T22:32:49+00:00","mainEntityOfPage":{"@id":"https:\/\/aconteceunovale.com.br\/portal\/?p=146219"},"wordCount":693,"commentCount":0,"image":{"@id":"https:\/\/aconteceunovale.com.br\/portal\/?p=146219#primaryimage"},"thumbnailUrl":"https:\/\/aconteceunovale.com.br\/portal\/wp-content\/uploads\/2019\/03\/camara_ipatinga.jpg","keywords":["Adelson Fernandes","Bruno Schiavo","C\u00e2mara de Ipatinga","C\u00e2mara Municipal de Ipatinga","C\u00e2mara Municipal de Ipatinga vota projeto que prop\u00f5e redu\u00e7\u00e3o no n\u00famero de vereadores","Fabinho do Povo","Gaeco","Gaeco cumpre mandado de pris\u00e3o contra vereador de Ipatinga","Gaeco de Ipatinga","Gaeco Ipatinga","Gustavo Nunes","Ipatinga","Ivan Menezes Teixeira","Jos\u00e9 Geraldo de Andrade","Luiz M\u00e1rcio Rocha","Manipula\u00e7\u00e3o de sal\u00e1rios Ipatinga","Minist\u00e9rio P\u00fablico de Minas Gerais","MPMG","Opera\u00e7\u00e3o Dolos","Opera\u00e7\u00e3o Dolos C\u00e2mara de Ipatinga","Opera\u00e7\u00e3o Dolos Ipatinga","Paulo Reis","Pris\u00e3o de vereador de Ipatinga","Pris\u00e3o de vereador em Ipatinga","Promotor Francisco \u00c2ngelo","Redu\u00e7\u00e3o de vereadores C\u00e2mara de Ipatinga","Redu\u00e7\u00e3o de vereadores C\u00e2mara Municipal de Ipatinga","Rog\u00e9rio Ant\u00f4nio Bento","Rog\u00e9rio Bento","Tr\u00eas suplentes tomam posse na C\u00e2mara de Ipatinga","Vereador preso em Ipatinga","Vereador preso em Ipatinga \u00e9 solto ap\u00f3s pagar fian\u00e7a","Wanderson Gandra","Wanderson Silva Gandra","Werley Glic\u00e9rio"],"articleSection":["Leste de Minas","Pol\u00edtica"],"inLanguage":"pt-BR","potentialAction":[{"@type":"CommentAction","name":"Comment","target":["https:\/\/aconteceunovale.com.br\/portal\/?p=146219#respond"]}]},{"@type":"WebPage","@id":"https:\/\/aconteceunovale.com.br\/portal\/?p=146219","url":"https:\/\/aconteceunovale.com.br\/portal\/?p=146219","name":"Vereador preso em Ipatinga \u00e9 solto ap\u00f3s pagar fian\u00e7a - Aconteceu no Vale","isPartOf":{"@id":"https:\/\/aconteceunovale.com.br\/portal\/#website"},"primaryImageOfPage":{"@id":"https:\/\/aconteceunovale.com.br\/portal\/?p=146219#primaryimage"},"image":{"@id":"https:\/\/aconteceunovale.com.br\/portal\/?p=146219#primaryimage"},"thumbnailUrl":"https:\/\/aconteceunovale.com.br\/portal\/wp-content\/uploads\/2019\/03\/camara_ipatinga.jpg","datePublished":"2019-03-26T22:32:49+00:00","author":{"@id":"https:\/\/aconteceunovale.com.br\/portal\/#\/schema\/person\/633529146f2c94272bef50ac2953d589"},"breadcrumb":{"@id":"https:\/\/aconteceunovale.com.br\/portal\/?p=146219#breadcrumb"},"inLanguage":"pt-BR","potentialAction":[{"@type":"ReadAction","target":["https:\/\/aconteceunovale.com.br\/portal\/?p=146219"]}]},{"@type":"ImageObject","inLanguage":"pt-BR","@id":"https:\/\/aconteceunovale.com.br\/portal\/?p=146219#primaryimage","url":"https:\/\/aconteceunovale.com.br\/portal\/wp-content\/uploads\/2019\/03\/camara_ipatinga.jpg","contentUrl":"https:\/\/aconteceunovale.com.br\/portal\/wp-content\/uploads\/2019\/03\/camara_ipatinga.jpg","width":678,"height":386},{"@type":"BreadcrumbList","@id":"https:\/\/aconteceunovale.com.br\/portal\/?p=146219#breadcrumb","itemListElement":[{"@type":"ListItem","position":1,"name":"In\u00edcio","item":"https:\/\/aconteceunovale.com.br\/portal\/"},{"@type":"ListItem","position":2,"name":"Vereador preso em Ipatinga \u00e9 solto ap\u00f3s pagar fian\u00e7a"}]},{"@type":"WebSite","@id":"https:\/\/aconteceunovale.com.br\/portal\/#website","url":"https:\/\/aconteceunovale.com.br\/portal\/","name":"Aconteceu no Vale","description":"Portal de Not\u00edcias","potentialAction":[{"@type":"SearchAction","target":{"@type":"EntryPoint","urlTemplate":"https:\/\/aconteceunovale.com.br\/portal\/?s={search_term_string}"},"query-input":{"@type":"PropertyValueSpecification","valueRequired":true,"valueName":"search_term_string"}}],"inLanguage":"pt-BR"},{"@type":"Person","@id":"https:\/\/aconteceunovale.com.br\/portal\/#\/schema\/person\/633529146f2c94272bef50ac2953d589","name":"Aconteceu no Vale","description":"Equipe de reportagem do Aconteceu no Vale, portal de not\u00edcias do Vale do Jequitinhonha, em Minas Gerais. Cobrimos as 51 cidades do Vale desde 2013. Sugest\u00f5es de pauta e pedidos de corre\u00e7\u00e3o: contato@aconteceunovale.com.br","sameAs":["http:\/\/www.aconteceunovale.com.br"],"url":"https:\/\/aconteceunovale.com.br\/portal\/?author=1"}]}},"_links":{"self":[{"href":"https:\/\/aconteceunovale.com.br\/portal\/index.php?rest_route=\/wp\/v2\/posts\/146219","targetHints":{"allow":["GET"]}}],"collection":[{"href":"https:\/\/aconteceunovale.com.br\/portal\/index.php?rest_route=\/wp\/v2\/posts"}],"about":[{"href":"https:\/\/aconteceunovale.com.br\/portal\/index.php?rest_route=\/wp\/v2\/types\/post"}],"author":[{"embeddable":true,"href":"https:\/\/aconteceunovale.com.br\/portal\/index.php?rest_route=\/wp\/v2\/users\/1"}],"replies":[{"embeddable":true,"href":"https:\/\/aconteceunovale.com.br\/portal\/index.php?rest_route=%2Fwp%2Fv2%2Fcomments&post=146219"}],"version-history":[{"count":0,"href":"https:\/\/aconteceunovale.com.br\/portal\/index.php?rest_route=\/wp\/v2\/posts\/146219\/revisions"}],"wp:featuredmedia":[{"embeddable":true,"href":"https:\/\/aconteceunovale.com.br\/portal\/index.php?rest_route=\/wp\/v2\/media\/145827"}],"wp:attachment":[{"href":"https:\/\/aconteceunovale.com.br\/portal\/index.php?rest_route=%2Fwp%2Fv2%2Fmedia&parent=146219"}],"wp:term":[{"taxonomy":"category","embeddable":true,"href":"https:\/\/aconteceunovale.com.br\/portal\/index.php?rest_route=%2Fwp%2Fv2%2Fcategories&post=146219"},{"taxonomy":"post_tag","embeddable":true,"href":"https:\/\/aconteceunovale.com.br\/portal\/index.php?rest_route=%2Fwp%2Fv2%2Ftags&post=146219"}],"curies":[{"name":"wp","href":"https:\/\/api.w.org\/{rel}","templated":true}]}}