{"id":146208,"date":"2019-03-26T19:57:05","date_gmt":"2019-03-26T21:57:05","guid":{"rendered":"http:\/\/aconteceunovale.com.br\/portal\/?p=146208"},"modified":"2019-03-26T19:57:47","modified_gmt":"2019-03-26T21:57:47","slug":"trecho-da-mgc-259-e-interditado-em-sabinopolis","status":"publish","type":"post","link":"https:\/\/aconteceunovale.com.br\/portal\/?p=146208","title":{"rendered":"Rodovia MGC-259 \u00e9 interditada em Sabin\u00f3polis"},"content":{"rendered":"<p>O tr\u00e1fego de ve\u00edculos na MGC-259, no trecho que passa dentro da cidade de Sabin\u00f3polis, no Vale do Rio Doce, est\u00e1 impedido por tempo indeterminado. Segundo o Departamento de Edifica\u00e7\u00f5es e Estradas de Minas Gerais (DEER-MG), o trecho, na altura do km 378,2 da rodovia, que d\u00e1 acesso \u00e0s cidades de Serro e Diamantina, no Vale do Jequitinhonha, foi interditado devido ao abatimento de um bueiro met\u00e1lico, de escoamento de \u00e1gua subterr\u00e2nea, o que fez o asfalto ceder.<br \/>\n<center><br \/>\n<!-- Erro, o An\u00fancio n\u00e3o est\u00e1 dispon\u00edvel neste momento devido \u00e0s restri\u00e7\u00f5es de agendamento\/geolocaliza\u00e7\u00e3o! --><br \/>\n<\/br><br \/>\n<\/center><br \/>\nA interdi\u00e7\u00e3o no local foi feita de forma paliativa no dia cinco de mar\u00e7o. Por\u00e9m, muitos motoristas ainda se arriscavam em trafegar pelo local. Na tarde dessa segunda-feira (25\/03\/2019), t\u00e9cnicos do DEER-MG montaram barricadas de concreto e refor\u00e7aram a sinaliza\u00e7\u00e3o devido aos riscos que a estrutura comprometida pode oferecer.<\/p>\n<p>Ainda de acordo com o DEER-MG, n\u00e3o h\u00e1 um prazo definido para a libera\u00e7\u00e3o do trecho. Por meio de nota, o departamento informou tamb\u00e9m que &#8220;t\u00e9cnicos est\u00e3o realizando o levantamento de dados para a elabora\u00e7\u00e3o de projeto de engenharia, inclusive com a realiza\u00e7\u00e3o de servi\u00e7os de sondagem&#8221;.<\/p>\n<p>Na tentativa de encontrar uma solu\u00e7\u00e3o, a prefeitura local se reuniu junto com representantes do DEER-MG, Pol\u00edcia Militar Rodovi\u00e1ria e Minist\u00e9rio P\u00fablico no \u00faltimo dia 20. A expectativa \u00e9 que o MP apresente um Termo de Ajustamento de Conduta para definir de quem \u00e9 a responsabilidade das obras e reparos dos danos existentes.<\/p>\n<p><img decoding=\"async\" src=\"http:\/\/aconteceunovale.com.br\/portal\/wp-content\/uploads\/2019\/03\/bloqueio_259_sabinopolis_1.jpg\" alt=\"\" \/><em>Trecho interrompido teve sinaliza\u00e7\u00e3o refor\u00e7ada \u2014 Foto: Pol\u00edcia Rodovi\u00e1ria\/Divulga\u00e7\u00e3o<\/em><br \/>\n<\/p>\n<p><strong>Desvio de rota<\/strong><\/p>\n<p>At\u00e9 que a situa\u00e7\u00e3o seja definida, e o trecho da rodovia liberado, os motoristas ter\u00e3o que buscar rotas alternativas. Guanh\u00e3es \u00e9 \u00faltima cidade de acesso at\u00e9 as rotas alternativas para chegar em Serro e Diamantina. S\u00e3o duas op\u00e7\u00f5es, uma para ve\u00edculos leves e outra pesados:<\/p>\n<p>&#8211; Rota 1 &#8211; ve\u00edculos leves: Sabin\u00f3polis (MGC-259), Guanh\u00e3es (MGC-120), Senhora do Porto (MG-229), Dom Joaquim (MG-229), S\u00e3o Sebasti\u00e3o do Bom Sucesso (MG-010) e Serro, com 51km n\u00e3o pavimentados.<\/p>\n<p>&#8211; Rota 2 \u2013 qualquer tipo de ve\u00edculo: Sabin\u00f3polis (MGC-259), Guanh\u00e3es (MGC-120), S\u00e3o Jo\u00e3o Evangelista (MGC-120), S\u00e3o Jos\u00e9 do Jacuri (MGC-120), Coluna (MG-117), Itamarandiba (MG-117), Carbonita (MGC-451), Diamantina (MGC-367).<\/p>\n<p><img decoding=\"async\" src=\"http:\/\/aconteceunovale.com.br\/portal\/wp-content\/uploads\/2019\/03\/bloqueio_259_sabinopolis_2.jpg\" alt=\"\" \/><em>Trecho interrompido teve sinaliza\u00e7\u00e3o refor\u00e7ada \u2014 Foto: Reprodu\u00e7\u00e3o\/WhatsApp<\/em><br \/>\n<\/p>\n<p><strong>VER PRIMEIRO<\/strong><\/p>\n<p>Receba as not\u00edcias do Aconteceu no Vale em primeira m\u00e3o. Clique em curtir no endere\u00e7o <a href=\"https:\/\/www.facebook.com\/aconteceunovale\" target=\"_blank\"><font color=\"red\">www.facebook.com\/aconteceunovale<\/font><\/a> ou no box abaixo:<\/p>\n<div class=\"fb-like\" data-href=\"https:\/\/www.facebook.com\/aconteceunovale\" data-width=\"120\" data-layout=\"standard\" data-action=\"like\" data-size=\"small\" data-show-faces=\"true\" data-share=\"true\"><\/div>\n<p><!-- Erro, o An\u00fancio n\u00e3o est\u00e1 dispon\u00edvel neste momento devido \u00e0s restri\u00e7\u00f5es de agendamento\/geolocaliza\u00e7\u00e3o! --><br \/>\n<\/br><\/p>\n<p><em>(Fonte: G1 Vales)<\/em><\/p>\n","protected":false},"excerpt":{"rendered":"<p>O tr\u00e1fego de ve\u00edculos na MGC-259, no trecho que passa dentro da cidade de Sabin\u00f3polis, no Vale do Rio Doce, est\u00e1 impedido por tempo indeterminado. Segundo o Departamento de Edifica\u00e7\u00f5es e Estradas de Minas Gerais (DEER-MG), o trecho, na altura do km 378,2 da rodovia, que d\u00e1 acesso \u00e0s cidades de Serro e Diamantina, no [&hellip;]<\/p>\n","protected":false},"author":1,"featured_media":146210,"comment_status":"open","ping_status":"closed","sticky":false,"template":"","format":"standard","meta":{"amp_status":"","footnotes":""},"categories":[121],"tags":[198490,198484,198487,71975,198488,1018,198489,198483,198486,107905,198492,198485,198493,310,198491],"class_list":["post-146208","post","type-post","status-publish","format-standard","has-post-thumbnail","hentry","category-leste","tag-bloqueio-da-br-259-em-sabinopolis","tag-bloqueio-da-mgc-259","tag-bloqueio-da-mgc-259-em-sabinopolis","tag-br-259","tag-br-259-em-sabinopolis","tag-destaque","tag-interdicao-da-br-259-em-sabinopolis","tag-interdicao-da-mgc-259","tag-interdicao-da-mgc-259-em-sabinopolis","tag-mgc-259","tag-mgc-259-e-interditada-em-sabinopolis","tag-mgc-259-em-sabinopolis","tag-rodovia-mgc-259-e-interditada-em-sabinopolis","tag-sabinopolis","tag-trecho-da-mgc-259-e-interditado-em-sabinopolis"],"yoast_head":"<!-- This site is optimized with the Yoast SEO plugin v28.3 - https:\/\/yoast.com\/product\/yoast-seo-wordpress\/ -->\n<title>Rodovia MGC-259 \u00e9 interditada em Sabin\u00f3polis - Aconteceu no Vale<\/title>\n<meta name=\"robots\" content=\"index, follow, max-snippet:-1, max-image-preview:large, max-video-preview:-1\" \/>\n<link rel=\"canonical\" href=\"https:\/\/aconteceunovale.com.br\/portal\/?p=146208\" \/>\n<meta property=\"og:locale\" content=\"pt_BR\" \/>\n<meta property=\"og:type\" content=\"article\" \/>\n<meta property=\"og:title\" content=\"Rodovia MGC-259 \u00e9 interditada em Sabin\u00f3polis - Aconteceu no Vale\" \/>\n<meta property=\"og:description\" content=\"O tr\u00e1fego de ve\u00edculos na MGC-259, no trecho que passa dentro da cidade de Sabin\u00f3polis, no Vale do Rio Doce, est\u00e1 impedido por tempo indeterminado. Segundo o Departamento de Edifica\u00e7\u00f5es e Estradas de Minas Gerais (DEER-MG), o trecho, na altura do km 378,2 da rodovia, que d\u00e1 acesso \u00e0s cidades de Serro e Diamantina, no [&hellip;]\" \/>\n<meta property=\"og:url\" content=\"https:\/\/aconteceunovale.com.br\/portal\/?p=146208\" \/>\n<meta property=\"og:site_name\" content=\"Aconteceu no Vale\" \/>\n<meta property=\"article:publisher\" content=\"https:\/\/www.facebook.com\/aconteceunovale\/\" \/>\n<meta property=\"article:published_time\" content=\"2019-03-26T21:57:05+00:00\" \/>\n<meta property=\"article:modified_time\" content=\"2019-03-26T21:57:47+00:00\" \/>\n<meta property=\"og:image\" content=\"https:\/\/aconteceunovale.com.br\/portal\/wp-content\/uploads\/2019\/03\/bloqueio_259_sabinopolis_1.jpg\" \/>\n\t<meta property=\"og:image:width\" content=\"678\" \/>\n\t<meta property=\"og:image:height\" content=\"381\" \/>\n\t<meta property=\"og:image:type\" content=\"image\/jpeg\" \/>\n<meta name=\"author\" content=\"Aconteceu no Vale\" \/>\n<meta name=\"twitter:card\" content=\"summary_large_image\" \/>\n<meta name=\"twitter:creator\" content=\"@noticiadosvales\" \/>\n<meta name=\"twitter:site\" content=\"@noticiadosvales\" \/>\n<meta name=\"twitter:label1\" content=\"Escrito por\" \/>\n\t<meta name=\"twitter:data1\" content=\"Aconteceu no Vale\" \/>\n\t<meta name=\"twitter:label2\" content=\"Est. tempo de leitura\" \/>\n\t<meta name=\"twitter:data2\" content=\"2 minutos\" \/>\n<script type=\"application\/ld+json\" class=\"yoast-schema-graph\">{\"@context\":\"https:\\\/\\\/schema.org\",\"@graph\":[{\"@type\":\"Article\",\"@id\":\"https:\\\/\\\/aconteceunovale.com.br\\\/portal\\\/?p=146208#article\",\"isPartOf\":{\"@id\":\"https:\\\/\\\/aconteceunovale.com.br\\\/portal\\\/?p=146208\"},\"author\":{\"name\":\"Aconteceu no Vale\",\"@id\":\"https:\\\/\\\/aconteceunovale.com.br\\\/portal\\\/#\\\/schema\\\/person\\\/633529146f2c94272bef50ac2953d589\"},\"headline\":\"Rodovia MGC-259 \u00e9 interditada em Sabin\u00f3polis\",\"datePublished\":\"2019-03-26T21:57:05+00:00\",\"dateModified\":\"2019-03-26T21:57:47+00:00\",\"mainEntityOfPage\":{\"@id\":\"https:\\\/\\\/aconteceunovale.com.br\\\/portal\\\/?p=146208\"},\"wordCount\":433,\"commentCount\":1,\"image\":{\"@id\":\"https:\\\/\\\/aconteceunovale.com.br\\\/portal\\\/?p=146208#primaryimage\"},\"thumbnailUrl\":\"https:\\\/\\\/aconteceunovale.com.br\\\/portal\\\/wp-content\\\/uploads\\\/2019\\\/03\\\/bloqueio_259_sabinopolis_1.jpg\",\"keywords\":[\"Bloqueio da BR-259 em Sabin\u00f3polis\",\"Bloqueio da MGC-259\",\"Bloqueio da MGC-259 em Sabin\u00f3polis\",\"BR-259\",\"BR-259 em Sabin\u00f3polis\",\"destaque\",\"Interdi\u00e7\u00e3o da BR-259 em Sabin\u00f3polis\",\"Interdi\u00e7\u00e3o da MGC-259\",\"Interdi\u00e7\u00e3o da MGC-259 em Sabin\u00f3polis\",\"MGC-259\",\"MGC-259 \u00e9 interditada em Sabin\u00f3polis\",\"MGC-259 em Sabin\u00f3polis\",\"Rodovia MGC-259 \u00e9 interditada em Sabin\u00f3polis\",\"Sabin\u00f3polis\",\"Trecho da MGC-259 \u00e9 interditado em Sabin\u00f3polis\"],\"articleSection\":[\"Leste de Minas\"],\"inLanguage\":\"pt-BR\",\"potentialAction\":[{\"@type\":\"CommentAction\",\"name\":\"Comment\",\"target\":[\"https:\\\/\\\/aconteceunovale.com.br\\\/portal\\\/?p=146208#respond\"]}]},{\"@type\":\"WebPage\",\"@id\":\"https:\\\/\\\/aconteceunovale.com.br\\\/portal\\\/?p=146208\",\"url\":\"https:\\\/\\\/aconteceunovale.com.br\\\/portal\\\/?p=146208\",\"name\":\"Rodovia MGC-259 \u00e9 interditada em Sabin\u00f3polis - Aconteceu no Vale\",\"isPartOf\":{\"@id\":\"https:\\\/\\\/aconteceunovale.com.br\\\/portal\\\/#website\"},\"primaryImageOfPage\":{\"@id\":\"https:\\\/\\\/aconteceunovale.com.br\\\/portal\\\/?p=146208#primaryimage\"},\"image\":{\"@id\":\"https:\\\/\\\/aconteceunovale.com.br\\\/portal\\\/?p=146208#primaryimage\"},\"thumbnailUrl\":\"https:\\\/\\\/aconteceunovale.com.br\\\/portal\\\/wp-content\\\/uploads\\\/2019\\\/03\\\/bloqueio_259_sabinopolis_1.jpg\",\"datePublished\":\"2019-03-26T21:57:05+00:00\",\"dateModified\":\"2019-03-26T21:57:47+00:00\",\"author\":{\"@id\":\"https:\\\/\\\/aconteceunovale.com.br\\\/portal\\\/#\\\/schema\\\/person\\\/633529146f2c94272bef50ac2953d589\"},\"breadcrumb\":{\"@id\":\"https:\\\/\\\/aconteceunovale.com.br\\\/portal\\\/?p=146208#breadcrumb\"},\"inLanguage\":\"pt-BR\",\"potentialAction\":[{\"@type\":\"ReadAction\",\"target\":[\"https:\\\/\\\/aconteceunovale.com.br\\\/portal\\\/?p=146208\"]}]},{\"@type\":\"ImageObject\",\"inLanguage\":\"pt-BR\",\"@id\":\"https:\\\/\\\/aconteceunovale.com.br\\\/portal\\\/?p=146208#primaryimage\",\"url\":\"https:\\\/\\\/aconteceunovale.com.br\\\/portal\\\/wp-content\\\/uploads\\\/2019\\\/03\\\/bloqueio_259_sabinopolis_1.jpg\",\"contentUrl\":\"https:\\\/\\\/aconteceunovale.com.br\\\/portal\\\/wp-content\\\/uploads\\\/2019\\\/03\\\/bloqueio_259_sabinopolis_1.jpg\",\"width\":678,\"height\":381},{\"@type\":\"BreadcrumbList\",\"@id\":\"https:\\\/\\\/aconteceunovale.com.br\\\/portal\\\/?p=146208#breadcrumb\",\"itemListElement\":[{\"@type\":\"ListItem\",\"position\":1,\"name\":\"In\u00edcio\",\"item\":\"https:\\\/\\\/aconteceunovale.com.br\\\/portal\\\/\"},{\"@type\":\"ListItem\",\"position\":2,\"name\":\"Rodovia MGC-259 \u00e9 interditada em Sabin\u00f3polis\"}]},{\"@type\":\"WebSite\",\"@id\":\"https:\\\/\\\/aconteceunovale.com.br\\\/portal\\\/#website\",\"url\":\"https:\\\/\\\/aconteceunovale.com.br\\\/portal\\\/\",\"name\":\"Aconteceu no Vale\",\"description\":\"Portal de Not\u00edcias\",\"potentialAction\":[{\"@type\":\"SearchAction\",\"target\":{\"@type\":\"EntryPoint\",\"urlTemplate\":\"https:\\\/\\\/aconteceunovale.com.br\\\/portal\\\/?s={search_term_string}\"},\"query-input\":{\"@type\":\"PropertyValueSpecification\",\"valueRequired\":true,\"valueName\":\"search_term_string\"}}],\"inLanguage\":\"pt-BR\"},{\"@type\":\"Person\",\"@id\":\"https:\\\/\\\/aconteceunovale.com.br\\\/portal\\\/#\\\/schema\\\/person\\\/633529146f2c94272bef50ac2953d589\",\"name\":\"Aconteceu no Vale\",\"description\":\"Equipe de reportagem do Aconteceu no Vale, portal de not\u00edcias do Vale do Jequitinhonha, em Minas Gerais. Cobrimos as 51 cidades do Vale desde 2013. Sugest\u00f5es de pauta e pedidos de corre\u00e7\u00e3o: contato@aconteceunovale.com.br\",\"sameAs\":[\"http:\\\/\\\/www.aconteceunovale.com.br\"],\"url\":\"https:\\\/\\\/aconteceunovale.com.br\\\/portal\\\/?author=1\"}]}<\/script>\n<!-- \/ Yoast SEO plugin. -->","yoast_head_json":{"title":"Rodovia MGC-259 \u00e9 interditada em Sabin\u00f3polis - Aconteceu no Vale","robots":{"index":"index","follow":"follow","max-snippet":"max-snippet:-1","max-image-preview":"max-image-preview:large","max-video-preview":"max-video-preview:-1"},"canonical":"https:\/\/aconteceunovale.com.br\/portal\/?p=146208","og_locale":"pt_BR","og_type":"article","og_title":"Rodovia MGC-259 \u00e9 interditada em Sabin\u00f3polis - Aconteceu no Vale","og_description":"O tr\u00e1fego de ve\u00edculos na MGC-259, no trecho que passa dentro da cidade de Sabin\u00f3polis, no Vale do Rio Doce, est\u00e1 impedido por tempo indeterminado. Segundo o Departamento de Edifica\u00e7\u00f5es e Estradas de Minas Gerais (DEER-MG), o trecho, na altura do km 378,2 da rodovia, que d\u00e1 acesso \u00e0s cidades de Serro e Diamantina, no [&hellip;]","og_url":"https:\/\/aconteceunovale.com.br\/portal\/?p=146208","og_site_name":"Aconteceu no Vale","article_publisher":"https:\/\/www.facebook.com\/aconteceunovale\/","article_published_time":"2019-03-26T21:57:05+00:00","article_modified_time":"2019-03-26T21:57:47+00:00","og_image":[{"width":678,"height":381,"url":"https:\/\/aconteceunovale.com.br\/portal\/wp-content\/uploads\/2019\/03\/bloqueio_259_sabinopolis_1.jpg","type":"image\/jpeg"}],"author":"Aconteceu no Vale","twitter_card":"summary_large_image","twitter_creator":"@noticiadosvales","twitter_site":"@noticiadosvales","twitter_misc":{"Escrito por":"Aconteceu no Vale","Est. tempo de leitura":"2 minutos"},"schema":{"@context":"https:\/\/schema.org","@graph":[{"@type":"Article","@id":"https:\/\/aconteceunovale.com.br\/portal\/?p=146208#article","isPartOf":{"@id":"https:\/\/aconteceunovale.com.br\/portal\/?p=146208"},"author":{"name":"Aconteceu no Vale","@id":"https:\/\/aconteceunovale.com.br\/portal\/#\/schema\/person\/633529146f2c94272bef50ac2953d589"},"headline":"Rodovia MGC-259 \u00e9 interditada em Sabin\u00f3polis","datePublished":"2019-03-26T21:57:05+00:00","dateModified":"2019-03-26T21:57:47+00:00","mainEntityOfPage":{"@id":"https:\/\/aconteceunovale.com.br\/portal\/?p=146208"},"wordCount":433,"commentCount":1,"image":{"@id":"https:\/\/aconteceunovale.com.br\/portal\/?p=146208#primaryimage"},"thumbnailUrl":"https:\/\/aconteceunovale.com.br\/portal\/wp-content\/uploads\/2019\/03\/bloqueio_259_sabinopolis_1.jpg","keywords":["Bloqueio da BR-259 em Sabin\u00f3polis","Bloqueio da MGC-259","Bloqueio da MGC-259 em Sabin\u00f3polis","BR-259","BR-259 em Sabin\u00f3polis","destaque","Interdi\u00e7\u00e3o da BR-259 em Sabin\u00f3polis","Interdi\u00e7\u00e3o da MGC-259","Interdi\u00e7\u00e3o da MGC-259 em Sabin\u00f3polis","MGC-259","MGC-259 \u00e9 interditada em Sabin\u00f3polis","MGC-259 em Sabin\u00f3polis","Rodovia MGC-259 \u00e9 interditada em Sabin\u00f3polis","Sabin\u00f3polis","Trecho da MGC-259 \u00e9 interditado em Sabin\u00f3polis"],"articleSection":["Leste de Minas"],"inLanguage":"pt-BR","potentialAction":[{"@type":"CommentAction","name":"Comment","target":["https:\/\/aconteceunovale.com.br\/portal\/?p=146208#respond"]}]},{"@type":"WebPage","@id":"https:\/\/aconteceunovale.com.br\/portal\/?p=146208","url":"https:\/\/aconteceunovale.com.br\/portal\/?p=146208","name":"Rodovia MGC-259 \u00e9 interditada em Sabin\u00f3polis - Aconteceu no Vale","isPartOf":{"@id":"https:\/\/aconteceunovale.com.br\/portal\/#website"},"primaryImageOfPage":{"@id":"https:\/\/aconteceunovale.com.br\/portal\/?p=146208#primaryimage"},"image":{"@id":"https:\/\/aconteceunovale.com.br\/portal\/?p=146208#primaryimage"},"thumbnailUrl":"https:\/\/aconteceunovale.com.br\/portal\/wp-content\/uploads\/2019\/03\/bloqueio_259_sabinopolis_1.jpg","datePublished":"2019-03-26T21:57:05+00:00","dateModified":"2019-03-26T21:57:47+00:00","author":{"@id":"https:\/\/aconteceunovale.com.br\/portal\/#\/schema\/person\/633529146f2c94272bef50ac2953d589"},"breadcrumb":{"@id":"https:\/\/aconteceunovale.com.br\/portal\/?p=146208#breadcrumb"},"inLanguage":"pt-BR","potentialAction":[{"@type":"ReadAction","target":["https:\/\/aconteceunovale.com.br\/portal\/?p=146208"]}]},{"@type":"ImageObject","inLanguage":"pt-BR","@id":"https:\/\/aconteceunovale.com.br\/portal\/?p=146208#primaryimage","url":"https:\/\/aconteceunovale.com.br\/portal\/wp-content\/uploads\/2019\/03\/bloqueio_259_sabinopolis_1.jpg","contentUrl":"https:\/\/aconteceunovale.com.br\/portal\/wp-content\/uploads\/2019\/03\/bloqueio_259_sabinopolis_1.jpg","width":678,"height":381},{"@type":"BreadcrumbList","@id":"https:\/\/aconteceunovale.com.br\/portal\/?p=146208#breadcrumb","itemListElement":[{"@type":"ListItem","position":1,"name":"In\u00edcio","item":"https:\/\/aconteceunovale.com.br\/portal\/"},{"@type":"ListItem","position":2,"name":"Rodovia MGC-259 \u00e9 interditada em Sabin\u00f3polis"}]},{"@type":"WebSite","@id":"https:\/\/aconteceunovale.com.br\/portal\/#website","url":"https:\/\/aconteceunovale.com.br\/portal\/","name":"Aconteceu no Vale","description":"Portal de Not\u00edcias","potentialAction":[{"@type":"SearchAction","target":{"@type":"EntryPoint","urlTemplate":"https:\/\/aconteceunovale.com.br\/portal\/?s={search_term_string}"},"query-input":{"@type":"PropertyValueSpecification","valueRequired":true,"valueName":"search_term_string"}}],"inLanguage":"pt-BR"},{"@type":"Person","@id":"https:\/\/aconteceunovale.com.br\/portal\/#\/schema\/person\/633529146f2c94272bef50ac2953d589","name":"Aconteceu no Vale","description":"Equipe de reportagem do Aconteceu no Vale, portal de not\u00edcias do Vale do Jequitinhonha, em Minas Gerais. Cobrimos as 51 cidades do Vale desde 2013. Sugest\u00f5es de pauta e pedidos de corre\u00e7\u00e3o: contato@aconteceunovale.com.br","sameAs":["http:\/\/www.aconteceunovale.com.br"],"url":"https:\/\/aconteceunovale.com.br\/portal\/?author=1"}]}},"_links":{"self":[{"href":"https:\/\/aconteceunovale.com.br\/portal\/index.php?rest_route=\/wp\/v2\/posts\/146208","targetHints":{"allow":["GET"]}}],"collection":[{"href":"https:\/\/aconteceunovale.com.br\/portal\/index.php?rest_route=\/wp\/v2\/posts"}],"about":[{"href":"https:\/\/aconteceunovale.com.br\/portal\/index.php?rest_route=\/wp\/v2\/types\/post"}],"author":[{"embeddable":true,"href":"https:\/\/aconteceunovale.com.br\/portal\/index.php?rest_route=\/wp\/v2\/users\/1"}],"replies":[{"embeddable":true,"href":"https:\/\/aconteceunovale.com.br\/portal\/index.php?rest_route=%2Fwp%2Fv2%2Fcomments&post=146208"}],"version-history":[{"count":0,"href":"https:\/\/aconteceunovale.com.br\/portal\/index.php?rest_route=\/wp\/v2\/posts\/146208\/revisions"}],"wp:featuredmedia":[{"embeddable":true,"href":"https:\/\/aconteceunovale.com.br\/portal\/index.php?rest_route=\/wp\/v2\/media\/146210"}],"wp:attachment":[{"href":"https:\/\/aconteceunovale.com.br\/portal\/index.php?rest_route=%2Fwp%2Fv2%2Fmedia&parent=146208"}],"wp:term":[{"taxonomy":"category","embeddable":true,"href":"https:\/\/aconteceunovale.com.br\/portal\/index.php?rest_route=%2Fwp%2Fv2%2Fcategories&post=146208"},{"taxonomy":"post_tag","embeddable":true,"href":"https:\/\/aconteceunovale.com.br\/portal\/index.php?rest_route=%2Fwp%2Fv2%2Ftags&post=146208"}],"curies":[{"name":"wp","href":"https:\/\/api.w.org\/{rel}","templated":true}]}}