{"id":145992,"date":"2019-03-23T13:52:46","date_gmt":"2019-03-23T15:52:46","guid":{"rendered":"http:\/\/aconteceunovale.com.br\/portal\/?p=145992"},"modified":"2019-03-23T13:52:46","modified_gmt":"2019-03-23T15:52:46","slug":"juiz-decide-manter-prisao-do-ex-presidente-michel-temer","status":"publish","type":"post","link":"https:\/\/aconteceunovale.com.br\/portal\/?p=145992","title":{"rendered":"Juiz decide manter pris\u00e3o do ex-presidente Michel Temer"},"content":{"rendered":"<p>O juiz Marcelo Bretas, da 7\u00aa Vara Federal Criminal do Rio de Janeiro, decidiu manter a pris\u00e3o do ex-presidente Michel Temer. A decis\u00e3o de Bretas \u00e9 uma resposta a um of\u00edcio do Tribunal Regional Federal da 2\u00aa Regi\u00e3o (TRF2), enviado ontem (22) ao juiz federal.<br \/>\n<center><br \/>\n<!-- Erro, o An\u00fancio n\u00e3o est\u00e1 dispon\u00edvel neste momento devido \u00e0s restri\u00e7\u00f5es de agendamento\/geolocaliza\u00e7\u00e3o! --><br \/>\n<\/br><br \/>\n<\/center><br \/>\nMichel Temer foi preso na \u00faltima quinta-feira (21), por decis\u00e3o do juiz Marcelo Bretas. A defesa do ex-presidente entrou com um pedido de habeas corpus no TRF2, no mesmo dia.<\/p>\n<p>A relatoria do habeas corpus ficou com o desembargador Antonio Ivan Athi\u00e9. O magistrado decidiu levar o caso para a sess\u00e3o de julgamento da 1\u00aa Turma Especializada do TRF2, marcada para a pr\u00f3xima quarta-feira (27).<\/p>\n<p>Antes do julgamento, no entanto, Athi\u00e9 enviou um of\u00edcio a Bretas, questionando se, diante do pedido de habeas corpus, ele decidiria manter a pris\u00e3o ou n\u00e3o.<\/p>\n<p>\u201cAo que parece, os impetrantes preferiram ajuizar a\u00e7odadamente um habeas corpus padr\u00e3o, que n\u00e3o faz refer\u00eancia aos documentos dos autos (que somam quase cinco mil p\u00e1ginas), para tentar uma liminar no calor do momento, sem se preocupar em analisar minimamente a decis\u00e3o\u201d, escreve Bretas em seu despacho.<\/p>\n<p><strong>VER PRIMEIRO<\/strong><\/p>\n<p>Receba as not\u00edcias do Aconteceu no Vale em primeira m\u00e3o. Clique em curtir no endere\u00e7o <a href=\"https:\/\/www.facebook.com\/aconteceunovale\" target=\"_blank\"><font color=\"red\">www.facebook.com\/aconteceunovale<\/font><\/a> ou no box abaixo:<\/p>\n<div class=\"fb-like\" data-href=\"https:\/\/www.facebook.com\/aconteceunovale\" data-width=\"120\" data-layout=\"standard\" data-action=\"like\" data-size=\"small\" data-show-faces=\"true\" data-share=\"true\"><\/div>\n<p><!-- Erro, o An\u00fancio n\u00e3o est\u00e1 dispon\u00edvel neste momento devido \u00e0s restri\u00e7\u00f5es de agendamento\/geolocaliza\u00e7\u00e3o! --><br \/>\n<\/br><\/p>\n<p><em>(Fonte: Ag\u00eancia Brasil)<\/em><\/p>\n","protected":false},"excerpt":{"rendered":"<p>O juiz Marcelo Bretas, da 7\u00aa Vara Federal Criminal do Rio de Janeiro, decidiu manter a pris\u00e3o do ex-presidente Michel Temer. A decis\u00e3o de Bretas \u00e9 uma resposta a um of\u00edcio do Tribunal Regional Federal da 2\u00aa Regi\u00e3o (TRF2), enviado ontem (22) ao juiz federal. Michel Temer foi preso na \u00faltima quinta-feira (21), por decis\u00e3o [&hellip;]<\/p>\n","protected":false},"author":1,"featured_media":145876,"comment_status":"open","ping_status":"closed","sticky":false,"template":"","format":"standard","meta":{"amp_status":"","footnotes":""},"categories":[6,40240],"tags":[197991,198017,126124,198066,198065,197995,198014,198015,198019,175024,50808,198078,198010,1018,198022,198021,141920,198079,198081,197973,197974,197976,197984,198064,20322,198127,198123,149448,198151,198152,27144,197983,198125,198126,31221,147751,17309,198013,93824,20181,197977,197979,197981,198091,198020,198124,18974,197993,198006,198009,198082,18095,198011,20966,174222,198007,198080,197978,198122,197975,197994,198067,1104,126129,126319,28511,197980,197982,197996,197992,198008,198016,198012],"class_list":["post-145992","post","type-post","status-publish","format-standard","has-post-thumbnail","hentry","category-br","category-politica-2","tag-37o-presidente-da-republica-do-brasil","tag-ana-cristina-da-silva-toniolo","tag-anthony-garotinho","tag-bolsonaro-sobre-ex-presidente-michel-temer","tag-cada-um-deve-responder-por-seus-atos","tag-cadeia-temer","tag-carlos-alberto-costa","tag-carlos-alberto-costa-filho","tag-carlos-jorge-zimmermann","tag-carlos-marun","tag-chile","tag-cinco-ex-governadores-do-rio-de-janeiro-foram-presos-nos-ultimos-tres-anos","tag-coronel-lima","tag-destaque","tag-diz-hamilton-mourao","tag-e-muito-ruim-para-o-pais-ter-um-ex-presidente-preso","tag-eletronuclear","tag-ex-governadores-do-rio-de-janeiro","tag-ex-governadores-do-rio-de-janeiro-presos","tag-ex-presidente-michel-temer","tag-ex-presidente-michel-temer-e-preso","tag-ex-presidente-michel-temer-e-preso-pela-pf","tag-ex-presidente-michel-temer-e-preso-pela-policia-federal","tag-fabiana-schneider","tag-governadores","tag-habeas-corpus-moreira-franco","tag-habeas-corpus-negado","tag-joao-batista-lima-filho","tag-juiz-decide-manter-prisao-de-michel-temer","tag-juiz-decide-manter-prisao-do-ex-presidente-michel-temer","tag-lava-jato","tag-lava-jato-prende-temer","tag-liberdade-ao-ex-ministro-moreira-franco","tag-liberdade-moreira-franco","tag-luiz-fernando-pezao","tag-marcelo-bretas","tag-marco-aurelio","tag-maria-rita-fratezi","tag-michel-miguel-elias-temer-lulia","tag-michel-temer","tag-michel-temer-e-preso","tag-michel-temer-e-preso-pela-pf","tag-michel-temer-foi-preso-em-sao-paulo","tag-michel-temer-moreira-franco-e-coronel-lima-prestam-depoimento-na-policia-federal","tag-ministerio-publico-federal-acusa-michel-temer-e-moreira-franco-de-corrupcao-em-obras-da-usina-nuclear-angra-3","tag-ministro-do-supremo-nega-liberdade-ao-ex-ministro-moreira-franco","tag-moreira-franco","tag-moreira-franco-preso","tag-operacao-descontaminacao","tag-operacao-descontaminacao-prende-temer","tag-operacao-lava-jato-no-rio-de-janeiro","tag-operacao-lava-jato","tag-othon-luiz-pinheiro-da-silva","tag-pf","tag-presidente-jair-bolsonaro","tag-preso-na-operacao-descontaminacao","tag-prisao-de-ex-governadores-do-rio-de-janeiro","tag-prisao-de-michel-temer","tag-prisao-de-moreira-franco","tag-prisao-do-ex-presidente-michel-temer","tag-prisao-temer","tag-reacao","tag-rio-de-janeiro","tag-rosinha-garotinho","tag-sergio-cabral","tag-stf","tag-temer-e-preso","tag-temer-e-preso-pela-lava-jato","tag-temer-na-cadeia","tag-temer-preso","tag-temer-preso-na-operacao-descontaminacao","tag-vanderlei-de-natale","tag-wellington-moreira-franco"],"_links":{"self":[{"href":"https:\/\/aconteceunovale.com.br\/portal\/index.php?rest_route=\/wp\/v2\/posts\/145992","targetHints":{"allow":["GET"]}}],"collection":[{"href":"https:\/\/aconteceunovale.com.br\/portal\/index.php?rest_route=\/wp\/v2\/posts"}],"about":[{"href":"https:\/\/aconteceunovale.com.br\/portal\/index.php?rest_route=\/wp\/v2\/types\/post"}],"author":[{"embeddable":true,"href":"https:\/\/aconteceunovale.com.br\/portal\/index.php?rest_route=\/wp\/v2\/users\/1"}],"replies":[{"embeddable":true,"href":"https:\/\/aconteceunovale.com.br\/portal\/index.php?rest_route=%2Fwp%2Fv2%2Fcomments&post=145992"}],"version-history":[{"count":0,"href":"https:\/\/aconteceunovale.com.br\/portal\/index.php?rest_route=\/wp\/v2\/posts\/145992\/revisions"}],"wp:featuredmedia":[{"embeddable":true,"href":"https:\/\/aconteceunovale.com.br\/portal\/index.php?rest_route=\/wp\/v2\/media\/145876"}],"wp:attachment":[{"href":"https:\/\/aconteceunovale.com.br\/portal\/index.php?rest_route=%2Fwp%2Fv2%2Fmedia&parent=145992"}],"wp:term":[{"taxonomy":"category","embeddable":true,"href":"https:\/\/aconteceunovale.com.br\/portal\/index.php?rest_route=%2Fwp%2Fv2%2Fcategories&post=145992"},{"taxonomy":"post_tag","embeddable":true,"href":"https:\/\/aconteceunovale.com.br\/portal\/index.php?rest_route=%2Fwp%2Fv2%2Ftags&post=145992"}],"curies":[{"name":"wp","href":"https:\/\/api.w.org\/{rel}","templated":true}]}}