{"id":145302,"date":"2019-03-07T09:51:09","date_gmt":"2019-03-07T11:51:09","guid":{"rendered":"http:\/\/aconteceunovale.com.br\/portal\/?p=145302"},"modified":"2019-03-07T09:51:09","modified_gmt":"2019-03-07T11:51:09","slug":"motociclista-e-vitima-de-assalto-a-mao-armada-na-zona-rural-de-capelinha","status":"publish","type":"post","link":"https:\/\/aconteceunovale.com.br\/portal\/?p=145302","title":{"rendered":"Motociclista \u00e9 v\u00edtima de assalto \u00e0 m\u00e3o armada na zona rural de Capelinha"},"content":{"rendered":"<p>Uma motocicleta Honda CG 150 Titan KS, placa HDP-9472, ano 2007\/2008, de cor preta, foi roubada na tarde dessa quarta-feira (06\/03\/2019) na MG-211, estrada que liga os munic\u00edpios de Capelinha e Setubinha. A v\u00edtima, um agricultor de 51 anos, afirmou que foi abordada por volta das 17 horas, pr\u00f3ximo ao acesso para a Comunidade do Cisqueiro, e um dos assaltantes estava armado com uma arma de fogo do tipo garrucha.<br \/>\n<center><br \/>\n<!-- Erro, o An\u00fancio n\u00e3o est\u00e1 dispon\u00edvel neste momento devido \u00e0s restri\u00e7\u00f5es de agendamento\/geolocaliza\u00e7\u00e3o! --><br \/>\n<\/br><br \/>\n<\/center><br \/>\nAinda conforme a v\u00edtima, os autores s\u00e3o dois homens morenos, de estaturas medianas. Eles anunciaram o roubo e levaram a motocicleta, uma carteira e um telefone celular. Ap\u00f3s a subtra\u00e7\u00e3o dos objetos, os assaltantes evadiram pela estrada do Cisqueiro.<\/p>\n<p>A Pol\u00edcia Militar foi acionada e realiza rastreamento com o intuito de localizar os autores e os objetos roubados.  Se voc\u00ea tem informa\u00e7\u00f5es, entre em contato atrav\u00e9s do n\u00famero 190.<\/p>\n<p><strong>VER PRIMEIRO<\/strong><\/p>\n<p>Receba as not\u00edcias do Aconteceu no Vale em primeira m\u00e3o. Clique em curtir no endere\u00e7o <a href=\"https:\/\/www.facebook.com\/aconteceunovale\" target=\"_blank\"><font color=\"red\">www.facebook.com\/aconteceunovale<\/font><\/a> ou no box abaixo:<\/p>\n<div class=\"fb-like\" data-href=\"https:\/\/www.facebook.com\/aconteceunovale\" data-width=\"120\" data-layout=\"standard\" data-action=\"like\" data-size=\"small\" data-show-faces=\"true\" data-share=\"true\"><\/div>\n<p><!-- Erro, o An\u00fancio n\u00e3o est\u00e1 dispon\u00edvel neste momento devido \u00e0s restri\u00e7\u00f5es de agendamento\/geolocaliza\u00e7\u00e3o! --><br \/>\n<\/br><\/p>\n","protected":false},"excerpt":{"rendered":"<p>Uma motocicleta Honda CG 150 Titan KS, placa HDP-9472, ano 2007\/2008, de cor preta, foi roubada na tarde dessa quarta-feira (06\/03\/2019) na MG-211, estrada que liga os munic\u00edpios de Capelinha e Setubinha. A v\u00edtima, um agricultor de 51 anos, afirmou que foi abordada por volta das 17 horas, pr\u00f3ximo ao acesso para a Comunidade do [&hellip;]<\/p>\n","protected":false},"author":1,"featured_media":143726,"comment_status":"open","ping_status":"closed","sticky":false,"template":"","format":"standard","meta":{"amp_status":"","footnotes":""},"categories":[120],"tags":[132,195356,196817,185988,196872,196814,196813,195354,185985,56699,196816,196818,196815,196812],"class_list":["post-145302","post","type-post","status-publish","format-standard","has-post-thumbnail","hentry","category-jequi","tag-capelinha","tag-carro-roubado-em-capelinha","tag-joao-antonio-rodrigues","tag-moto-roubada-em-capelinha","tag-motociclista-e-vitima-de-assalto-a-mao-armada-na-zona-rural-de-capelinha","tag-roubo-carro-joao-do-maracuja","tag-roubo-da-picape-do-joao-do-maracuja","tag-roubo-de-carro-em-capelinha","tag-roubo-de-moto-em-capelinha","tag-roubo-em-capelinha","tag-roubo-veiculo-do-vereador-joao-do-maracuja","tag-veiculo-de-vereador-e-roubado-em-capelinha","tag-veiculo-do-vereador-joao-do-maracuja","tag-veiculo-do-vereador-joao-do-maracuja-e-roubado-em-capelinha"],"_links":{"self":[{"href":"https:\/\/aconteceunovale.com.br\/portal\/index.php?rest_route=\/wp\/v2\/posts\/145302","targetHints":{"allow":["GET"]}}],"collection":[{"href":"https:\/\/aconteceunovale.com.br\/portal\/index.php?rest_route=\/wp\/v2\/posts"}],"about":[{"href":"https:\/\/aconteceunovale.com.br\/portal\/index.php?rest_route=\/wp\/v2\/types\/post"}],"author":[{"embeddable":true,"href":"https:\/\/aconteceunovale.com.br\/portal\/index.php?rest_route=\/wp\/v2\/users\/1"}],"replies":[{"embeddable":true,"href":"https:\/\/aconteceunovale.com.br\/portal\/index.php?rest_route=%2Fwp%2Fv2%2Fcomments&post=145302"}],"version-history":[{"count":0,"href":"https:\/\/aconteceunovale.com.br\/portal\/index.php?rest_route=\/wp\/v2\/posts\/145302\/revisions"}],"wp:featuredmedia":[{"embeddable":true,"href":"https:\/\/aconteceunovale.com.br\/portal\/index.php?rest_route=\/wp\/v2\/media\/143726"}],"wp:attachment":[{"href":"https:\/\/aconteceunovale.com.br\/portal\/index.php?rest_route=%2Fwp%2Fv2%2Fmedia&parent=145302"}],"wp:term":[{"taxonomy":"category","embeddable":true,"href":"https:\/\/aconteceunovale.com.br\/portal\/index.php?rest_route=%2Fwp%2Fv2%2Fcategories&post=145302"},{"taxonomy":"post_tag","embeddable":true,"href":"https:\/\/aconteceunovale.com.br\/portal\/index.php?rest_route=%2Fwp%2Fv2%2Ftags&post=145302"}],"curies":[{"name":"wp","href":"https:\/\/api.w.org\/{rel}","templated":true}]}}