{"id":145288,"date":"2019-03-07T00:10:30","date_gmt":"2019-03-07T02:10:30","guid":{"rendered":"http:\/\/aconteceunovale.com.br\/portal\/?p=145288"},"modified":"2019-03-07T00:10:30","modified_gmt":"2019-03-07T02:10:30","slug":"ministra-do-supremo-impede-bloqueio-de-r-745-milhoes-do-governo-de-minas-gerais","status":"publish","type":"post","link":"https:\/\/aconteceunovale.com.br\/portal\/?p=145288","title":{"rendered":"Ministra do Supremo impede bloqueio de R$ 74,5 milh\u00f5es do Governo de Minas Gerais"},"content":{"rendered":"<p>A ministra do Supremo Tribunal Federal (STF) Rosa Weber concedeu liminar para impedir o governo federal de bloquear R$ 74,5 milh\u00f5es das contas do estado de Minas Gerais. O bloqueio seria realizado porque o governo estadual n\u00e3o pagou parcelas de empr\u00e9stimos feitos com o Banco Nacional de Desenvolvimento Econ\u00f4mico (BNDES). A decis\u00e3o foi proferida na sexta-feira (1\u00ba).<br \/>\n<center><br \/>\n<!-- Erro, o An\u00fancio n\u00e3o est\u00e1 dispon\u00edvel neste momento devido \u00e0s restri\u00e7\u00f5es de agendamento\/geolocaliza\u00e7\u00e3o! --><br \/>\n<\/br><br \/>\n<\/center><br \/>\nA procuradoria do estado entrou com a\u00e7\u00e3o no STF para suspender a execu\u00e7\u00e3o da contragarantia, que ocorreria na pr\u00f3xima sexta-feira (8). O governo mineiro sustentou que n\u00e3o fez o pagamento das parcelas em fun\u00e7\u00e3o da situa\u00e7\u00e3o de pen\u00faria fiscal que o estado enfrenta. O Executivo local tamb\u00e9m informou que tenta aderir ao programa de recupera\u00e7\u00e3o fiscal da Uni\u00e3o. <\/p>\n<p>Ao decidir a quest\u00e3o, Rosa Weber entendeu que a execu\u00e7\u00e3o da d\u00edvida poderia agravar a situa\u00e7\u00e3o do estado de Minas Gerais e provocar a piora dos servi\u00e7os p\u00fablicos essenciais, al\u00e9m do atraso nos sal\u00e1rios dos servidores p\u00fablicos. <\/p>\n<p>&#8220;O presente caso traz situa\u00e7\u00e3o de extrema gravidade em confirmados os fatos apresentados na peti\u00e7\u00e3o inicial, a implicar risco de inviabiliza\u00e7\u00e3o de pagamentos de obriga\u00e7\u00f5es financeiras como sal\u00e1rios de servidores, al\u00e9m dos demais gastos com servi\u00e7os essenciais&#8221;, disse a ministra. <\/p>\n<p><strong>VER PRIMEIRO<\/strong><\/p>\n<p>Receba as not\u00edcias do Aconteceu no Vale em primeira m\u00e3o. Clique em curtir no endere\u00e7o <a href=\"https:\/\/www.facebook.com\/aconteceunovale\" target=\"_blank\"><font color=\"red\">www.facebook.com\/aconteceunovale<\/font><\/a> ou no box abaixo:<\/p>\n<div class=\"fb-like\" data-href=\"https:\/\/www.facebook.com\/aconteceunovale\" data-width=\"120\" data-layout=\"standard\" data-action=\"like\" data-size=\"small\" data-show-faces=\"true\" data-share=\"true\"><\/div>\n<p><!-- Erro, o An\u00fancio n\u00e3o est\u00e1 dispon\u00edvel neste momento devido \u00e0s restri\u00e7\u00f5es de agendamento\/geolocaliza\u00e7\u00e3o! --><br \/>\n<\/br><\/p>\n<p><em>(Fonte: Ag\u00eancia Brasil)<\/em><\/p>\n","protected":false},"excerpt":{"rendered":"<p>A ministra do Supremo Tribunal Federal (STF) Rosa Weber concedeu liminar para impedir o governo federal de bloquear R$ 74,5 milh\u00f5es das contas do estado de Minas Gerais. O bloqueio seria realizado porque o governo estadual n\u00e3o pagou parcelas de empr\u00e9stimos feitos com o Banco Nacional de Desenvolvimento Econ\u00f4mico (BNDES). A decis\u00e3o foi proferida na [&hellip;]<\/p>\n","protected":false},"author":1,"featured_media":90798,"comment_status":"open","ping_status":"closed","sticky":false,"template":"","format":"standard","meta":{"amp_status":"","footnotes":""},"categories":[6,123],"tags":[196860,196857,196856,42850,196859,183584,196858,51191,196855,35139,28511,28510],"class_list":["post-145288","post","type-post","status-publish","format-standard","has-post-thumbnail","hentry","category-br","category-gerais","tag-bloqueio-contas-do-estado-de-minas-gerais","tag-bloqueio-contas-governo-de-minas-gerais","tag-bloqueio-governo-de-minas-gerais","tag-bndes","tag-crise-financeira-governo-de-minas-gerais","tag-crise-governo-de-minas-gerais","tag-divida-governo-de-minas-gerais","tag-governo-de-minas-gerais","tag-ministra-do-supremo-impede-bloqueio-de-r-74-milhoes-do-governo-de-minas-gerais","tag-rosa-weber","tag-stf","tag-supremo-tribunal-federal"],"_links":{"self":[{"href":"https:\/\/aconteceunovale.com.br\/portal\/index.php?rest_route=\/wp\/v2\/posts\/145288","targetHints":{"allow":["GET"]}}],"collection":[{"href":"https:\/\/aconteceunovale.com.br\/portal\/index.php?rest_route=\/wp\/v2\/posts"}],"about":[{"href":"https:\/\/aconteceunovale.com.br\/portal\/index.php?rest_route=\/wp\/v2\/types\/post"}],"author":[{"embeddable":true,"href":"https:\/\/aconteceunovale.com.br\/portal\/index.php?rest_route=\/wp\/v2\/users\/1"}],"replies":[{"embeddable":true,"href":"https:\/\/aconteceunovale.com.br\/portal\/index.php?rest_route=%2Fwp%2Fv2%2Fcomments&post=145288"}],"version-history":[{"count":0,"href":"https:\/\/aconteceunovale.com.br\/portal\/index.php?rest_route=\/wp\/v2\/posts\/145288\/revisions"}],"wp:featuredmedia":[{"embeddable":true,"href":"https:\/\/aconteceunovale.com.br\/portal\/index.php?rest_route=\/wp\/v2\/media\/90798"}],"wp:attachment":[{"href":"https:\/\/aconteceunovale.com.br\/portal\/index.php?rest_route=%2Fwp%2Fv2%2Fmedia&parent=145288"}],"wp:term":[{"taxonomy":"category","embeddable":true,"href":"https:\/\/aconteceunovale.com.br\/portal\/index.php?rest_route=%2Fwp%2Fv2%2Fcategories&post=145288"},{"taxonomy":"post_tag","embeddable":true,"href":"https:\/\/aconteceunovale.com.br\/portal\/index.php?rest_route=%2Fwp%2Fv2%2Ftags&post=145288"}],"curies":[{"name":"wp","href":"https:\/\/api.w.org\/{rel}","templated":true}]}}