{"id":145286,"date":"2019-03-07T00:00:43","date_gmt":"2019-03-07T02:00:43","guid":{"rendered":"http:\/\/aconteceunovale.com.br\/portal\/?p=145286"},"modified":"2019-03-07T00:00:43","modified_gmt":"2019-03-07T02:00:43","slug":"paulo-preto-e-condenado-a-145-anos-de-prisao-por-peculato-no-rodoanel","status":"publish","type":"post","link":"https:\/\/aconteceunovale.com.br\/portal\/?p=145286","title":{"rendered":"Paulo Preto \u00e9 condenado a 145 anos de pris\u00e3o por peculato no Rodoanel"},"content":{"rendered":"<p>A Justi\u00e7a Federal em S\u00e3o Paulo condenou hoje (6) o ex-diretor da Dersa (Desenvolvimento Rodovi\u00e1rio S\/A) Paulo Vieira de Souza, conhecido como Paulo Preto, a 145 anos e oito meses de reclus\u00e3o, em regime inicial fechado, pelos crimes de peculato &#8211; desvio de dinheiro p\u00fablico &#8211; inser\u00e7\u00e3o de dados falsos em sistema da administra\u00e7\u00e3o p\u00fablica, e associa\u00e7\u00e3o criminosa.<br \/>\n<center><br \/>\n<!-- Erro, o An\u00fancio n\u00e3o est\u00e1 dispon\u00edvel neste momento devido \u00e0s restri\u00e7\u00f5es de agendamento\/geolocaliza\u00e7\u00e3o! --><br \/>\n<\/br><br \/>\n<\/center><br \/>\nA decis\u00e3o, da ju\u00edza Maria Isabel do Prado, titular da 5\u00aa Vara Federal Criminal de S\u00e3o Paulo, considera que Souza comandou um esquema de desvio de mais de R$ 7 milh\u00f5es que deveriam ter sido usados na indeniza\u00e7\u00e3o de moradores prejudicados pelas obras do entorno do trecho sul do Rodoanel de S\u00e3o Paulo e a amplia\u00e7\u00e3o das avenidas Jacu P\u00eassego e Marginal do Tiet\u00ea. Paulo Preto dever\u00e1 pagar ainda 4.320 dias-multa de cinco sal\u00e1rios-m\u00ednimos (cerca de R$ 13,4 milh\u00f5es).<\/p>\n<p>A Justi\u00e7a Federal tamb\u00e9m decretou a perda dos bens de Vieira e indeniza\u00e7\u00e3o de R$ 7.725.012,18 aos cofres p\u00fablicos, solidariamente junto a outros condenados. <\/p>\n<p>Esta \u00e9 a segunda senten\u00e7a da Justi\u00e7a Federal em a\u00e7\u00f5es penais da Lava Jato em S\u00e3o Paulo. Na \u00faltima quinta-feira (28), o ex-diretor da Dersa foi condenado a pena de 27 anos e oito dias de pris\u00e3o por ter ter fraudado licita\u00e7\u00f5es e participado de forma\u00e7\u00e3o de cartel em obras do trecho sul do Rodoanel e do Sistema Vi\u00e1rio Metropolitano de S\u00e3o Paulo entre 2004 e 2015.<\/p>\n<p>Paulo Preto est\u00e1 preso desde fevereiro, quando foi deflagrada a 60\u00aa fase da Opera\u00e7\u00e3o Lava Jato. De acordo com o MPF, a opera\u00e7\u00e3o investiga um complexo esquema de lavagem de dinheiro de corrup\u00e7\u00e3o praticada com a Odebrecht. Paulo Preto \u00e9 apontado como operador de esquemas envolvendo o PSDB em S\u00e3o Paulo. Pelos c\u00e1lculos da procuradoria, as transa\u00e7\u00f5es investigadas superam R$ 130 milh\u00f5es.<\/p>\n<p>A defesa de Paulo Vieira disse que n\u00e3o ir\u00e1 se manifestar sobre a decis\u00e3o de hoje.<\/p>\n<p><strong>VER PRIMEIRO<\/strong><\/p>\n<p>Receba as not\u00edcias do Aconteceu no Vale em primeira m\u00e3o. Clique em curtir no endere\u00e7o <a href=\"https:\/\/www.facebook.com\/aconteceunovale\" target=\"_blank\"><font color=\"red\">www.facebook.com\/aconteceunovale<\/font><\/a> ou no box abaixo:<\/p>\n<div class=\"fb-like\" data-href=\"https:\/\/www.facebook.com\/aconteceunovale\" data-width=\"120\" data-layout=\"standard\" data-action=\"like\" data-size=\"small\" data-show-faces=\"true\" data-share=\"true\"><\/div>\n<p><!-- Erro, o An\u00fancio n\u00e3o est\u00e1 dispon\u00edvel neste momento devido \u00e0s restri\u00e7\u00f5es de agendamento\/geolocaliza\u00e7\u00e3o! --><br \/>\n<\/br><\/p>\n<p><em>(Fonte: Ag\u00eancia Brasil)<\/em><\/p>\n","protected":false},"excerpt":{"rendered":"<p>A Justi\u00e7a Federal em S\u00e3o Paulo condenou hoje (6) o ex-diretor da Dersa (Desenvolvimento Rodovi\u00e1rio S\/A) Paulo Vieira de Souza, conhecido como Paulo Preto, a 145 anos e oito meses de reclus\u00e3o, em regime inicial fechado, pelos crimes de peculato &#8211; desvio de dinheiro p\u00fablico &#8211; inser\u00e7\u00e3o de dados falsos em sistema da administra\u00e7\u00e3o p\u00fablica, [&hellip;]<\/p>\n","protected":false},"author":1,"featured_media":144569,"comment_status":"open","ping_status":"closed","sticky":false,"template":"","format":"standard","meta":{"amp_status":"","footnotes":""},"categories":[6,40240],"tags":[195475,195488,141465,195493,195491,4608,196166,196168,195487,196167,196171,27144,195490,196169,196170,102933,96071,28515,195489,18095,195481,195495,195496,195483,196854,195484,195494,195478,195480,20966,195477,772,195476,195492,195482,195485,195479,7882,195486],"class_list":["post-145286","post","type-post","status-publish","format-standard","has-post-thumbnail","hentry","category-br","category-politica-2","tag-60a-fase-da-lava-jato","tag-ad-infinitum","tag-aloysio-nunes","tag-aloysio-nunes-e-preso","tag-aloysio-nunes-ferreira-filho","tag-curitiba","tag-dersa","tag-desenvolvimento-rodoviario","tag-esquemas-do-psdb-em-sao-paulo","tag-ex-diretor-da-dersa","tag-justica-federal-condena-operador-financeiro-ligado-ao-psdb-a-27-anos-de-prisao","tag-lava-jato","tag-ministerio-publico-federal-do-parana","tag-ministerio-publico-federal-em-sao-paulo","tag-mpfsp","tag-nova-fase-da-lava-jato","tag-nova-fase-da-operacao-lava-jato","tag-odebrecht","tag-operacao-ad-infinitum","tag-operacao-lava-jato","tag-operador-do-psdb-e-preso","tag-operador-financeiro-ligado-ao-psdb-e-presidente-da-cni-sao-presos-na-60a-fase-da-lava-jato","tag-operador-financeiro-ligado-ao-psdb-e-preso-na-60a-fase-da-lava-jato","tag-paulo-preto","tag-paulo-preto-e-condenado-a-145-anos-de-prisao-por-peculato-no-rodoanel","tag-paulo-preto-e-preso","tag-paulo-preto-e-preso-na-60a-fase-da-lava-jato","tag-paulo-vieira-de-souza","tag-paulo-vieira-de-souza-e-preso","tag-pf","tag-pf-de-curitiba","tag-policia-federal","tag-policia-federal-de-curitiba","tag-prisao-de-aloysio-nunes","tag-prisao-de-operador-do-psdb","tag-prisao-de-paulo-preto","tag-prisao-de-paulo-vieira-de-souza","tag-psdb","tag-psdb-em-sao-paulo"],"_links":{"self":[{"href":"https:\/\/aconteceunovale.com.br\/portal\/index.php?rest_route=\/wp\/v2\/posts\/145286","targetHints":{"allow":["GET"]}}],"collection":[{"href":"https:\/\/aconteceunovale.com.br\/portal\/index.php?rest_route=\/wp\/v2\/posts"}],"about":[{"href":"https:\/\/aconteceunovale.com.br\/portal\/index.php?rest_route=\/wp\/v2\/types\/post"}],"author":[{"embeddable":true,"href":"https:\/\/aconteceunovale.com.br\/portal\/index.php?rest_route=\/wp\/v2\/users\/1"}],"replies":[{"embeddable":true,"href":"https:\/\/aconteceunovale.com.br\/portal\/index.php?rest_route=%2Fwp%2Fv2%2Fcomments&post=145286"}],"version-history":[{"count":0,"href":"https:\/\/aconteceunovale.com.br\/portal\/index.php?rest_route=\/wp\/v2\/posts\/145286\/revisions"}],"wp:featuredmedia":[{"embeddable":true,"href":"https:\/\/aconteceunovale.com.br\/portal\/index.php?rest_route=\/wp\/v2\/media\/144569"}],"wp:attachment":[{"href":"https:\/\/aconteceunovale.com.br\/portal\/index.php?rest_route=%2Fwp%2Fv2%2Fmedia&parent=145286"}],"wp:term":[{"taxonomy":"category","embeddable":true,"href":"https:\/\/aconteceunovale.com.br\/portal\/index.php?rest_route=%2Fwp%2Fv2%2Fcategories&post=145286"},{"taxonomy":"post_tag","embeddable":true,"href":"https:\/\/aconteceunovale.com.br\/portal\/index.php?rest_route=%2Fwp%2Fv2%2Ftags&post=145286"}],"curies":[{"name":"wp","href":"https:\/\/api.w.org\/{rel}","templated":true}]}}