{"id":145284,"date":"2019-03-06T23:58:21","date_gmt":"2019-03-07T01:58:21","guid":{"rendered":"http:\/\/aconteceunovale.com.br\/portal\/?p=145284"},"modified":"2019-03-06T23:58:21","modified_gmt":"2019-03-07T01:58:21","slug":"secom-diz-que-jair-bolsonaro-nao-teve-intencao-de-criticar-carnaval","status":"publish","type":"post","link":"https:\/\/aconteceunovale.com.br\/portal\/?p=145284","title":{"rendered":"Secom diz que Jair Bolsonaro n\u00e3o teve inten\u00e7\u00e3o de criticar Carnaval"},"content":{"rendered":"<p>A Secretaria Especial de Comunica\u00e7\u00e3o Social da Presid\u00eancia da Rep\u00fablica (Secom-PR) informou hoje (6) que o presidente Jair Bolsonaro n\u00e3o teve a inten\u00e7\u00e3o de criticar o carnaval ao divulgar um v\u00eddeo na sua conta de Twitter. Segundo a Secom, o presidente quis \u201ccaracterizar uma distor\u00e7\u00e3o clara\u201d do esp\u00edrito de alegria comumente associado ao carnaval.<br \/>\n<center><br \/>\n<!-- Erro, o An\u00fancio n\u00e3o est\u00e1 dispon\u00edvel neste momento devido \u00e0s restri\u00e7\u00f5es de agendamento\/geolocaliza\u00e7\u00e3o! --><br \/>\n<\/br><br \/>\n<\/center><br \/>\n\u201cN\u00e3o houve inten\u00e7\u00e3o de criticar o carnaval de forma gen\u00e9rica, mas sim caracterizar uma distor\u00e7\u00e3o clara do esp\u00edrito momesco, que simboliza a descontra\u00e7\u00e3o, a ironia, a cr\u00edtica saud\u00e1vel e a criatividade da nossa maior e mais democr\u00e1tica festa popular\u201d, diz a nota.<\/p>\n<p><strong>V\u00eddeo<\/strong><\/p>\n<p>Ontem (5) \u00e0 noite Bolsonaro postou um v\u00eddeo, no qual h\u00e1 imagens de um homem urinando em outro, seminu, durante a passagem de um bloco de carnaval.<\/p>\n<p>\u201cN\u00e3o me sinto confort\u00e1vel em mostrar, mas temos que expor a verdade para a popula\u00e7\u00e3o ter conhecimento e sempre tomar suas prioridades. \u00c9 isto que tem virado muitos blocos de rua no carnaval brasileiro\u201d, disse o presidente.<\/p>\n<p><strong>Crime<\/strong><\/p>\n<p>Na mesma nota, o Pal\u00e1cio do Planalto ressaltou que o v\u00eddeo postado na conta pessoal do presidente retrata \u201cum crime, tipificado na legisla\u00e7\u00e3o\u201d.<\/p>\n<p>\u201cNo v\u00eddeo, postado pelo presidente da Rep\u00fablica em sua conta pessoal de uma rede social, h\u00e1 cenas que escandalizaram, n\u00e3o s\u00f3 o pr\u00f3prio presidente, bem como grande parte da sociedade. \u00c9 um crime, tipificado na legisla\u00e7\u00e3o brasileira, que violenta os valores familiares e as tradi\u00e7\u00f5es culturais do carnaval\u201d.<\/p>\n<p><strong>VER PRIMEIRO<\/strong><\/p>\n<p>Receba as not\u00edcias do Aconteceu no Vale em primeira m\u00e3o. Clique em curtir no endere\u00e7o <a href=\"https:\/\/www.facebook.com\/aconteceunovale\" target=\"_blank\"><font color=\"red\">www.facebook.com\/aconteceunovale<\/font><\/a> ou no box abaixo:<\/p>\n<div class=\"fb-like\" data-href=\"https:\/\/www.facebook.com\/aconteceunovale\" data-width=\"120\" data-layout=\"standard\" data-action=\"like\" data-size=\"small\" data-show-faces=\"true\" data-share=\"true\"><\/div>\n<p><!-- Erro, o An\u00fancio n\u00e3o est\u00e1 dispon\u00edvel neste momento devido \u00e0s restri\u00e7\u00f5es de agendamento\/geolocaliza\u00e7\u00e3o! --><br \/>\n<\/br><\/p>\n<p><em>(Fonte: Ag\u00eancia Brasil)<\/em><\/p>\n","protected":false},"excerpt":{"rendered":"<p>A Secretaria Especial de Comunica\u00e7\u00e3o Social da Presid\u00eancia da Rep\u00fablica (Secom-PR) informou hoje (6) que o presidente Jair Bolsonaro n\u00e3o teve a inten\u00e7\u00e3o de criticar o carnaval ao divulgar um v\u00eddeo na sua conta de Twitter. Segundo a Secom, o presidente quis \u201ccaracterizar uma distor\u00e7\u00e3o clara\u201d do esp\u00edrito de alegria comumente associado ao carnaval. \u201cN\u00e3o [&hellip;]<\/p>\n","protected":false},"author":1,"featured_media":145101,"comment_status":"open","ping_status":"closed","sticky":false,"template":"","format":"standard","meta":{"amp_status":"","footnotes":""},"categories":[6,40240],"tags":[100375,196583,196582,196581,196580,26436,196584,196585,196853,196578,196577,196576,196579,196575,196574],"class_list":["post-145284","post","type-post","status-publish","format-standard","has-post-thumbnail","hentry","category-br","category-politica-2","tag-bolsonaro","tag-bolsonaro-tem-razao","tag-bolsonarotemrazao","tag-impeachment-bolsonaro","tag-impeachmentbolsonaro","tag-jair-bolsonaro","tag-postagem-de-jair-bolsonaro-em-sua-conta-no-twitter-onde-divulgou-um-video-com-conteudo-escatologico-e-pornografico","tag-repercussao-video-bolsonaro","tag-secom-diz-que-jair-bolsonaro-nao-teve-intencao-de-criticar-carnaval","tag-video-bloco-de-carnaval-jair-bolsonaro","tag-video-carnaval-jair-bolsonaro","tag-video-jair-bolsonaro","tag-video-obsceno-jair-bolsonaro","tag-video-publicado-por-jair-bolsonaro","tag-video-publicado-por-jair-bolsonaro-causa-polemica"],"_links":{"self":[{"href":"https:\/\/aconteceunovale.com.br\/portal\/index.php?rest_route=\/wp\/v2\/posts\/145284","targetHints":{"allow":["GET"]}}],"collection":[{"href":"https:\/\/aconteceunovale.com.br\/portal\/index.php?rest_route=\/wp\/v2\/posts"}],"about":[{"href":"https:\/\/aconteceunovale.com.br\/portal\/index.php?rest_route=\/wp\/v2\/types\/post"}],"author":[{"embeddable":true,"href":"https:\/\/aconteceunovale.com.br\/portal\/index.php?rest_route=\/wp\/v2\/users\/1"}],"replies":[{"embeddable":true,"href":"https:\/\/aconteceunovale.com.br\/portal\/index.php?rest_route=%2Fwp%2Fv2%2Fcomments&post=145284"}],"version-history":[{"count":0,"href":"https:\/\/aconteceunovale.com.br\/portal\/index.php?rest_route=\/wp\/v2\/posts\/145284\/revisions"}],"wp:featuredmedia":[{"embeddable":true,"href":"https:\/\/aconteceunovale.com.br\/portal\/index.php?rest_route=\/wp\/v2\/media\/145101"}],"wp:attachment":[{"href":"https:\/\/aconteceunovale.com.br\/portal\/index.php?rest_route=%2Fwp%2Fv2%2Fmedia&parent=145284"}],"wp:term":[{"taxonomy":"category","embeddable":true,"href":"https:\/\/aconteceunovale.com.br\/portal\/index.php?rest_route=%2Fwp%2Fv2%2Fcategories&post=145284"},{"taxonomy":"post_tag","embeddable":true,"href":"https:\/\/aconteceunovale.com.br\/portal\/index.php?rest_route=%2Fwp%2Fv2%2Ftags&post=145284"}],"curies":[{"name":"wp","href":"https:\/\/api.w.org\/{rel}","templated":true}]}}