{"id":145260,"date":"2019-03-06T23:54:31","date_gmt":"2019-03-07T01:54:31","guid":{"rendered":"http:\/\/aconteceunovale.com.br\/portal\/?p=145260"},"modified":"2019-03-06T23:54:31","modified_gmt":"2019-03-07T01:54:31","slug":"mangueira-viradouro-e-vila-isabel-celebram-resultado","status":"publish","type":"post","link":"https:\/\/aconteceunovale.com.br\/portal\/?p=145260","title":{"rendered":"Mangueira, Viradouro e Vila Isabel celebram resultado"},"content":{"rendered":"<p>A festa do 20\u00ba t\u00edtulo de campe\u00e3 da Mangueira come\u00e7ou antes mesmo de o locutor Jorge Perlingeiro concluir a apura\u00e7\u00e3o. A pen\u00faltima nota no quesito fantasia, um 9,9, j\u00e1 garantia \u00e0 verde e rosa a pontua\u00e7\u00e3o \u00e0 frente da Viradouro, segunda colocada.<br \/>\n<center><br \/>\n<!-- Erro, o An\u00fancio n\u00e3o est\u00e1 dispon\u00edvel neste momento devido \u00e0s restri\u00e7\u00f5es de agendamento\/geolocaliza\u00e7\u00e3o! --><br \/>\n<\/br><br \/>\n<\/center><br \/>\n\u201c\u00c9 um samba hist\u00f3rico. Agora \u00e9 ir para a quadra comemorar, junto com os outros mangueirenses\u201d, disse Marquinho Art Samba, um dos int\u00e9rpretes da Mangueira, na Pra\u00e7a da Apoteose.<\/p>\n<p>O samba do enredo \u201cHist\u00f3ria pra ninar gente grande\u201d foi um dos grandes respons\u00e1veis pelo sucesso da escola. <\/p>\n<p>\u201cO samba fez diferen\u00e7a sim. Gra\u00e7as a Deus, Mangueira campe\u00e3. O samba funcionou na avenida. Foi um trabalho conjunto, do samba-enredo, da bateria, que h\u00e1 16 anos n\u00e3o ganhava quatro notas 10, do carro de som, que trouxe as notas de harmonia\u201d, comemorou Alem\u00e3o do Cavaco, diretor musical da verde e rosa.<\/p>\n<p>Danilo Firmino, um dos compositores, sintetizou o sentimento que predomina entre os integrantes.<\/p>\n<p>&#8220;O carnaval que sempre foi uma express\u00e3o de luta, e falar o que todo mundo queria falar. E mostrar para este Brasil que eles tamb\u00e9m fazem parte desta hist\u00f3ria. Todo trabalhador. Toda mulher. Todo negro. Todo \u00edndio. Voc\u00eas s\u00e3o a hist\u00f3ria do Brasil. O samba n\u00e3o \u00e9 nosso&#8221;, disse Firmino. &#8220;O samba \u00e9 de cada um. Ele cresceu por isso. Ele cresceu pela for\u00e7a da coletividade que ele tem.&#8221;<\/p>\n<p><strong>Fotos do desfile da Mangueira<\/strong><\/p>\n<p><img decoding=\"async\" src=\"http:\/\/aconteceunovale.com.br\/portal\/wp-content\/uploads\/2019\/03\/desfile_mangueira_1.jpg\" alt=\"\" \/><em>Foto: Tomaz Silva\/Ag\u00eancia Brasil<\/em><br \/>\n<\/br><\/p>\n<p><img decoding=\"async\" src=\"http:\/\/aconteceunovale.com.br\/portal\/wp-content\/uploads\/2019\/03\/desfile_mangueira_2.jpg\" alt=\"\" \/><em>Foto: Tomaz Silva\/Ag\u00eancia Brasil<\/em><br \/>\n<\/br><\/p>\n<p><img decoding=\"async\" src=\"http:\/\/aconteceunovale.com.br\/portal\/wp-content\/uploads\/2019\/03\/desfile_mangueira_3.jpg\" alt=\"\" \/><em>Foto: Tomaz Silva\/Ag\u00eancia Brasil<\/em><br \/>\n<\/br><\/p>\n<p><img decoding=\"async\" src=\"http:\/\/aconteceunovale.com.br\/portal\/wp-content\/uploads\/2019\/03\/desfile_mangueira_4.jpg\" alt=\"\" \/><em>Foto: Tomaz Silva\/Ag\u00eancia Brasil<\/em><br \/>\n<\/br><\/p>\n<p><img decoding=\"async\" src=\"http:\/\/aconteceunovale.com.br\/portal\/wp-content\/uploads\/2019\/03\/desfile_mangueira_6.jpg\" alt=\"\" \/><em>Foto: Tomaz Silva\/Ag\u00eancia Brasil<\/em><br \/>\n<\/br><\/p>\n<p><img decoding=\"async\" src=\"http:\/\/aconteceunovale.com.br\/portal\/wp-content\/uploads\/2019\/03\/desfile_mangueira_7.jpg\" alt=\"\" \/><em>Foto: Tomaz Silva\/Ag\u00eancia Brasil<\/em><br \/>\n<\/br><\/p>\n<p><strong><\/p>\n<h2>Viradouro<\/h2>\n<p><\/strong><\/p>\n<p>O presidente da Viradouro, Marcelinho Calil, destacou o retorno da escola de Niter\u00f3i ao grupo de elite do carnaval carioca, segunda colocada no Grupo Especial, atr\u00e1s apenas da Mangueira. \u201cSentimento de dever cumprido como escola e como o simbolismo da Viradouro de voltar a figurar entre as grandes escolas do carnaval do Rio\u201d, disse Calil.<\/p>\n<p>Calil  lamentou as notas baixas nas categorias alegoria e samba-enredo. \u201cN\u00e3o tenho como falar sobre nota sem a justificativa. A gente fica um pouco limitado\u201d, completou.<\/p>\n<p>Calil elogiou o trabalho de Paulo Barros, mas disse que ainda \u00e9 muito cedo para saber se contar\u00e1 com o carnavalesco no carnaval de 2020.<\/p>\n<p>\u201cFicamos muito satisfeitos com o trabalho. N\u00e3o s\u00f3 do Paulo, mas de todos os profissionais que est\u00e3o na escola. No momento certo, a gente vai analisar isto, agora a gente s\u00f3 quer curtir.  Aproveitar\u201d, disse.<\/p>\n<p>O int\u00e9rprete da escola, Z\u00e9 Paulo Serra, comemorou o vice-campeonato. \u201c\u00c9 um trabalho que vem desde 2017. Acho que este trabalho foi reconhecido hoje aqui. Vamos agora no s\u00e1bado mostrar, nada contra a Mangueira, que a gente podia estar em primeiro. Agente est\u00e1 muito feliz e vivo\u201d.<\/p>\n<p><strong>Fotos do desfile da Viradouro<\/strong><\/p>\n<p><img decoding=\"async\" src=\"http:\/\/aconteceunovale.com.br\/portal\/wp-content\/uploads\/2019\/03\/desfile_viradouro_1.jpg\" alt=\"\" \/><em>Foto: Tomaz Silva\/Ag\u00eancia Brasil<\/em><br \/>\n<\/br><\/p>\n<p><img decoding=\"async\" src=\"http:\/\/aconteceunovale.com.br\/portal\/wp-content\/uploads\/2019\/03\/desfile_viradouro_2.jpg\" alt=\"\" \/><em>Foto: Tomaz Silva\/Ag\u00eancia Brasil<\/em><br \/>\n<\/br><\/p>\n<p><img decoding=\"async\" src=\"http:\/\/aconteceunovale.com.br\/portal\/wp-content\/uploads\/2019\/03\/desfile_viradouro_3.jpg\" alt=\"\" \/><em>Foto: Tomaz Silva\/Ag\u00eancia Brasil<\/em><br \/>\n<\/br><\/p>\n<p><img decoding=\"async\" src=\"http:\/\/aconteceunovale.com.br\/portal\/wp-content\/uploads\/2019\/03\/desfile_viradouro_4.jpg\" alt=\"\" \/><em>Foto: Tomaz Silva\/Ag\u00eancia Brasil<\/em><br \/>\n<\/br><\/p>\n<p><img decoding=\"async\" src=\"http:\/\/aconteceunovale.com.br\/portal\/wp-content\/uploads\/2019\/03\/desfile_viradouro_5.jpg\" alt=\"\" \/><em>Foto: Tomaz Silva\/Ag\u00eancia Brasil<\/em><br \/>\n<\/br><\/p>\n<p><img decoding=\"async\" src=\"http:\/\/aconteceunovale.com.br\/portal\/wp-content\/uploads\/2019\/03\/desfile_viradouro_6.jpg\" alt=\"\" \/><em>Foto: Tomaz Silva\/Ag\u00eancia Brasil<\/em><br \/>\n<\/br><\/p>\n<p><img decoding=\"async\" src=\"http:\/\/aconteceunovale.com.br\/portal\/wp-content\/uploads\/2019\/03\/desfile_viradouro_7.jpg\" alt=\"\" \/><em>Foto: Tomaz Silva\/Ag\u00eancia Brasil<\/em><br \/>\n<\/br><\/p>\n<p><img decoding=\"async\" src=\"http:\/\/aconteceunovale.com.br\/portal\/wp-content\/uploads\/2019\/03\/desfile_viradouro_8.jpg\" alt=\"\" \/><em>Foto: Tomaz Silva\/Ag\u00eancia Brasil<\/em><br \/>\n<\/br><\/p>\n<p><strong><\/p>\n<h2>Vila Isabel<\/h2>\n<p><\/strong><\/p>\n<p>A rainha de Bateria da Vila Isabel, Sabrina Sato, tamb\u00e9m comemorou o terceiro lugar da escola da zona norte do Rio.\u201c\u00c9 o meu nono ano como rainha da Vila Isabel. A escola veio linda, emocionante. \u00c9 claro que a gente imaginava o primeiro lugar, a gente batalhou muito para isto durante todo ano, mas a gente est\u00e1 feliz de voltar para as Campe\u00e3s [desfile], que \u00e9 o lugar da Vila\u201d, disse.<\/p>\n<p><strong>Fotos do desfile da Vila Isabel<\/strong><\/p>\n<p><img decoding=\"async\" src=\"http:\/\/aconteceunovale.com.br\/portal\/wp-content\/uploads\/2019\/03\/desfile_vilaisabel_1.jpg\" alt=\"\" \/><em>Foto: Tomaz Silva\/Ag\u00eancia Brasil<\/em><br \/>\n<\/br><\/p>\n<p><img decoding=\"async\" src=\"http:\/\/aconteceunovale.com.br\/portal\/wp-content\/uploads\/2019\/03\/desfile_vilaisabel_2.jpg\" alt=\"\" \/><em>Foto: Tomaz Silva\/Ag\u00eancia Brasil<\/em><br \/>\n<\/br><\/p>\n<p><img decoding=\"async\" src=\"http:\/\/aconteceunovale.com.br\/portal\/wp-content\/uploads\/2019\/03\/desfile_vilaisabel_3.jpg\" alt=\"\" \/><em>Foto: Tomaz Silva\/Ag\u00eancia Brasil<\/em><br \/>\n<\/br><\/p>\n<p><img decoding=\"async\" src=\"http:\/\/aconteceunovale.com.br\/portal\/wp-content\/uploads\/2019\/03\/desfile_vilaisabel_4.jpg\" alt=\"\" \/><em>Foto: Tomaz Silva\/Ag\u00eancia Brasil<\/em><br \/>\n<\/br><\/p>\n<p><img decoding=\"async\" src=\"http:\/\/aconteceunovale.com.br\/portal\/wp-content\/uploads\/2019\/03\/desfile_vilaisabel_5.jpg\" alt=\"\" \/><em>Foto: Tomaz Silva\/Ag\u00eancia Brasil<\/em><br \/>\n<\/br><\/p>\n<p><img decoding=\"async\" src=\"http:\/\/aconteceunovale.com.br\/portal\/wp-content\/uploads\/2019\/03\/desfile_vilaisabel_6.jpg\" alt=\"\" \/><em>Foto: Tomaz Silva\/Ag\u00eancia Brasil<\/em><br \/>\n<\/br><\/p>\n<p><img decoding=\"async\" src=\"http:\/\/aconteceunovale.com.br\/portal\/wp-content\/uploads\/2019\/03\/desfile_vilaisabel_7.jpg\" alt=\"\" \/><em>Foto: Tomaz Silva\/Ag\u00eancia Brasil<\/em><br \/>\n<\/br><\/p>\n<p><img decoding=\"async\" src=\"http:\/\/aconteceunovale.com.br\/portal\/wp-content\/uploads\/2019\/03\/desfile_vilaisabel_8.jpg\" alt=\"\" \/><em>Foto: Tomaz Silva\/Ag\u00eancia Brasil<\/em><br \/>\n<\/br><\/p>\n<p><strong><\/p>\n<h2>Escolas rebaixadas<\/h2>\n<p><\/strong><\/p>\n<p>Emo\u00e7\u00e3o se misturou tamb\u00e9m com tristeza em algumas quadras de escolas de samba do Rio de Janeiro. No Grupo Especial, duas tradicionais agremia\u00e7\u00f5es, Imperatriz Leopoldinense e Imp\u00e9rio Serrando, foram rebaixadas para o Grupo de Acesso. Sentimento oposto teve a escola Est\u00e1cio de S\u00e1 que saiu do Grupo de Acesso e retornou para o Grupo Especial.<\/p>\n<p>A seguir, veja como ficou a classifica\u00e7\u00e3o das escolas do Grupo Especial e Grupo de Acesso da S\u00e9rie A.<\/p>\n<p><strong>Grupo Especial<\/strong><\/p>\n<p>Veja a classifica\u00e7\u00e3o das escolas:<\/p>\n<p>1. Mangueira<\/p>\n<p>2. Viradouro<\/p>\n<p>3. Vila Isabel<\/p>\n<p>4. Portela<\/p>\n<p>5. Salgueiro<\/p>\n<p>6. Mocidade Independente<\/p>\n<p>7. Unidos da Tijuca<\/p>\n<p>8. Para\u00edso do Tuiuti<\/p>\n<p>9. Grande Rio<\/p>\n<p>10. Uni\u00e3o da Ilha<\/p>\n<p>11. Beija-Flor<\/p>\n<p>12. S\u00e3o Clemente<\/p>\n<p>13. Imperatriz Leopoldinense<\/p>\n<p>14. Imp\u00e9rio Serrano<\/p>\n<p><strong>Grupo de Acesso S\u00e9rie A<\/strong><\/p>\n<p>Veja a classifica\u00e7\u00e3o:<\/p>\n<p>1. Est\u00e1cio de S\u00e1<\/p>\n<p>2. Cubango<\/p>\n<p>3. Porto da Pedra<\/p>\n<p>4. Imp\u00e9rio da Tijuca<\/p>\n<p>5. Santa Cruz<\/p>\n<p>6. Unidos de Padre Miguel<\/p>\n<p>7. Renascer de Jacarepagu\u00e1<\/p>\n<p>8. Unidos da Ponte<\/p>\n<p>9. Inocentes de Belford Roxo<\/p>\n<p>10. Unidos de Bangu<\/p>\n<p>11. Rocinha<\/p>\n<p>12. Acad\u00eamicos do Sossego<\/p>\n<p>13. Alegria da Zona Sul<\/p>\n<p><strong>VER PRIMEIRO<\/strong><\/p>\n<p>Receba as not\u00edcias do Aconteceu no Vale em primeira m\u00e3o. Clique em curtir no endere\u00e7o <a href=\"https:\/\/www.facebook.com\/aconteceunovale\" target=\"_blank\"><font color=\"red\">www.facebook.com\/aconteceunovale<\/font><\/a> ou no box abaixo:<\/p>\n<div class=\"fb-like\" data-href=\"https:\/\/www.facebook.com\/aconteceunovale\" data-width=\"120\" data-layout=\"standard\" data-action=\"like\" data-size=\"small\" data-show-faces=\"true\" data-share=\"true\"><\/div>\n<p><!-- Erro, o An\u00fancio n\u00e3o est\u00e1 dispon\u00edvel neste momento devido \u00e0s restri\u00e7\u00f5es de agendamento\/geolocaliza\u00e7\u00e3o! --><br \/>\n<\/br><\/p>\n<p><em>(Fonte: Ag\u00eancia Brasil)<\/em><\/p>\n","protected":false},"excerpt":{"rendered":"<p>A festa do 20\u00ba t\u00edtulo de campe\u00e3 da Mangueira come\u00e7ou antes mesmo de o locutor Jorge Perlingeiro concluir a apura\u00e7\u00e3o. A pen\u00faltima nota no quesito fantasia, um 9,9, j\u00e1 garantia \u00e0 verde e rosa a pontua\u00e7\u00e3o \u00e0 frente da Viradouro, segunda colocada. \u201c\u00c9 um samba hist\u00f3rico. Agora \u00e9 ir para a quadra comemorar, junto com [&hellip;]<\/p>\n","protected":false},"author":1,"featured_media":145263,"comment_status":"open","ping_status":"closed","sticky":false,"template":"","format":"standard","meta":{"amp_status":"","footnotes":""},"categories":[6],"tags":[196618,196791,196766,196629,196792,196767,196619,196794,196769,138024,196797,196772,196620,196796,196771,196635,196636,196637,196654,196655,196653,196656,76867,196657,196262,1018,196638,196639,196640,76874,76876,196808,196783,196643,196651,196647,196630,196793,196768,196852,196851,196621,196798,196773,196616,196787,196762,196661,196660,196658,196659,76871,196809,196784,196614,196615,196532,196634,196811,196786,196627,196810,196785,196626,196806,196781,196666,196716,196667,196717,196669,196719,196672,196722,196671,196721,196642,196650,196646,196683,196733,196668,196718,196673,196723,196662,196712,196684,196734,196686,196736,196685,196735,196681,196731,196678,196728,196670,196720,196675,196725,196682,196732,196680,196730,196679,196729,196674,196724,196676,196726,196663,196713,196677,196727,196664,196714,196665,196715,117150,196803,196778,196691,196741,196692,196742,196694,196744,196697,196747,196696,196746,196641,196649,196645,196708,196758,196693,196743,196698,196748,196687,196737,196709,196759,196711,196761,196710,196760,196706,196756,196703,196753,196695,196745,196700,196750,196707,196757,196705,196755,196704,196754,196699,196749,196701,196751,196688,196738,196702,196752,196689,196739,196690,196740,1104,140147,196795,196770,196623,196800,196775,196633,196807,196782,196632,196805,196780,196625,196804,196779,196622,196799,196774,196624,196801,196776,196617,196788,196763,196644,196652,196648,196631,196802,196777,105293,196789,196764,196628,196790,196765],"class_list":["post-145260","post","type-post","status-publish","format-standard","has-post-thumbnail","hentry","category-br","tag-academicos-do-grande-rio","tag-academicos-do-grande-rio-carnaval-do-rio-de-janeiro-2019","tag-academicos-do-grande-rio-carnaval-do-rj-2019","tag-academicos-do-grande-rio-de-duque-de-caxias","tag-academicos-do-grande-rio-de-duque-de-caxias-carnaval-do-rio-de-janeiro-2019","tag-academicos-do-grande-rio-de-duque-de-caxias-carnaval-do-rj-2019","tag-academicos-do-salgueiro","tag-academicos-do-salgueiro-carnaval-do-rio-de-janeiro-2019","tag-academicos-do-salgueiro-carnaval-do-rj-2019","tag-beija-flor","tag-beija-flor-carnaval-do-rio-de-janeiro-2019","tag-beija-flor-carnaval-do-rj-2019","tag-beija-flor-de-nilopolis","tag-beija-flor-de-nilopolis-carnaval-do-rio-de-janeiro-2019","tag-beija-flor-de-nilopolis-carnaval-do-rj-2019","tag-campea-do-carnaval-do-rio-2019","tag-campea-do-carnaval-do-rio-de-janeiro-2019","tag-campea-do-carnaval-do-rj-2019","tag-campea-do-grupo-especial-do-carnaval-do-rio-de-janeiro-em-2019","tag-campea-do-grupo-especial-do-carnaval-do-rio-em-2019","tag-campea-do-grupo-especial-do-carnaval-do-rj-em-2019","tag-carnaval-do-rio","tag-carnaval-do-rio-de-janeiro","tag-carnaval-do-rj","tag-carnaval2019","tag-destaque","tag-escola-de-samba-campea-do-carnaval-do-rio-2019","tag-escola-de-samba-campea-do-carnaval-do-rio-de-janeiro-2019","tag-escola-de-samba-campea-do-carnaval-do-rj-2019","tag-escolas-de-samba","tag-estacao-primeira-de-mangueira","tag-estacao-primeira-de-mangueira-carnaval-do-rio-de-janeiro-2019","tag-estacao-primeira-de-mangueira-carnaval-do-rj-2019","tag-ganhadora-do-carnaval-do-rio-2019","tag-ganhadora-do-carnaval-do-rio-de-janeiro-2019","tag-ganhadora-do-carnaval-do-rj-2019","tag-grande-rio","tag-grande-rio-carnaval-do-rio-de-janeiro-2019","tag-grande-rio-carnaval-do-rj-2019","tag-grupo-de-acesso-serie-a","tag-grupo-especial","tag-imperatriz-leopoldinense","tag-imperatriz-leopoldinense-carnaval-do-rio-de-janeiro-2019","tag-imperatriz-leopoldinense-carnaval-do-rj-2019","tag-imperio-serrano","tag-imperio-serrano-carnaval-do-rio-de-janeiro-2019","tag-imperio-serrano-carnaval-do-rj-2019","tag-lierj","tag-liesa","tag-liga-das-escolas-de-samba-do-rio-de-janeiro","tag-liga-independente-das-escolas-de-samba-do-rio-de-janeiro","tag-mangueira","tag-mangueira-carnaval-do-rio-de-janeiro-2019","tag-mangueira-carnaval-do-rj-2019","tag-mangueira-e-campea-do-carnaval-do-rio-de-janeiro-em-2019","tag-mangueira-e-campea-do-carnaval-do-rio-em-2019","tag-marques-de-sapucai","tag-mocidade","tag-mocidade-carnaval-do-rio-de-janeiro-2019","tag-mocidade-carnaval-do-rj-2019","tag-mocidade-independente-de-padre-miguel","tag-mocidade-independente-de-padre-miguel-carnaval-do-rio-de-janeiro-2019","tag-mocidade-independente-de-padre-miguel-carnaval-do-rj-2019","tag-paraiso-do-tuiuti","tag-paraiso-do-tuiuti-carnaval-do-rio-de-janeiro-2019","tag-paraiso-do-tuiuti-carnaval-do-rj-2019","tag-pontuacao-academicos-do-grande-rio","tag-pontuacao-academicos-do-grande-rio-carnaval-do-rio-de-janeiro-2019","tag-pontuacao-academicos-do-grande-rio-de-duque-de-caxias","tag-pontuacao-academicos-do-grande-rio-de-duque-de-caxias-carnaval-do-rio-de-janeiro-2019","tag-pontuacao-academicos-do-salgueiro","tag-pontuacao-academicos-do-salgueiro-carnaval-do-rio-de-janeiro-2019","tag-pontuacao-beija-flor","tag-pontuacao-beija-flor-carnaval-do-rio-de-janeiro-2019","tag-pontuacao-beija-flor-de-nilopolis","tag-pontuacao-beija-flor-de-nilopolis-carnaval-do-rio-de-janeiro-2019","tag-pontuacao-carnaval-do-rio-2019","tag-pontuacao-carnaval-do-rio-de-janeiro-2019","tag-pontuacao-carnaval-do-rj-2019","tag-pontuacao-estacao-primeira-de-mangueira","tag-pontuacao-estacao-primeira-de-mangueira-carnaval-do-rio-de-janeiro-2019","tag-pontuacao-grande-rio","tag-pontuacao-grande-rio-carnaval-do-rio-de-janeiro-2019","tag-pontuacao-imperatriz-leopoldinense","tag-pontuacao-imperatriz-leopoldinense-carnaval-do-rio-de-janeiro-2019","tag-pontuacao-imperio-serrano","tag-pontuacao-imperio-serrano-carnaval-do-rio-de-janeiro-2019","tag-pontuacao-mangueira","tag-pontuacao-mangueira-carnaval-do-rio-de-janeiro-2019","tag-pontuacao-mocidade","tag-pontuacao-mocidade-carnaval-do-rio-de-janeiro-2019","tag-pontuacao-mocidade-independente-de-padre-miguel","tag-pontuacao-mocidade-independente-de-padre-miguel-carnaval-do-rio-de-janeiro-2019","tag-pontuacao-paraiso-do-tuiuti","tag-pontuacao-paraiso-do-tuiuti-carnaval-do-rio-de-janeiro-2019","tag-pontuacao-portela","tag-pontuacao-portela-carnaval-do-rio-de-janeiro-2019","tag-pontuacao-salgueiro","tag-pontuacao-salgueiro-carnaval-do-rio-de-janeiro-2019","tag-pontuacao-sao-clemente","tag-pontuacao-sao-clemente-carnaval-do-rio-de-janeiro-2019","tag-pontuacao-tuiuti","tag-pontuacao-tuiuti-carnaval-do-rio-de-janeiro-2019","tag-pontuacao-uniao-da-ilha","tag-pontuacao-uniao-da-ilha-carnaval-do-rio-de-janeiro-2019","tag-pontuacao-uniao-da-ilha-do-governador","tag-pontuacao-uniao-da-ilha-do-governador-carnaval-do-rio-de-janeiro-2019","tag-pontuacao-unidos-da-tijuca","tag-pontuacao-unidos-da-tijuca-carnaval-do-rio-de-janeiro-2019","tag-pontuacao-unidos-de-vila-isabel","tag-pontuacao-unidos-de-vila-isabel-carnaval-do-rio-de-janeiro-2019","tag-pontuacao-unidos-do-viradouro","tag-pontuacao-unidos-do-viradouro-carnaval-do-rio-de-janeiro-2019","tag-pontuacao-vila-isabel","tag-pontuacao-vila-isabel-carnaval-do-rio-de-janeiro-2019","tag-pontuacao-viradouro","tag-pontuacao-viradouro-carnaval-do-rio-de-janeiro-2019","tag-pontuacao-viradouro-de-niteroi","tag-pontuacao-viradouro-de-niteroi-carnaval-do-rio-de-janeiro-2019","tag-portela","tag-portela-carnaval-do-rio-de-janeiro-2019","tag-portela-carnaval-do-rj-2019","tag-resultado-academicos-do-grande-rio","tag-resultado-academicos-do-grande-rio-carnaval-do-rio-de-janeiro-2019","tag-resultado-academicos-do-grande-rio-de-duque-de-caxias","tag-resultado-academicos-do-grande-rio-de-duque-de-caxias-carnaval-do-rio-de-janeiro-2019","tag-resultado-academicos-do-salgueiro","tag-resultado-academicos-do-salgueiro-carnaval-do-rio-de-janeiro-2019","tag-resultado-beija-flor","tag-resultado-beija-flor-carnaval-do-rio-de-janeiro-2019","tag-resultado-beija-flor-de-nilopolis","tag-resultado-beija-flor-de-nilopolis-carnaval-do-rio-de-janeiro-2019","tag-resultado-carnaval-do-rio-2019","tag-resultado-carnaval-do-rio-de-janeiro-2019","tag-resultado-carnaval-do-rj-2019","tag-resultado-estacao-primeira-de-mangueira","tag-resultado-estacao-primeira-de-mangueira-carnaval-do-rio-de-janeiro-2019","tag-resultado-grande-rio","tag-resultado-grande-rio-carnaval-do-rio-de-janeiro-2019","tag-resultado-imperatriz-leopoldinense","tag-resultado-imperatriz-leopoldinense-carnaval-do-rio-de-janeiro-2019","tag-resultado-imperio-serrano","tag-resultado-imperio-serrano-carnaval-do-rio-de-janeiro-2019","tag-resultado-mangueira","tag-resultado-mangueira-carnaval-do-rio-de-janeiro-2019","tag-resultado-mocidade","tag-resultado-mocidade-carnaval-do-rio-de-janeiro-2019","tag-resultado-mocidade-independente-de-padre-miguel","tag-resultado-mocidade-independente-de-padre-miguel-carnaval-do-rio-de-janeiro-2019","tag-resultado-paraiso-do-tuiuti","tag-resultado-paraiso-do-tuiuti-carnaval-do-rio-de-janeiro-2019","tag-resultado-portela","tag-resultado-portela-carnaval-do-rio-de-janeiro-2019","tag-resultado-salgueiro","tag-resultado-salgueiro-carnaval-do-rio-de-janeiro-2019","tag-resultado-sao-clemente","tag-resultado-sao-clemente-carnaval-do-rio-de-janeiro-2019","tag-resultado-tuiuti","tag-resultado-tuiuti-carnaval-do-rio-de-janeiro-2019","tag-resultado-uniao-da-ilha","tag-resultado-uniao-da-ilha-carnaval-do-rio-de-janeiro-2019","tag-resultado-uniao-da-ilha-do-governador","tag-resultado-uniao-da-ilha-do-governador-carnaval-do-rio-de-janeiro-2019","tag-resultado-unidos-da-tijuca","tag-resultado-unidos-da-tijuca-carnaval-do-rio-de-janeiro-2019","tag-resultado-unidos-de-vila-isabel","tag-resultado-unidos-de-vila-isabel-carnaval-do-rio-de-janeiro-2019","tag-resultado-unidos-do-viradouro","tag-resultado-unidos-do-viradouro-carnaval-do-rio-de-janeiro-2019","tag-resultado-vila-isabel","tag-resultado-vila-isabel-carnaval-do-rio-de-janeiro-2019","tag-resultado-viradouro","tag-resultado-viradouro-carnaval-do-rio-de-janeiro-2019","tag-resultado-viradouro-de-niteroi","tag-resultado-viradouro-de-niteroi-carnaval-do-rio-de-janeiro-2019","tag-rio-de-janeiro","tag-salgueiro","tag-salgueiro-carnaval-do-rio-de-janeiro-2019","tag-salgueiro-carnaval-do-rj-2019","tag-sao-clemente","tag-sao-clemente-carnaval-do-rio-de-janeiro-2019","tag-sao-clemente-carnaval-do-rj-2019","tag-tuiuti","tag-tuiuti-carnaval-do-rio-de-janeiro-2019","tag-tuiuti-carnaval-do-rj-2019","tag-uniao-da-ilha","tag-uniao-da-ilha-carnaval-do-rio-de-janeiro-2019","tag-uniao-da-ilha-carnaval-do-rj-2019","tag-uniao-da-ilha-do-governador","tag-uniao-da-ilha-do-governador-carnaval-do-rio-de-janeiro-2019","tag-uniao-da-ilha-do-governador-carnaval-do-rj-2019","tag-unidos-da-tijuca","tag-unidos-da-tijuca-carnaval-do-rio-de-janeiro-2019","tag-unidos-da-tijuca-carnaval-do-rj-2019","tag-unidos-de-vila-isabel","tag-unidos-de-vila-isabel-carnaval-do-rio-de-janeiro-2019","tag-unidos-de-vila-isabel-carnaval-do-rj-2019","tag-unidos-do-viradouro","tag-unidos-do-viradouro-carnaval-do-rio-de-janeiro-2019","tag-unidos-do-viradouro-carnaval-do-rj-2019","tag-vencedora-do-carnaval-do-rio-2019","tag-vencedora-do-carnaval-do-rio-de-janeiro-2019","tag-vencedora-do-carnaval-do-rj-2019","tag-vila-isabel","tag-vila-isabel-carnaval-do-rio-de-janeiro-2019","tag-vila-isabel-carnaval-do-rj-2019","tag-viradouro","tag-viradouro-carnaval-do-rio-de-janeiro-2019","tag-viradouro-carnaval-do-rj-2019","tag-viradouro-de-niteroi","tag-viradouro-de-niteroi-carnaval-do-rio-de-janeiro-2019","tag-viradouro-de-niteroi-carnaval-do-rj-2019"],"_links":{"self":[{"href":"https:\/\/aconteceunovale.com.br\/portal\/index.php?rest_route=\/wp\/v2\/posts\/145260","targetHints":{"allow":["GET"]}}],"collection":[{"href":"https:\/\/aconteceunovale.com.br\/portal\/index.php?rest_route=\/wp\/v2\/posts"}],"about":[{"href":"https:\/\/aconteceunovale.com.br\/portal\/index.php?rest_route=\/wp\/v2\/types\/post"}],"author":[{"embeddable":true,"href":"https:\/\/aconteceunovale.com.br\/portal\/index.php?rest_route=\/wp\/v2\/users\/1"}],"replies":[{"embeddable":true,"href":"https:\/\/aconteceunovale.com.br\/portal\/index.php?rest_route=%2Fwp%2Fv2%2Fcomments&post=145260"}],"version-history":[{"count":0,"href":"https:\/\/aconteceunovale.com.br\/portal\/index.php?rest_route=\/wp\/v2\/posts\/145260\/revisions"}],"wp:featuredmedia":[{"embeddable":true,"href":"https:\/\/aconteceunovale.com.br\/portal\/index.php?rest_route=\/wp\/v2\/media\/145263"}],"wp:attachment":[{"href":"https:\/\/aconteceunovale.com.br\/portal\/index.php?rest_route=%2Fwp%2Fv2%2Fmedia&parent=145260"}],"wp:term":[{"taxonomy":"category","embeddable":true,"href":"https:\/\/aconteceunovale.com.br\/portal\/index.php?rest_route=%2Fwp%2Fv2%2Fcategories&post=145260"},{"taxonomy":"post_tag","embeddable":true,"href":"https:\/\/aconteceunovale.com.br\/portal\/index.php?rest_route=%2Fwp%2Fv2%2Ftags&post=145260"}],"curies":[{"name":"wp","href":"https:\/\/api.w.org\/{rel}","templated":true}]}}