{"id":145108,"date":"2019-03-04T21:31:08","date_gmt":"2019-03-04T23:31:08","guid":{"rendered":"http:\/\/aconteceunovale.com.br\/portal\/?p=145108"},"modified":"2019-03-04T21:31:08","modified_gmt":"2019-03-04T23:31:08","slug":"policia-registra-homicidios-em-governador-valadares-e-engenheiro-caldas-no-vale-do-rio-doce","status":"publish","type":"post","link":"https:\/\/aconteceunovale.com.br\/portal\/?p=145108","title":{"rendered":"Pol\u00edcia registra homic\u00eddios em Governador Valadares e Engenheiro Caldas, no Vale do Rio Doce"},"content":{"rendered":"<p>Um homem foi assassinado na noite desse domingo (03\/03\/2019) em Governador Valadares, no Vale do Rio Doce. Segundo relato de testemunhas para a Pol\u00edcia Civil, Ernandes Teixeira Santos, de 43 anos, estava na Rua Almenara, no Bairro Turmalina, quando foi surpreendido por dois criminosos, em uma moto, que fizeram dois disparos com arma de fogo.<br \/>\n<center><br \/>\n<!-- Erro, o An\u00fancio n\u00e3o est\u00e1 dispon\u00edvel neste momento devido \u00e0s restri\u00e7\u00f5es de agendamento\/geolocaliza\u00e7\u00e3o! --><br \/>\n<\/br><br \/>\n<\/center><br \/>\nO crime foi registrado por volta de 23h e o Servi\u00e7o de Atendimento M\u00f3vel de Urg\u00eancia (SAMU) foi acionado, mas constatou o \u00f3bito ao chegar no local. Ap\u00f3s trabalho da Per\u00edcia T\u00e9cnica da Pol\u00edcia Civil, o corpo foi encaminhado ao Instituto M\u00e9dico Legal (IML) da cidade. A v\u00edtima foi atingida por um tiro na axila.<\/p>\n<p>A motiva\u00e7\u00e3o do crime ainda \u00e9 investigada, mas a pol\u00edcia trabalha com hip\u00f3tese de vingan\u00e7a. At\u00e9 o momento ningu\u00e9m foi preso.<\/p>\n<p><strong><\/p>\n<h4>Corpo encontrado em c\u00f3rrego<\/h4>\n<p><\/strong><\/p>\n<p>O corpo de um homem foi encontrado na manh\u00e3 desta segunda-feira (4) no c\u00f3rrego do Tra\u00edra, zona rural de Engenheiro Caldas, no Vale do Rio Doce. De acordo com informa\u00e7\u00f5es da Pol\u00edcia Militar, a v\u00edtima seria um andarilho e, durante madrugada, teria entrado em luta corporal com cinco suspeitos. <\/p>\n<p>Ainda segundo a PM, ap\u00f3s agredirem o andarilho, os suspeitos jogaram o corpo dele de cima da ponte que corta o c\u00f3rrego.<\/p>\n<p>A pol\u00edcia foi acionada ao local por moradores, que encontraram o corpo da v\u00edtima, que n\u00e3o portava documentos de identifica\u00e7\u00e3o. <\/p>\n<p>A Pol\u00edcia Militar est\u00e1 em busca dos suspeitos de agredirem a v\u00edtima. A PM acredita que os autores cometeram crime sem motivo de maior relev\u00e2ncia.<\/p>\n<p><strong>VER PRIMEIRO<\/strong><\/p>\n<p>Receba as not\u00edcias do Aconteceu no Vale em primeira m\u00e3o. Clique em curtir no endere\u00e7o <a href=\"https:\/\/www.facebook.com\/aconteceunovale\" target=\"_blank\"><font color=\"red\">www.facebook.com\/aconteceunovale<\/font><\/a> ou no box abaixo:<\/p>\n<div class=\"fb-like\" data-href=\"https:\/\/www.facebook.com\/aconteceunovale\" data-width=\"120\" data-layout=\"standard\" data-action=\"like\" data-size=\"small\" data-show-faces=\"true\" data-share=\"true\"><\/div>\n<p><!-- Erro, o An\u00fancio n\u00e3o est\u00e1 dispon\u00edvel neste momento devido \u00e0s restri\u00e7\u00f5es de agendamento\/geolocaliza\u00e7\u00e3o! --><br \/>\n<\/br><\/p>\n<p><em>(Fonte: G1 Vales)<\/em><\/p>\n","protected":false},"excerpt":{"rendered":"<p>Um homem foi assassinado na noite desse domingo (03\/03\/2019) em Governador Valadares, no Vale do Rio Doce. Segundo relato de testemunhas para a Pol\u00edcia Civil, Ernandes Teixeira Santos, de 43 anos, estava na Rua Almenara, no Bairro Turmalina, quando foi surpreendido por dois criminosos, em uma moto, que fizeram dois disparos com arma de fogo. [&hellip;]<\/p>\n","protected":false},"author":1,"featured_media":143726,"comment_status":"open","ping_status":"closed","sticky":false,"template":"","format":"standard","meta":{"amp_status":"","footnotes":""},"categories":[121],"tags":[196357,44655,288,196355,247,196356,142792,196358,8180,43038,58056,196359],"class_list":["post-145108","post","type-post","status-publish","format-standard","has-post-thumbnail","hentry","category-leste","tag-andarilho-morto-em-engenheiro-caldas","tag-assassinado-em-governador-valadares","tag-engenheiro-caldas","tag-ernandes-teixeira-santos","tag-governador-valadares","tag-homem-morto-em-engenheiro-caldas","tag-homem-morto-em-governador-valadares","tag-homicidio-em-engenheiro-caldas","tag-homicidio-em-governador-valadares","tag-morto-em-governador-valadares","tag-no-vale-do-rio-doce","tag-policia-registra-homicidios-em-governador-valadares-e-engenheiro-caldas"],"_links":{"self":[{"href":"https:\/\/aconteceunovale.com.br\/portal\/index.php?rest_route=\/wp\/v2\/posts\/145108","targetHints":{"allow":["GET"]}}],"collection":[{"href":"https:\/\/aconteceunovale.com.br\/portal\/index.php?rest_route=\/wp\/v2\/posts"}],"about":[{"href":"https:\/\/aconteceunovale.com.br\/portal\/index.php?rest_route=\/wp\/v2\/types\/post"}],"author":[{"embeddable":true,"href":"https:\/\/aconteceunovale.com.br\/portal\/index.php?rest_route=\/wp\/v2\/users\/1"}],"replies":[{"embeddable":true,"href":"https:\/\/aconteceunovale.com.br\/portal\/index.php?rest_route=%2Fwp%2Fv2%2Fcomments&post=145108"}],"version-history":[{"count":0,"href":"https:\/\/aconteceunovale.com.br\/portal\/index.php?rest_route=\/wp\/v2\/posts\/145108\/revisions"}],"wp:featuredmedia":[{"embeddable":true,"href":"https:\/\/aconteceunovale.com.br\/portal\/index.php?rest_route=\/wp\/v2\/media\/143726"}],"wp:attachment":[{"href":"https:\/\/aconteceunovale.com.br\/portal\/index.php?rest_route=%2Fwp%2Fv2%2Fmedia&parent=145108"}],"wp:term":[{"taxonomy":"category","embeddable":true,"href":"https:\/\/aconteceunovale.com.br\/portal\/index.php?rest_route=%2Fwp%2Fv2%2Fcategories&post=145108"},{"taxonomy":"post_tag","embeddable":true,"href":"https:\/\/aconteceunovale.com.br\/portal\/index.php?rest_route=%2Fwp%2Fv2%2Ftags&post=145108"}],"curies":[{"name":"wp","href":"https:\/\/api.w.org\/{rel}","templated":true}]}}