{"id":145007,"date":"2019-02-27T23:49:05","date_gmt":"2019-02-28T01:49:05","guid":{"rendered":"http:\/\/aconteceunovale.com.br\/portal\/?p=145007"},"modified":"2019-02-27T23:49:05","modified_gmt":"2019-02-28T01:49:05","slug":"micro-onibus-capota-no-municipio-de-monte-azul-no-norte-de-minas","status":"publish","type":"post","link":"https:\/\/aconteceunovale.com.br\/portal\/?p=145007","title":{"rendered":"Micro-\u00f4nibus capota no munic\u00edpio de Monte Azul, no Norte de Minas"},"content":{"rendered":"<p>Dez pessoas ficaram feridas em um capotamento de um micro-\u00f4nibus na MG-122, pr\u00f3ximo a Monte Azul, no Norte de Minas, na madrugada desta quarta-feira (27\/02\/2019). De acordo com o Samu, a maioria dos feridos estava com escoria\u00e7\u00f5es e se queixava de dores e pequenos cortes pelo corpo. Um rapaz, de 19 anos, foi encaminhado ao hospital da cidade com cortes mais profundos nas costas e face. Socorristas de Monte Azul e Espinosa participaram da ocorr\u00eancia.<\/p>\n<p>O acidente aconteceu por volta das 5h, na Serra do Marinho. De acordo com a Policia Rodovi\u00e1ria Militar, chovia no momento do capotamento e a principal suspeita \u00e9 que havia \u00f3leo acumulado na pista. O motorista n\u00e3o ficou ferido e as causas ainda ser\u00e3o confirmadas. <\/p>\n<p>O micro-\u00f4nibus seguia da Bahia com destino a Jana\u00faba. A pol\u00edcia informou que vinte e um passageiros fariam exame de admiss\u00e3o na cidade mineira para empresa de energia e\u00f3lica que atua na regi\u00e3o de Urandi. Depois do acidente, a empresa forneceu outro \u00f4nibus para os passageiros retornarem da viagem.<\/p>\n<p><img decoding=\"async\" src=\"http:\/\/aconteceunovale.com.br\/portal\/wp-content\/uploads\/2019\/02\/acidente_davi_turismo.jpg\" alt=\"\" \/><em>Foto: Samu\/Divulga\u00e7\u00e3o<\/em><br \/>\n<\/br><\/p>\n<p><strong>VER PRIMEIRO<\/strong><\/p>\n<p>Receba as not\u00edcias do Aconteceu no Vale em primeira m\u00e3o. Clique em curtir no endere\u00e7o <a href=\"https:\/\/www.facebook.com\/aconteceunovale\" target=\"_blank\"><font color=\"red\">www.facebook.com\/aconteceunovale<\/font><\/a> ou no box abaixo:<\/p>\n<div class=\"fb-like\" data-href=\"https:\/\/www.facebook.com\/aconteceunovale\" data-width=\"120\" data-layout=\"standard\" data-action=\"like\" data-size=\"small\" data-show-faces=\"true\" data-share=\"true\"><\/div>\n<p>[adrotate banner=&#8221;27&#8243;]<br \/>\n<\/br><\/p>\n<p><em>(Fonte: G1 Grande Minas)<\/em><\/p>\n","protected":false},"excerpt":{"rendered":"<p>Dez pessoas ficaram feridas em um capotamento de um micro-\u00f4nibus na MG-122, pr\u00f3ximo a Monte Azul, no Norte de Minas, na madrugada desta quarta-feira (27\/02\/2019). De acordo com o Samu, a maioria dos feridos estava com escoria\u00e7\u00f5es e se queixava de dores e pequenos cortes pelo corpo. Um rapaz, de 19 anos, foi encaminhado ao [&hellip;]<\/p>\n","protected":false},"author":1,"featured_media":145008,"comment_status":"open","ping_status":"closed","sticky":false,"template":"","format":"standard","meta":{"amp_status":"","footnotes":""},"categories":[1236],"tags":[196109,196112,71902,196113,196108,196111,1278,204,60512,196114,1277,33228,196110,41721],"class_list":["post-145007","post","type-post","status-publish","format-standard","has-post-thumbnail","hentry","category-norte_de_minas","tag-acidente-com-micro-onibus-em-monte-azul","tag-acidente-davi-turismo","tag-acidente-em-monte-azul","tag-acidente-micro-onibus-davi-turismo","tag-acidente-na-mg-122-em-monte-azul","tag-acidente-na-serra-do-marinho","tag-espinosa","tag-janauba","tag-mg-122","tag-micro-onibus-capota-no-municipio-de-monte-azul","tag-monte-azul","tag-no-norte-de-minas","tag-serra-do-marinho","tag-urandi"],"yoast_head":"<!-- This site is optimized with the Yoast SEO plugin v28.3 - https:\/\/yoast.com\/product\/yoast-seo-wordpress\/ -->\n<title>Micro-\u00f4nibus capota no munic\u00edpio de Monte Azul, no Norte de Minas - Aconteceu no Vale<\/title>\n<meta name=\"robots\" content=\"index, follow, max-snippet:-1, max-image-preview:large, max-video-preview:-1\" \/>\n<link rel=\"canonical\" href=\"https:\/\/aconteceunovale.com.br\/portal\/?p=145007\" \/>\n<meta property=\"og:locale\" content=\"pt_BR\" \/>\n<meta property=\"og:type\" content=\"article\" \/>\n<meta property=\"og:title\" content=\"Micro-\u00f4nibus capota no munic\u00edpio de Monte Azul, no Norte de Minas - Aconteceu no Vale\" \/>\n<meta property=\"og:description\" content=\"Dez pessoas ficaram feridas em um capotamento de um micro-\u00f4nibus na MG-122, pr\u00f3ximo a Monte Azul, no Norte de Minas, na madrugada desta quarta-feira (27\/02\/2019). De acordo com o Samu, a maioria dos feridos estava com escoria\u00e7\u00f5es e se queixava de dores e pequenos cortes pelo corpo. Um rapaz, de 19 anos, foi encaminhado ao [&hellip;]\" \/>\n<meta property=\"og:url\" content=\"https:\/\/aconteceunovale.com.br\/portal\/?p=145007\" \/>\n<meta property=\"og:site_name\" content=\"Aconteceu no Vale\" \/>\n<meta property=\"article:publisher\" content=\"https:\/\/www.facebook.com\/aconteceunovale\/\" \/>\n<meta property=\"article:published_time\" content=\"2019-02-28T01:49:05+00:00\" \/>\n<meta property=\"og:image\" content=\"https:\/\/aconteceunovale.com.br\/portal\/wp-content\/uploads\/2019\/02\/acidente_davi_turismo.jpg\" \/>\n\t<meta property=\"og:image:width\" content=\"600\" \/>\n\t<meta property=\"og:image:height\" content=\"450\" \/>\n\t<meta property=\"og:image:type\" content=\"image\/jpeg\" \/>\n<meta name=\"author\" content=\"Aconteceu no Vale\" \/>\n<meta name=\"twitter:card\" content=\"summary_large_image\" \/>\n<meta name=\"twitter:creator\" content=\"@noticiadosvales\" \/>\n<meta name=\"twitter:site\" content=\"@noticiadosvales\" \/>\n<meta name=\"twitter:label1\" content=\"Escrito por\" \/>\n\t<meta name=\"twitter:data1\" content=\"Aconteceu no Vale\" \/>\n\t<meta name=\"twitter:label2\" content=\"Est. tempo de leitura\" \/>\n\t<meta name=\"twitter:data2\" content=\"1 minuto\" \/>\n<script type=\"application\/ld+json\" class=\"yoast-schema-graph\">{\"@context\":\"https:\\\/\\\/schema.org\",\"@graph\":[{\"@type\":\"Article\",\"@id\":\"https:\\\/\\\/aconteceunovale.com.br\\\/portal\\\/?p=145007#article\",\"isPartOf\":{\"@id\":\"https:\\\/\\\/aconteceunovale.com.br\\\/portal\\\/?p=145007\"},\"author\":{\"name\":\"Aconteceu no Vale\",\"@id\":\"https:\\\/\\\/aconteceunovale.com.br\\\/portal\\\/#\\\/schema\\\/person\\\/633529146f2c94272bef50ac2953d589\"},\"headline\":\"Micro-\u00f4nibus capota no munic\u00edpio de Monte Azul, no Norte de Minas\",\"datePublished\":\"2019-02-28T01:49:05+00:00\",\"mainEntityOfPage\":{\"@id\":\"https:\\\/\\\/aconteceunovale.com.br\\\/portal\\\/?p=145007\"},\"wordCount\":230,\"commentCount\":0,\"image\":{\"@id\":\"https:\\\/\\\/aconteceunovale.com.br\\\/portal\\\/?p=145007#primaryimage\"},\"thumbnailUrl\":\"https:\\\/\\\/aconteceunovale.com.br\\\/portal\\\/wp-content\\\/uploads\\\/2019\\\/02\\\/acidente_davi_turismo.jpg\",\"keywords\":[\"Acidente com micro-\u00f4nibus em Monte Azul\",\"Acidente Davi Turismo\",\"acidente em Monte Azul\",\"Acidente micro-\u00f4nibus Davi Turismo\",\"Acidente na MG-122 em Monte Azul\",\"Acidente na Serra do Marinho\",\"espinosa\",\"Jana\u00faba\",\"MG-122\",\"Micro-\u00f4nibus capota no munic\u00edpio de Monte Azul\",\"monte azul\",\"no Norte de Minas\",\"Serra do Marinho\",\"Urandi\"],\"articleSection\":[\"Norte de Minas\"],\"inLanguage\":\"pt-BR\",\"potentialAction\":[{\"@type\":\"CommentAction\",\"name\":\"Comment\",\"target\":[\"https:\\\/\\\/aconteceunovale.com.br\\\/portal\\\/?p=145007#respond\"]}]},{\"@type\":\"WebPage\",\"@id\":\"https:\\\/\\\/aconteceunovale.com.br\\\/portal\\\/?p=145007\",\"url\":\"https:\\\/\\\/aconteceunovale.com.br\\\/portal\\\/?p=145007\",\"name\":\"Micro-\u00f4nibus capota no munic\u00edpio de Monte Azul, no Norte de Minas - Aconteceu no Vale\",\"isPartOf\":{\"@id\":\"https:\\\/\\\/aconteceunovale.com.br\\\/portal\\\/#website\"},\"primaryImageOfPage\":{\"@id\":\"https:\\\/\\\/aconteceunovale.com.br\\\/portal\\\/?p=145007#primaryimage\"},\"image\":{\"@id\":\"https:\\\/\\\/aconteceunovale.com.br\\\/portal\\\/?p=145007#primaryimage\"},\"thumbnailUrl\":\"https:\\\/\\\/aconteceunovale.com.br\\\/portal\\\/wp-content\\\/uploads\\\/2019\\\/02\\\/acidente_davi_turismo.jpg\",\"datePublished\":\"2019-02-28T01:49:05+00:00\",\"author\":{\"@id\":\"https:\\\/\\\/aconteceunovale.com.br\\\/portal\\\/#\\\/schema\\\/person\\\/633529146f2c94272bef50ac2953d589\"},\"breadcrumb\":{\"@id\":\"https:\\\/\\\/aconteceunovale.com.br\\\/portal\\\/?p=145007#breadcrumb\"},\"inLanguage\":\"pt-BR\",\"potentialAction\":[{\"@type\":\"ReadAction\",\"target\":[\"https:\\\/\\\/aconteceunovale.com.br\\\/portal\\\/?p=145007\"]}]},{\"@type\":\"ImageObject\",\"inLanguage\":\"pt-BR\",\"@id\":\"https:\\\/\\\/aconteceunovale.com.br\\\/portal\\\/?p=145007#primaryimage\",\"url\":\"https:\\\/\\\/aconteceunovale.com.br\\\/portal\\\/wp-content\\\/uploads\\\/2019\\\/02\\\/acidente_davi_turismo.jpg\",\"contentUrl\":\"https:\\\/\\\/aconteceunovale.com.br\\\/portal\\\/wp-content\\\/uploads\\\/2019\\\/02\\\/acidente_davi_turismo.jpg\",\"width\":600,\"height\":450},{\"@type\":\"BreadcrumbList\",\"@id\":\"https:\\\/\\\/aconteceunovale.com.br\\\/portal\\\/?p=145007#breadcrumb\",\"itemListElement\":[{\"@type\":\"ListItem\",\"position\":1,\"name\":\"In\u00edcio\",\"item\":\"https:\\\/\\\/aconteceunovale.com.br\\\/portal\\\/\"},{\"@type\":\"ListItem\",\"position\":2,\"name\":\"Micro-\u00f4nibus capota no munic\u00edpio de Monte Azul, no Norte de Minas\"}]},{\"@type\":\"WebSite\",\"@id\":\"https:\\\/\\\/aconteceunovale.com.br\\\/portal\\\/#website\",\"url\":\"https:\\\/\\\/aconteceunovale.com.br\\\/portal\\\/\",\"name\":\"Aconteceu no Vale\",\"description\":\"Portal de Not\u00edcias\",\"potentialAction\":[{\"@type\":\"SearchAction\",\"target\":{\"@type\":\"EntryPoint\",\"urlTemplate\":\"https:\\\/\\\/aconteceunovale.com.br\\\/portal\\\/?s={search_term_string}\"},\"query-input\":{\"@type\":\"PropertyValueSpecification\",\"valueRequired\":true,\"valueName\":\"search_term_string\"}}],\"inLanguage\":\"pt-BR\"},{\"@type\":\"Person\",\"@id\":\"https:\\\/\\\/aconteceunovale.com.br\\\/portal\\\/#\\\/schema\\\/person\\\/633529146f2c94272bef50ac2953d589\",\"name\":\"Aconteceu no Vale\",\"description\":\"Equipe de reportagem do Aconteceu no Vale, portal de not\u00edcias do Vale do Jequitinhonha, em Minas Gerais. Cobrimos as 51 cidades do Vale desde 2013. Sugest\u00f5es de pauta e pedidos de corre\u00e7\u00e3o: contato@aconteceunovale.com.br\",\"sameAs\":[\"http:\\\/\\\/www.aconteceunovale.com.br\"],\"url\":\"https:\\\/\\\/aconteceunovale.com.br\\\/portal\\\/?author=1\"}]}<\/script>\n<!-- \/ Yoast SEO plugin. -->","yoast_head_json":{"title":"Micro-\u00f4nibus capota no munic\u00edpio de Monte Azul, no Norte de Minas - Aconteceu no Vale","robots":{"index":"index","follow":"follow","max-snippet":"max-snippet:-1","max-image-preview":"max-image-preview:large","max-video-preview":"max-video-preview:-1"},"canonical":"https:\/\/aconteceunovale.com.br\/portal\/?p=145007","og_locale":"pt_BR","og_type":"article","og_title":"Micro-\u00f4nibus capota no munic\u00edpio de Monte Azul, no Norte de Minas - Aconteceu no Vale","og_description":"Dez pessoas ficaram feridas em um capotamento de um micro-\u00f4nibus na MG-122, pr\u00f3ximo a Monte Azul, no Norte de Minas, na madrugada desta quarta-feira (27\/02\/2019). De acordo com o Samu, a maioria dos feridos estava com escoria\u00e7\u00f5es e se queixava de dores e pequenos cortes pelo corpo. Um rapaz, de 19 anos, foi encaminhado ao [&hellip;]","og_url":"https:\/\/aconteceunovale.com.br\/portal\/?p=145007","og_site_name":"Aconteceu no Vale","article_publisher":"https:\/\/www.facebook.com\/aconteceunovale\/","article_published_time":"2019-02-28T01:49:05+00:00","og_image":[{"width":600,"height":450,"url":"https:\/\/aconteceunovale.com.br\/portal\/wp-content\/uploads\/2019\/02\/acidente_davi_turismo.jpg","type":"image\/jpeg"}],"author":"Aconteceu no Vale","twitter_card":"summary_large_image","twitter_creator":"@noticiadosvales","twitter_site":"@noticiadosvales","twitter_misc":{"Escrito por":"Aconteceu no Vale","Est. tempo de leitura":"1 minuto"},"schema":{"@context":"https:\/\/schema.org","@graph":[{"@type":"Article","@id":"https:\/\/aconteceunovale.com.br\/portal\/?p=145007#article","isPartOf":{"@id":"https:\/\/aconteceunovale.com.br\/portal\/?p=145007"},"author":{"name":"Aconteceu no Vale","@id":"https:\/\/aconteceunovale.com.br\/portal\/#\/schema\/person\/633529146f2c94272bef50ac2953d589"},"headline":"Micro-\u00f4nibus capota no munic\u00edpio de Monte Azul, no Norte de Minas","datePublished":"2019-02-28T01:49:05+00:00","mainEntityOfPage":{"@id":"https:\/\/aconteceunovale.com.br\/portal\/?p=145007"},"wordCount":230,"commentCount":0,"image":{"@id":"https:\/\/aconteceunovale.com.br\/portal\/?p=145007#primaryimage"},"thumbnailUrl":"https:\/\/aconteceunovale.com.br\/portal\/wp-content\/uploads\/2019\/02\/acidente_davi_turismo.jpg","keywords":["Acidente com micro-\u00f4nibus em Monte Azul","Acidente Davi Turismo","acidente em Monte Azul","Acidente micro-\u00f4nibus Davi Turismo","Acidente na MG-122 em Monte Azul","Acidente na Serra do Marinho","espinosa","Jana\u00faba","MG-122","Micro-\u00f4nibus capota no munic\u00edpio de Monte Azul","monte azul","no Norte de Minas","Serra do Marinho","Urandi"],"articleSection":["Norte de Minas"],"inLanguage":"pt-BR","potentialAction":[{"@type":"CommentAction","name":"Comment","target":["https:\/\/aconteceunovale.com.br\/portal\/?p=145007#respond"]}]},{"@type":"WebPage","@id":"https:\/\/aconteceunovale.com.br\/portal\/?p=145007","url":"https:\/\/aconteceunovale.com.br\/portal\/?p=145007","name":"Micro-\u00f4nibus capota no munic\u00edpio de Monte Azul, no Norte de Minas - Aconteceu no Vale","isPartOf":{"@id":"https:\/\/aconteceunovale.com.br\/portal\/#website"},"primaryImageOfPage":{"@id":"https:\/\/aconteceunovale.com.br\/portal\/?p=145007#primaryimage"},"image":{"@id":"https:\/\/aconteceunovale.com.br\/portal\/?p=145007#primaryimage"},"thumbnailUrl":"https:\/\/aconteceunovale.com.br\/portal\/wp-content\/uploads\/2019\/02\/acidente_davi_turismo.jpg","datePublished":"2019-02-28T01:49:05+00:00","author":{"@id":"https:\/\/aconteceunovale.com.br\/portal\/#\/schema\/person\/633529146f2c94272bef50ac2953d589"},"breadcrumb":{"@id":"https:\/\/aconteceunovale.com.br\/portal\/?p=145007#breadcrumb"},"inLanguage":"pt-BR","potentialAction":[{"@type":"ReadAction","target":["https:\/\/aconteceunovale.com.br\/portal\/?p=145007"]}]},{"@type":"ImageObject","inLanguage":"pt-BR","@id":"https:\/\/aconteceunovale.com.br\/portal\/?p=145007#primaryimage","url":"https:\/\/aconteceunovale.com.br\/portal\/wp-content\/uploads\/2019\/02\/acidente_davi_turismo.jpg","contentUrl":"https:\/\/aconteceunovale.com.br\/portal\/wp-content\/uploads\/2019\/02\/acidente_davi_turismo.jpg","width":600,"height":450},{"@type":"BreadcrumbList","@id":"https:\/\/aconteceunovale.com.br\/portal\/?p=145007#breadcrumb","itemListElement":[{"@type":"ListItem","position":1,"name":"In\u00edcio","item":"https:\/\/aconteceunovale.com.br\/portal\/"},{"@type":"ListItem","position":2,"name":"Micro-\u00f4nibus capota no munic\u00edpio de Monte Azul, no Norte de Minas"}]},{"@type":"WebSite","@id":"https:\/\/aconteceunovale.com.br\/portal\/#website","url":"https:\/\/aconteceunovale.com.br\/portal\/","name":"Aconteceu no Vale","description":"Portal de Not\u00edcias","potentialAction":[{"@type":"SearchAction","target":{"@type":"EntryPoint","urlTemplate":"https:\/\/aconteceunovale.com.br\/portal\/?s={search_term_string}"},"query-input":{"@type":"PropertyValueSpecification","valueRequired":true,"valueName":"search_term_string"}}],"inLanguage":"pt-BR"},{"@type":"Person","@id":"https:\/\/aconteceunovale.com.br\/portal\/#\/schema\/person\/633529146f2c94272bef50ac2953d589","name":"Aconteceu no Vale","description":"Equipe de reportagem do Aconteceu no Vale, portal de not\u00edcias do Vale do Jequitinhonha, em Minas Gerais. Cobrimos as 51 cidades do Vale desde 2013. Sugest\u00f5es de pauta e pedidos de corre\u00e7\u00e3o: contato@aconteceunovale.com.br","sameAs":["http:\/\/www.aconteceunovale.com.br"],"url":"https:\/\/aconteceunovale.com.br\/portal\/?author=1"}]}},"_links":{"self":[{"href":"https:\/\/aconteceunovale.com.br\/portal\/index.php?rest_route=\/wp\/v2\/posts\/145007","targetHints":{"allow":["GET"]}}],"collection":[{"href":"https:\/\/aconteceunovale.com.br\/portal\/index.php?rest_route=\/wp\/v2\/posts"}],"about":[{"href":"https:\/\/aconteceunovale.com.br\/portal\/index.php?rest_route=\/wp\/v2\/types\/post"}],"author":[{"embeddable":true,"href":"https:\/\/aconteceunovale.com.br\/portal\/index.php?rest_route=\/wp\/v2\/users\/1"}],"replies":[{"embeddable":true,"href":"https:\/\/aconteceunovale.com.br\/portal\/index.php?rest_route=%2Fwp%2Fv2%2Fcomments&post=145007"}],"version-history":[{"count":0,"href":"https:\/\/aconteceunovale.com.br\/portal\/index.php?rest_route=\/wp\/v2\/posts\/145007\/revisions"}],"wp:featuredmedia":[{"embeddable":true,"href":"https:\/\/aconteceunovale.com.br\/portal\/index.php?rest_route=\/wp\/v2\/media\/145008"}],"wp:attachment":[{"href":"https:\/\/aconteceunovale.com.br\/portal\/index.php?rest_route=%2Fwp%2Fv2%2Fmedia&parent=145007"}],"wp:term":[{"taxonomy":"category","embeddable":true,"href":"https:\/\/aconteceunovale.com.br\/portal\/index.php?rest_route=%2Fwp%2Fv2%2Fcategories&post=145007"},{"taxonomy":"post_tag","embeddable":true,"href":"https:\/\/aconteceunovale.com.br\/portal\/index.php?rest_route=%2Fwp%2Fv2%2Ftags&post=145007"}],"curies":[{"name":"wp","href":"https:\/\/api.w.org\/{rel}","templated":true}]}}