{"id":144887,"date":"2019-02-25T22:01:40","date_gmt":"2019-02-26T00:01:40","guid":{"rendered":"http:\/\/aconteceunovale.com.br\/portal\/?p=144887"},"modified":"2019-02-25T22:01:40","modified_gmt":"2019-02-26T00:01:40","slug":"proprietario-de-loja-de-pecas-e-preso-por-desmontar-veiculos-furtados-em-montes-claros","status":"publish","type":"post","link":"https:\/\/aconteceunovale.com.br\/portal\/?p=144887","title":{"rendered":"Propriet\u00e1rio de loja de pe\u00e7as \u00e9 preso por desmontar ve\u00edculos furtados em Montes Claros"},"content":{"rendered":"<p>Dois homens foram detidos na tarde desta segunda-feira (25\/02\/2019) suspeitos de envolvimento com desmanche de ve\u00edculos furtados em Montes Claros, no Norte de Minas. De acordo com a Pol\u00edcia Civil, uma den\u00fancia indicou o endere\u00e7o de uma ch\u00e1cara, no Bairro Jaragu\u00e1, onde um ve\u00edculo estava sendo desmontado.<br \/>\n<center><br \/>\n<!-- Erro, o An\u00fancio n\u00e3o est\u00e1 dispon\u00edvel neste momento devido \u00e0s restri\u00e7\u00f5es de agendamento\/geolocaliza\u00e7\u00e3o! --><br \/>\n<\/br><br \/>\n<\/center><br \/>\nOs policiais chegaram ao local e encontraram o dono de uma loja de pe\u00e7as automotivas, de 41 anos, que j\u00e1 foi preso outras vezes pelo mesmo crime. O suspeito desmontava um carro, mas n\u00e3o soube explicar a proced\u00eancia do ve\u00edculo. O caso ser\u00e1 investigado pela 3\u00aa Delegacia Distrital.<\/p>\n<p>A pol\u00edcia explica ainda que a ch\u00e1cara foi alugada pelo suspeito, mas o dono do im\u00f3vel tamb\u00e9m foi levado para a Delegacia para prestar esclarecimentos.<\/p>\n<p><img decoding=\"async\" src=\"http:\/\/aconteceunovale.com.br\/portal\/wp-content\/uploads\/2019\/02\/desmanche_moc.jpg\" alt=\"\" \/><em>Foto: Pol\u00edcia Civil\/Divulga\u00e7\u00e3o<\/em><br \/>\n<\/br><\/p>\n<p><strong>VER PRIMEIRO<\/strong><\/p>\n<p>Receba as not\u00edcias do Aconteceu no Vale em primeira m\u00e3o. Clique em curtir no endere\u00e7o <a href=\"https:\/\/www.facebook.com\/aconteceunovale\" target=\"_blank\"><font color=\"red\">www.facebook.com\/aconteceunovale<\/font><\/a> ou no box abaixo:<\/p>\n<div class=\"fb-like\" data-href=\"https:\/\/www.facebook.com\/aconteceunovale\" data-width=\"120\" data-layout=\"standard\" data-action=\"like\" data-size=\"small\" data-show-faces=\"true\" data-share=\"true\"><\/div>\n<p><!-- Erro, o An\u00fancio n\u00e3o est\u00e1 dispon\u00edvel neste momento devido \u00e0s restri\u00e7\u00f5es de agendamento\/geolocaliza\u00e7\u00e3o! --><br \/>\n<\/br><\/p>\n<p><em>(Fonte: G1 Grande Minas)<\/em><\/p>\n","protected":false},"excerpt":{"rendered":"<p>Dois homens foram detidos na tarde desta segunda-feira (25\/02\/2019) suspeitos de envolvimento com desmanche de ve\u00edculos furtados em Montes Claros, no Norte de Minas. De acordo com a Pol\u00edcia Civil, uma den\u00fancia indicou o endere\u00e7o de uma ch\u00e1cara, no Bairro Jaragu\u00e1, onde um ve\u00edculo estava sendo desmontado. Os policiais chegaram ao local e encontraram o [&hellip;]<\/p>\n","protected":false},"author":1,"featured_media":144888,"comment_status":"open","ping_status":"closed","sticky":false,"template":"","format":"standard","meta":{"amp_status":"","footnotes":""},"categories":[1236],"tags":[195914,195919,195916,195915,210,66614,195918,195917,195920,173168],"class_list":["post-144887","post","type-post","status-publish","format-standard","has-post-thumbnail","hentry","category-norte_de_minas","tag-desmanche-de-veiculo-em-montes-claros","tag-dono-de-loja-e-preso-em-montes-claros","tag-dono-de-oficina-preso-em-montes-claros","tag-furto-de-veiculo-em-montes-claros","tag-montes-claros","tag-preso-em-montes-claros","tag-prisao-de-dono-de-loja-em-montes-claros","tag-prisao-de-dono-de-oficina-em-montes-claros","tag-proprietario-de-loja-de-pecas-e-preso-por-desmontar-veiculos-furtados-em-montes-claros","tag-roubo-de-veiculo-em-montes-claros"],"_links":{"self":[{"href":"https:\/\/aconteceunovale.com.br\/portal\/index.php?rest_route=\/wp\/v2\/posts\/144887","targetHints":{"allow":["GET"]}}],"collection":[{"href":"https:\/\/aconteceunovale.com.br\/portal\/index.php?rest_route=\/wp\/v2\/posts"}],"about":[{"href":"https:\/\/aconteceunovale.com.br\/portal\/index.php?rest_route=\/wp\/v2\/types\/post"}],"author":[{"embeddable":true,"href":"https:\/\/aconteceunovale.com.br\/portal\/index.php?rest_route=\/wp\/v2\/users\/1"}],"replies":[{"embeddable":true,"href":"https:\/\/aconteceunovale.com.br\/portal\/index.php?rest_route=%2Fwp%2Fv2%2Fcomments&post=144887"}],"version-history":[{"count":0,"href":"https:\/\/aconteceunovale.com.br\/portal\/index.php?rest_route=\/wp\/v2\/posts\/144887\/revisions"}],"wp:featuredmedia":[{"embeddable":true,"href":"https:\/\/aconteceunovale.com.br\/portal\/index.php?rest_route=\/wp\/v2\/media\/144888"}],"wp:attachment":[{"href":"https:\/\/aconteceunovale.com.br\/portal\/index.php?rest_route=%2Fwp%2Fv2%2Fmedia&parent=144887"}],"wp:term":[{"taxonomy":"category","embeddable":true,"href":"https:\/\/aconteceunovale.com.br\/portal\/index.php?rest_route=%2Fwp%2Fv2%2Fcategories&post=144887"},{"taxonomy":"post_tag","embeddable":true,"href":"https:\/\/aconteceunovale.com.br\/portal\/index.php?rest_route=%2Fwp%2Fv2%2Ftags&post=144887"}],"curies":[{"name":"wp","href":"https:\/\/api.w.org\/{rel}","templated":true}]}}