{"id":144883,"date":"2019-02-25T21:51:11","date_gmt":"2019-02-25T23:51:11","guid":{"rendered":"http:\/\/aconteceunovale.com.br\/portal\/?p=144883"},"modified":"2019-02-25T21:51:11","modified_gmt":"2019-02-25T23:51:11","slug":"filho-de-empresaria-e-flagrado-com-drogas-na-cueca-durante-blitz-no-municipio-de-unai","status":"publish","type":"post","link":"https:\/\/aconteceunovale.com.br\/portal\/?p=144883","title":{"rendered":"Filho de empres\u00e1ria \u00e9 flagrado com drogas na cueca durante blitz no munic\u00edpio de Una\u00ed"},"content":{"rendered":"<p>Um homem de 35 anos foi preso na manh\u00e3 desta segunda-feira (25\/02\/2019) em Una\u00ed, na regi\u00e3o Noroeste de Minas, por envolvimento com tr\u00e1fico de drogas. Segundo informa\u00e7\u00f5es da Pol\u00edcia Militar, uma blitz da Opera\u00e7\u00e3o Lei Seca era realizada na MG-188, \u00e0 altura do km 39, quando o suspeito foi abordado. Ele conduzia um ve\u00edculo de carroceria e demonstrou nervosismo aos militares, que decidiram revist\u00e1-lo. No bolso traseiro foi encontrada uma balan\u00e7a de precis\u00e3o, e dentro da cueca uma bolsa pequena com v\u00e1rias por\u00e7\u00f5es de droga.<br \/>\n<center><br \/>\n<!-- Erro, o An\u00fancio n\u00e3o est\u00e1 dispon\u00edvel neste momento devido \u00e0s restri\u00e7\u00f5es de agendamento\/geolocaliza\u00e7\u00e3o! --><br \/>\n<\/br><br \/>\n<\/center><br \/>\nA maioria dos entorpecentes era sint\u00e9tica, segundo a PM. Foram encontrados 56 comprimidos de ecstasy na cor amarela e 28 na cor azul, al\u00e9m de duas embalagens com 70 pedras de uma droga conhecida por \u201ccristal\u201d, uma bucha de maconha, um adesivo de subst\u00e2ncia LCD e tr\u00eas embalagens de entorpecente conhecido como \u201cchanga\u201d. O homem tamb\u00e9m levava R$ 1.955 em c\u00e9dulas variadas.<\/p>\n<p>O homem contou aos policiais que mora em Una\u00ed e levaria a droga para ser vendida no carnaval de Ilha Grande (BA). A per\u00edcia foi acionada para analisar o material apreendido, que foi encaminhado \u00e0 delegacia de Una\u00ed. O homem foi preso em flagrante e levado para o mesmo local. O carro que ele conduzia estava regular, em nome da empresa da m\u00e3e, e foi liberado.<\/p>\n<p><img decoding=\"async\" src=\"http:\/\/aconteceunovale.com.br\/portal\/wp-content\/uploads\/2019\/02\/preso_unai.jpg\" alt=\"\" \/><em>Droga foi apreendida e levada para a delegacia de Una\u00ed \u2014 Foto: PM\/Divulga\u00e7\u00e3o<\/em><br \/>\n<\/br><\/p>\n<p><strong>VER PRIMEIRO<\/strong><\/p>\n<p>Receba as not\u00edcias do Aconteceu no Vale em primeira m\u00e3o. Clique em curtir no endere\u00e7o <a href=\"https:\/\/www.facebook.com\/aconteceunovale\" target=\"_blank\"><font color=\"red\">www.facebook.com\/aconteceunovale<\/font><\/a> ou no box abaixo:<\/p>\n<div class=\"fb-like\" data-href=\"https:\/\/www.facebook.com\/aconteceunovale\" data-width=\"120\" data-layout=\"standard\" data-action=\"like\" data-size=\"small\" data-show-faces=\"true\" data-share=\"true\"><\/div>\n<p><!-- Erro, o An\u00fancio n\u00e3o est\u00e1 dispon\u00edvel neste momento devido \u00e0s restri\u00e7\u00f5es de agendamento\/geolocaliza\u00e7\u00e3o! --><br \/>\n<\/br><\/p>\n<p><em>(Fonte: G1 Grande Minas)<\/em><\/p>\n","protected":false},"excerpt":{"rendered":"<p>Um homem de 35 anos foi preso na manh\u00e3 desta segunda-feira (25\/02\/2019) em Una\u00ed, na regi\u00e3o Noroeste de Minas, por envolvimento com tr\u00e1fico de drogas. Segundo informa\u00e7\u00f5es da Pol\u00edcia Militar, uma blitz da Opera\u00e7\u00e3o Lei Seca era realizada na MG-188, \u00e0 altura do km 39, quando o suspeito foi abordado. Ele conduzia um ve\u00edculo de [&hellip;]<\/p>\n","protected":false},"author":1,"featured_media":144884,"comment_status":"open","ping_status":"closed","sticky":false,"template":"","format":"standard","meta":{"amp_status":"","footnotes":""},"categories":[6,123],"tags":[195909,195912,195907,195906,195911,195910,145516,146279,195908,195913,222],"class_list":["post-144883","post","type-post","status-publish","format-standard","has-post-thumbnail","hentry","category-br","category-gerais","tag-apreensao-de-drogas-em-unai","tag-droga-era-levada-para-ilha-grande","tag-filho-de-empresaria-e-flagrado-com-drogas-na-cueca-durante-blitz-no-municipio-de-unai","tag-filho-de-empresaria-em-unai-e-flagrado-com-drogas-na-cueca-durante-blitz-em-rodovia","tag-ilha-grande","tag-preso-com-drogas-em-unai","tag-preso-em-unai","tag-trafico-de-drogas-em-unai","tag-trafico-em-unai","tag-transporte-de-droga-para-ilha-grande","tag-unai"],"_links":{"self":[{"href":"https:\/\/aconteceunovale.com.br\/portal\/index.php?rest_route=\/wp\/v2\/posts\/144883","targetHints":{"allow":["GET"]}}],"collection":[{"href":"https:\/\/aconteceunovale.com.br\/portal\/index.php?rest_route=\/wp\/v2\/posts"}],"about":[{"href":"https:\/\/aconteceunovale.com.br\/portal\/index.php?rest_route=\/wp\/v2\/types\/post"}],"author":[{"embeddable":true,"href":"https:\/\/aconteceunovale.com.br\/portal\/index.php?rest_route=\/wp\/v2\/users\/1"}],"replies":[{"embeddable":true,"href":"https:\/\/aconteceunovale.com.br\/portal\/index.php?rest_route=%2Fwp%2Fv2%2Fcomments&post=144883"}],"version-history":[{"count":0,"href":"https:\/\/aconteceunovale.com.br\/portal\/index.php?rest_route=\/wp\/v2\/posts\/144883\/revisions"}],"wp:featuredmedia":[{"embeddable":true,"href":"https:\/\/aconteceunovale.com.br\/portal\/index.php?rest_route=\/wp\/v2\/media\/144884"}],"wp:attachment":[{"href":"https:\/\/aconteceunovale.com.br\/portal\/index.php?rest_route=%2Fwp%2Fv2%2Fmedia&parent=144883"}],"wp:term":[{"taxonomy":"category","embeddable":true,"href":"https:\/\/aconteceunovale.com.br\/portal\/index.php?rest_route=%2Fwp%2Fv2%2Fcategories&post=144883"},{"taxonomy":"post_tag","embeddable":true,"href":"https:\/\/aconteceunovale.com.br\/portal\/index.php?rest_route=%2Fwp%2Fv2%2Ftags&post=144883"}],"curies":[{"name":"wp","href":"https:\/\/api.w.org\/{rel}","templated":true}]}}