{"id":144875,"date":"2019-02-25T20:40:33","date_gmt":"2019-02-25T22:40:33","guid":{"rendered":"http:\/\/aconteceunovale.com.br\/portal\/?p=144875"},"modified":"2019-02-27T19:44:57","modified_gmt":"2019-02-27T21:44:57","slug":"acidente-deixa-tres-pessoas-mortas-na-br-116-proximo-a-itambacuri","status":"publish","type":"post","link":"https:\/\/aconteceunovale.com.br\/portal\/?p=144875","title":{"rendered":"Acidente deixa tr\u00eas pessoas mortas na BR-116, pr\u00f3ximo a Itambacuri"},"content":{"rendered":"<p>Tr\u00eas pessoas morreram em um grav\u00edssimo acidente envolvendo um carro e um caminh\u00e3o no km 299 da BR-116, pr\u00f3ximo ao trevo de Itambacuri\/MG, na tarde desta segunda-feira (25\/02\/2019). Segundo informa\u00e7\u00f5es do Corpo de Bombeiros, as v\u00edtimas fatais estavam no mesmo ve\u00edculo, sendo uma delas o Cb BM Douglas Fonseca Ferreira, de 28 anos, da 2\u00aa Cia BM de Te\u00f3filo Otoni.<br \/>\n<center><br \/>\n<!-- Erro, o An\u00fancio n\u00e3o est\u00e1 dispon\u00edvel neste momento devido \u00e0s restri\u00e7\u00f5es de agendamento\/geolocaliza\u00e7\u00e3o! --><br \/>\n<\/br><br \/>\n<\/center><br \/>\nAs outras duas v\u00edtimas que estavam no VW\/Saveiro, placa HBJ-2646, de Governador Valadares\/MG, eram a namorada de Douglas, Michele Santos Almeida, de 24 anos, e a m\u00e3e do bombeiro militar, Maria Eunice Fonseca da Silva, de 58.<\/p>\n<p>A fam\u00edlia seguia no sentido Governador Valadares\/Te\u00f3filo Otoni e, com o impacto do acidente, parte do autom\u00f3vel ficou completamente amassado. A colis\u00e3o foi frontal e as equipes de resgate precisaram usar equipamento desencarcerador para retirar v\u00edtimas das ferragens.<\/p>\n<p>Os ocupantes do caminh\u00e3o, placa HNH-9760, de Cataguases\/MG, n\u00e3o se feriram com gravidade. O ve\u00edculo, de uma empresa de m\u00f3veis, seguia da Bahia para a cidade mineira localizada na Zona da Mata.<\/p>\n<p>As causas do acidente ser\u00e3o investigadas, mas informa\u00e7\u00f5es iniciais indicam que chovia no momento da colis\u00e3o e que o ve\u00edculo menor teria rodado na pista. Equipes da Per\u00edcia T\u00e9cnica da Pol\u00edcia Civil e do Instituto M\u00e9dico Legal (IML) de Te\u00f3filo Otoni compareceram ao local para os trabalhos de praxe.<\/p>\n<p><img decoding=\"async\" src=\"http:\/\/aconteceunovale.com.br\/portal\/wp-content\/uploads\/2019\/02\/acidente_bombeiro_1.jpg\" alt=\"\" \/><em>Foto: Jo\u00e3o Teixeira\/TV Imigrantes\/Reprodu\u00e7\u00e3o WhatsApp<\/em><br \/>\n<\/br><\/p>\n<p><img decoding=\"async\" src=\"http:\/\/aconteceunovale.com.br\/portal\/wp-content\/uploads\/2019\/02\/acidente_bombeiro_2.jpg\" alt=\"\" \/><em>Foto: Jo\u00e3o Teixeira\/TV Imigrantes\/Reprodu\u00e7\u00e3o WhatsApp<\/em><br \/>\n<\/br><\/p>\n<p><img decoding=\"async\" src=\"http:\/\/aconteceunovale.com.br\/portal\/wp-content\/uploads\/2019\/02\/acidente_bombeiro_3.jpg\" alt=\"\" \/><em>Foto: Jo\u00e3o Teixeira\/TV Imigrantes\/Reprodu\u00e7\u00e3o WhatsApp<\/em><br \/>\n<\/br><\/p>\n<p><img decoding=\"async\" src=\"http:\/\/aconteceunovale.com.br\/portal\/wp-content\/uploads\/2019\/02\/acidente_bombeiro_4.jpg\" alt=\"\" \/><em>O Cb BM Douglas Fonseca Ferreira, da 2\u00aa Cia BM de Te\u00f3filo Otoni, e outras duas pessoas morreram no acidente &#8211; Foto: Reprodu\u00e7\u00e3o\/WhatsApp<\/em><br \/>\n<\/br><\/p>\n<p><strong>VER PRIMEIRO<\/strong><\/p>\n<p>Receba as not\u00edcias do Aconteceu no Vale em primeira m\u00e3o. Clique em curtir no endere\u00e7o <a href=\"https:\/\/www.facebook.com\/aconteceunovale\" target=\"_blank\"><font color=\"red\">www.facebook.com\/aconteceunovale<\/font><\/a> ou no box abaixo:<\/p>\n<div class=\"fb-like\" data-href=\"https:\/\/www.facebook.com\/aconteceunovale\" data-width=\"120\" data-layout=\"standard\" data-action=\"like\" data-size=\"small\" data-show-faces=\"true\" data-share=\"true\"><\/div>\n<p><!-- Erro, o An\u00fancio n\u00e3o est\u00e1 dispon\u00edvel neste momento devido \u00e0s restri\u00e7\u00f5es de agendamento\/geolocaliza\u00e7\u00e3o! --><br \/>\n<\/br><\/p>\n<p><em>(Com G1 Vales)<\/em><\/p>\n","protected":false},"excerpt":{"rendered":"<p>Tr\u00eas pessoas morreram em um grav\u00edssimo acidente envolvendo um carro e um caminh\u00e3o no km 299 da BR-116, pr\u00f3ximo ao trevo de Itambacuri\/MG, na tarde desta segunda-feira (25\/02\/2019). Segundo informa\u00e7\u00f5es do Corpo de Bombeiros, as v\u00edtimas fatais estavam no mesmo ve\u00edculo, sendo uma delas o Cb BM Douglas Fonseca Ferreira, de 28 anos, da 2\u00aa [&hellip;]<\/p>\n","protected":false},"author":1,"featured_media":144878,"comment_status":"open","ping_status":"closed","sticky":false,"template":"","format":"standard","meta":{"amp_status":"","footnotes":""},"categories":[121,122],"tags":[195890,195897,195896,195893,195901,196052,196051,190472,190471,195904,195905,195895,195892,46962,13880,195902,195903,75239,31846,54863,3945,54860,75238,23211,196054,16964,2759,23497,182,195900,1503,660,1018,195894,195891,247,190474,190475,190476,190477,188,34252,190473,195899,195888,195898,195889,195887,190470,196053,78501,70513,164],"class_list":["post-144875","post","type-post","status-publish","format-standard","has-post-thumbnail","hentry","category-leste","category-mucuri","tag-2a-cia-bm-de-teofilo-otoni","tag-acidente-bombeiro-douglas-fonseca","tag-acidente-cabo-douglas-fonseca","tag-acidente-cabo-douglas-fonseca-ferreira","tag-acidente-cabo-fonseca","tag-acidente-com-caminhao-da-moveis-bom-pastor","tag-acidente-com-caminhao-de-cataguases","tag-acidente-com-hilux-em-teofilo-otoni","tag-acidente-com-hilux-na-br-116","tag-acidente-deixa-tres-pessoas-mortas-na-br-116","tag-acidente-deixa-tres-pessoas-mortas-na-br-116-proximo-a-itambacuri","tag-acidente-douglas-fonseca","tag-acidente-douglas-fonseca-ferreira","tag-acidente-em-itambacuri","tag-acidente-em-teofilo-otoni","tag-acidente-entre-carro-e-caminhao-deixa-tres-pessoas-mortas-na-br-116","tag-acidente-entre-carro-e-caminhao-deixa-tres-pessoas-mortas-na-br-116-proximo-a-itambacuri","tag-acidente-itambacuri","tag-acidente-na-br-116-em-teofilo-otoni","tag-acidente-na-br-116-na-serra-do-honorio","tag-acidente-na-br-116","tag-acidente-na-serra-do-honorio","tag-acidente-perto-de-itambacuri","tag-acidente-perto-de-teofilo-otoni","tag-acidente-perto-do-trevo-de-itambacuri","tag-acidente-proximo-a-itambacuri","tag-acidente-proximo-a-teofilo-otoni","tag-acidente-teofilo-otoni","tag-br-116","tag-cabo-fonseca","tag-cataguases","tag-catuji","tag-destaque","tag-douglas-fonseca","tag-douglas-fonseca-ferreira","tag-governador-valadares","tag-homem-em-colisao-de-caminhonete-contra-arvore-na-br-116","tag-homem-em-colisao-de-caminhonete-contra-arvore-na-br-116-proximo-a-teofilo-otoni","tag-homem-morre-em-colisao-de-caminhonete-contra-arvore-na-br-116","tag-homem-morre-em-colisao-de-caminhonete-contra-arvore-na-br-116-proximo-a-teofilo-otoni","tag-itambacuri","tag-jequitinhonha","tag-jose-mario-ferreira-dos-santos","tag-maria-eunice-fonseca-da-silva","tag-michele-almeida-de-jequitinhonha","tag-michele-santos-almeida","tag-michelle-almeida","tag-michelle-almeida-de-jequitinhonha","tag-motorista-morre-apos-caminhonete-colidir-contra-arvore-na-br-116-proximo-a-teofilo-otoni","tag-moveis-bom-pastor","tag-proximo-a-itambacuri","tag-proximo-a-teofilo-otoni","tag-teofilo-otoni"],"_links":{"self":[{"href":"https:\/\/aconteceunovale.com.br\/portal\/index.php?rest_route=\/wp\/v2\/posts\/144875","targetHints":{"allow":["GET"]}}],"collection":[{"href":"https:\/\/aconteceunovale.com.br\/portal\/index.php?rest_route=\/wp\/v2\/posts"}],"about":[{"href":"https:\/\/aconteceunovale.com.br\/portal\/index.php?rest_route=\/wp\/v2\/types\/post"}],"author":[{"embeddable":true,"href":"https:\/\/aconteceunovale.com.br\/portal\/index.php?rest_route=\/wp\/v2\/users\/1"}],"replies":[{"embeddable":true,"href":"https:\/\/aconteceunovale.com.br\/portal\/index.php?rest_route=%2Fwp%2Fv2%2Fcomments&post=144875"}],"version-history":[{"count":0,"href":"https:\/\/aconteceunovale.com.br\/portal\/index.php?rest_route=\/wp\/v2\/posts\/144875\/revisions"}],"wp:featuredmedia":[{"embeddable":true,"href":"https:\/\/aconteceunovale.com.br\/portal\/index.php?rest_route=\/wp\/v2\/media\/144878"}],"wp:attachment":[{"href":"https:\/\/aconteceunovale.com.br\/portal\/index.php?rest_route=%2Fwp%2Fv2%2Fmedia&parent=144875"}],"wp:term":[{"taxonomy":"category","embeddable":true,"href":"https:\/\/aconteceunovale.com.br\/portal\/index.php?rest_route=%2Fwp%2Fv2%2Fcategories&post=144875"},{"taxonomy":"post_tag","embeddable":true,"href":"https:\/\/aconteceunovale.com.br\/portal\/index.php?rest_route=%2Fwp%2Fv2%2Ftags&post=144875"}],"curies":[{"name":"wp","href":"https:\/\/api.w.org\/{rel}","templated":true}]}}