{"id":144683,"date":"2019-02-20T21:14:05","date_gmt":"2019-02-20T23:14:05","guid":{"rendered":"http:\/\/aconteceunovale.com.br\/portal\/?p=144683"},"modified":"2019-02-20T21:14:05","modified_gmt":"2019-02-20T23:14:05","slug":"estados-e-municipios-deficitarios-terao-de-aumentar-aliquotas-para-previdencia","status":"publish","type":"post","link":"https:\/\/aconteceunovale.com.br\/portal\/?p=144683","title":{"rendered":"Estados e munic\u00edpios deficit\u00e1rios ter\u00e3o de aumentar al\u00edquotas para Previd\u00eancia"},"content":{"rendered":"<p>A proposta de reforma da Previd\u00eancia encaminhada hoje (20) ao Congresso Nacional estabelecer\u00e1 obriga\u00e7\u00f5es para os estados e munic\u00edpios. Os entes p\u00fablicos com d\u00e9ficit na previd\u00eancia local dever\u00e3o aprovar, em 180 dias, a amplia\u00e7\u00e3o das al\u00edquotas da contribui\u00e7\u00e3o dos servidores locais para pelo menos 14%.<br \/>\n<center><br \/>\n<!-- Erro, o An\u00fancio n\u00e3o est\u00e1 dispon\u00edvel neste momento devido \u00e0s restri\u00e7\u00f5es de agendamento\/geolocaliza\u00e7\u00e3o! --><br \/>\n<\/br><br \/>\n<\/center><br \/>\nCaso a al\u00edquota de 14% seja insuficiente, os estados poder\u00e3o criar al\u00edquotas adicionais para reequilibrarem os regimes. Os estados e as prefeituras com regimes pr\u00f3prios para os servidores ter\u00e3o de instituir fundos de previd\u00eancia complementar em at\u00e9 dois anos.<\/p>\n<p>A reforma facultou ao ente p\u00fablico aprovar a altera\u00e7\u00e3o de al\u00edquotas nas Assembleias Estaduais, nas C\u00e2maras Municipais ou na C\u00e2mara Legislativa do Distrito Federal. Segundo o Minist\u00e9rio da Economia, a autoriza\u00e7\u00e3o tem como objetivo reconhecer as diferentes realidades dos regimes de Previd\u00eancia nos estados e nas prefeituras.<\/p>\n<p>A proposta tamb\u00e9m estabelece que os estados e munic\u00edpios ter\u00e3o de limitar a incorpora\u00e7\u00e3o de gratifica\u00e7\u00f5es aos benef\u00edcios de aposentadorias e pens\u00f5es. O texto obrigar\u00e1 ainda os governos locais a fortalecerem a supervis\u00e3o dos regimes pr\u00f3prios de Previd\u00eancia para os servidores.<\/p>\n<p>Todas as demais mudan\u00e7as para os servidores p\u00fablicos, como a idade m\u00ednima de 65 anos para homens e 62 anos para mulheres, a regra de transi\u00e7\u00e3o diferenciada e as aposentadorias especiais para policiais civis, agentes penitenci\u00e1rios e socioeducativos valer\u00e3o automaticamente para os entes locais.<\/p>\n<p>A proposta de reforma da Previd\u00eancia est\u00e1 sendo detalhada no Minist\u00e9rio da Economia. Participam da entrevista o secret\u00e1rio especial adjunto de Previd\u00eancia e Trabalho, Bruno Bianco; o secret\u00e1rio de Previd\u00eancia, Leonardo Rolim, e o secret\u00e1rio adjunto de Previd\u00eancia, Narlon Gutierre. Tamb\u00e9m concedem explica\u00e7\u00f5es o procurador-geral adjunto de Gest\u00e3o da D\u00edvida Ativa da Uni\u00e3o, Cristiano Neuenschwander, e o diretor de Programa da Secretaria Especial de Previd\u00eancia e Trabalho, Felipe Portela.<\/p>\n<p><img decoding=\"async\" src=\"http:\/\/aconteceunovale.com.br\/portal\/wp-content\/uploads\/2019\/02\/equipe_guedes.jpg\" alt=\"\" \/><em>T\u00e9cnicos do minist\u00e9rio da Economia d\u00e3o entrevista coletiva para detalhar o texto da proposta de reforma da Previd\u00eancia &#8211; Foto: Marcelo Camargo\/Ag\u00eancia Brasil<\/em><br \/>\n<\/br><\/p>\n<p><strong>VER PRIMEIRO<\/strong><\/p>\n<p>Receba as not\u00edcias do Aconteceu no Vale em primeira m\u00e3o. Clique em curtir no endere\u00e7o <a href=\"https:\/\/www.facebook.com\/aconteceunovale\" target=\"_blank\"><font color=\"red\">www.facebook.com\/aconteceunovale<\/font><\/a> ou no box abaixo:<\/p>\n<div class=\"fb-like\" data-href=\"https:\/\/www.facebook.com\/aconteceunovale\" data-width=\"120\" data-layout=\"standard\" data-action=\"like\" data-size=\"small\" data-show-faces=\"true\" data-share=\"true\"><\/div>\n<p><!-- Erro, o An\u00fancio n\u00e3o est\u00e1 dispon\u00edvel neste momento devido \u00e0s restri\u00e7\u00f5es de agendamento\/geolocaliza\u00e7\u00e3o! --><br \/>\n<\/br><\/p>\n<p><em>(Fonte: Ag\u00eancia Brasil)<\/em><\/p>\n","protected":false},"excerpt":{"rendered":"<p>A proposta de reforma da Previd\u00eancia encaminhada hoje (20) ao Congresso Nacional estabelecer\u00e1 obriga\u00e7\u00f5es para os estados e munic\u00edpios. Os entes p\u00fablicos com d\u00e9ficit na previd\u00eancia local dever\u00e3o aprovar, em 180 dias, a amplia\u00e7\u00e3o das al\u00edquotas da contribui\u00e7\u00e3o dos servidores locais para pelo menos 14%. Caso a al\u00edquota de 14% seja insuficiente, os estados poder\u00e3o [&hellip;]<\/p>\n","protected":false},"author":1,"featured_media":144684,"comment_status":"open","ping_status":"closed","sticky":false,"template":"","format":"standard","meta":{"amp_status":"","footnotes":""},"categories":[6],"tags":[25201,190988,156705,195141,100375,195594,4606,21940,36047,195654,20322,184405,128917,190986,128916,195142,195143,26436,190990,195611,17364,174222,190991,59559,190989,141055,190987,110209,190992,146073,195144,48077,48795,146074],"class_list":["post-144683","post","type-post","status-publish","format-standard","has-post-thumbnail","hentry","category-br","tag-aposentadoria","tag-aposentadoria-bolsonaro","tag-aposentadoria-por-idade","tag-aposentadoria-governo-fixa-idade-minima-de-65-anos-para-homens-e-62-para-mulheres","tag-bolsonaro","tag-bolsonaro-entrega-a-deputados-proposta-da-reforma-da-previdencia","tag-brasilia","tag-congresso","tag-deputados","tag-estados-e-municipios-deficitarios-terao-de-aumentar-aliquotas-para-previdencia","tag-governadores","tag-governo-bolsonaro","tag-idade-minima","tag-idade-minima-bolsonaro","tag-idade-para-aposentar","tag-idade-para-homem-aposentar","tag-idade-para-mulher-aposentar","tag-jair-bolsonaro","tag-nova-idade-para-aposentar","tag-nova-previdencia","tag-paulo-guedes","tag-presidente-jair-bolsonaro","tag-presidente-jair-bolsonaro-propoe-idade-minima-de-62-anos-para-homem-e-57-para-mulher","tag-previdencia","tag-proposta-aposentadoria-bolsonaro","tag-proposta-de-reforma-da-previdencia","tag-proposta-previdencia-bolsonaro","tag-reforma-da-previdencia","tag-reforma-da-previdencia-bolsonaro-propoe-idade-minima-de-62-anos-para-homem-e-57-para-mulher","tag-rogerio-marinho","tag-secretario-especial-de-previdencia","tag-tecnicos","tag-tempo-de-contribuicao","tag-tramitacao"],"_links":{"self":[{"href":"https:\/\/aconteceunovale.com.br\/portal\/index.php?rest_route=\/wp\/v2\/posts\/144683","targetHints":{"allow":["GET"]}}],"collection":[{"href":"https:\/\/aconteceunovale.com.br\/portal\/index.php?rest_route=\/wp\/v2\/posts"}],"about":[{"href":"https:\/\/aconteceunovale.com.br\/portal\/index.php?rest_route=\/wp\/v2\/types\/post"}],"author":[{"embeddable":true,"href":"https:\/\/aconteceunovale.com.br\/portal\/index.php?rest_route=\/wp\/v2\/users\/1"}],"replies":[{"embeddable":true,"href":"https:\/\/aconteceunovale.com.br\/portal\/index.php?rest_route=%2Fwp%2Fv2%2Fcomments&post=144683"}],"version-history":[{"count":0,"href":"https:\/\/aconteceunovale.com.br\/portal\/index.php?rest_route=\/wp\/v2\/posts\/144683\/revisions"}],"wp:featuredmedia":[{"embeddable":true,"href":"https:\/\/aconteceunovale.com.br\/portal\/index.php?rest_route=\/wp\/v2\/media\/144684"}],"wp:attachment":[{"href":"https:\/\/aconteceunovale.com.br\/portal\/index.php?rest_route=%2Fwp%2Fv2%2Fmedia&parent=144683"}],"wp:term":[{"taxonomy":"category","embeddable":true,"href":"https:\/\/aconteceunovale.com.br\/portal\/index.php?rest_route=%2Fwp%2Fv2%2Fcategories&post=144683"},{"taxonomy":"post_tag","embeddable":true,"href":"https:\/\/aconteceunovale.com.br\/portal\/index.php?rest_route=%2Fwp%2Fv2%2Ftags&post=144683"}],"curies":[{"name":"wp","href":"https:\/\/api.w.org\/{rel}","templated":true}]}}