{"id":143734,"date":"2019-02-05T12:27:50","date_gmt":"2019-02-05T14:27:50","guid":{"rendered":"http:\/\/aconteceunovale.com.br\/portal\/?p=143734"},"modified":"2019-02-05T12:27:50","modified_gmt":"2019-02-05T14:27:50","slug":"governo-de-minas-gerais-propoe-isencao-de-imposto-sobre-repasses-da-vale","status":"publish","type":"post","link":"https:\/\/aconteceunovale.com.br\/portal\/?p=143734","title":{"rendered":"Governo de Minas Gerais prop\u00f5e isen\u00e7\u00e3o de imposto sobre repasses da Vale"},"content":{"rendered":"<p>O governador de Minas Gerais vai encaminhar \u00e0 Assembleia Legislativa do estado nos pr\u00f3ximos dias projeto de lei, elaborado pelo pr\u00f3prio Executivo, com o objetivo de abrir m\u00e3o do recolhimento do Imposto sobre Transmiss\u00e3o Causa Mortis e Doa\u00e7\u00e3o (ITCD), no caso dos repasses feitos pela Vale aos familiares das v\u00edtimas da trag\u00e9dia de Brumadinho.<br \/>\n<center><br \/>\n<!-- Erro, o An\u00fancio n\u00e3o est\u00e1 dispon\u00edvel neste momento devido \u00e0s restri\u00e7\u00f5es de agendamento\/geolocaliza\u00e7\u00e3o! --><br \/>\n<\/br><br \/>\n<\/center><br \/>\nEm nota, o governo de Minas Gerais esclareceu que a obriga\u00e7\u00e3o de pagamento do ITCD \u00e9 responsabilidade de quem recebe a doa\u00e7\u00e3o, no caso os familiares das v\u00edtimas da trag\u00e9dia provocada pelo rompimento da barragem da Mina C\u00f3rrego do Feij\u00e3o, em Brumadinho, Minas Gerais.<\/p>\n<p>At\u00e9 ontem (4), 134 corpos foram encontrados pelas equipes de resgate, dos quais 120 foram identificados. No total, 394 pessoas foram localizadas e 199 continuam desaparecidas. Para facilitar a identifica\u00e7\u00e3o das v\u00edtimas, a Pol\u00edcia Civil de Minas Gerais j\u00e1 coletou 522 amostras de DNA.<\/p>\n<p><strong>Carteira de Identidade<\/strong><\/p>\n<p>Desde \u00e0s 8h30 desta ter\u00e7a-feira (5), o governo de Minas, por meio da Pol\u00edcia Civil do estado, est\u00e1 emitindo gratuitamente carteiras de identidade para os atingidos pelo rompimento da barragem. O atendimento ocorre no Parque das Cachoeiras, em Brumadinho.<\/p>\n<p>Segundo as informa\u00e7\u00f5es do governo do estado, a pr\u00f3pria Vale far\u00e1 contato com as pessoas para agendar o hor\u00e1rio de atendimento e tamb\u00e9m vai disponibilizar um fot\u00f3grafo no local para fazer as fotografias dos interessados.<\/p>\n<p>Ao todo, v\u00e3o ser distribu\u00eddas 200 senhas \u00e0 popula\u00e7\u00e3o. A entrega do documento ocorrer\u00e1 sete dias ap\u00f3s a emiss\u00e3o, na Delegacia de Brumadinho.<\/p>\n<p><strong><\/p>\n<h4>Leia mais<\/h4>\n<p><\/strong><\/p>\n<p><span style=\"text-decoration: underline;\"><strong><span style=\"color: #0000ff;\"><a href=\"http:\/\/aconteceunovale.com.br\/portal\/?tag=tragedia-em-brumadinho\" target=\"_blank\"><span style=\"color: #0000ff; text-decoration: underline;\">&#8211; COBERTURA COMPLETA DA TRAG\u00c9DIA EM BRUMADINHO<\/span><\/a><\/span><\/strong><\/span><br \/>\n<\/br><\/p>\n<p><strong>VER PRIMEIRO<\/strong><\/p>\n<p>Receba as not\u00edcias do Aconteceu no Vale em primeira m\u00e3o. Clique em curtir no endere\u00e7o <a href=\"https:\/\/www.facebook.com\/aconteceunovale\" target=\"_blank\"><font color=\"red\">www.facebook.com\/aconteceunovale<\/font><\/a> ou no box abaixo:<\/p>\n<div class=\"fb-like\" data-href=\"https:\/\/www.facebook.com\/aconteceunovale\" data-width=\"120\" data-layout=\"standard\" data-action=\"like\" data-size=\"small\" data-show-faces=\"true\" data-share=\"true\"><\/div>\n<p><!-- Erro, o An\u00fancio n\u00e3o est\u00e1 dispon\u00edvel neste momento devido \u00e0s restri\u00e7\u00f5es de agendamento\/geolocaliza\u00e7\u00e3o! --><br \/>\n<\/br><\/p>\n<p><em>(Fonte: Ag\u00eancia Brasil)<\/em><\/p>\n","protected":false},"excerpt":{"rendered":"<p>O governador de Minas Gerais vai encaminhar \u00e0 Assembleia Legislativa do estado nos pr\u00f3ximos dias projeto de lei, elaborado pelo pr\u00f3prio Executivo, com o objetivo de abrir m\u00e3o do recolhimento do Imposto sobre Transmiss\u00e3o Causa Mortis e Doa\u00e7\u00e3o (ITCD), no caso dos repasses feitos pela Vale aos familiares das v\u00edtimas da trag\u00e9dia de Brumadinho. Em [&hellip;]<\/p>\n","protected":false},"author":1,"featured_media":142906,"comment_status":"open","ping_status":"closed","sticky":false,"template":"","format":"standard","meta":{"amp_status":"","footnotes":""},"categories":[123,40240],"tags":[192681,192722,192697,192721,192683,192685,192689,192687,192720,192719,192678,192680,192684,192694,192679,192693,192696,192692,3679,193112,192690,194177,193008,193009,193010,193111,193110,193109,25822,192682,192686,192704,192705,192703,192688,192695,192691,192735,192734,192737,192736,2910,192702],"class_list":["post-143734","post","type-post","status-publish","format-standard","has-post-thumbnail","hentry","category-gerais","category-politica-2","tag-acidente-barragem-da-vale","tag-acidente-barragem-mineradora-vale","tag-acidente-barragem-na-mina-feijao","tag-acidente-barragem-vale","tag-acidente-com-barragem-da-vale","tag-acidente-com-barragem-da-vale-em-brumadinho","tag-acidente-com-barragem-em-brumadinho","tag-acidente-em-brumadinho","tag-acidente-mineradora-vale","tag-acidente-vale","tag-barragem-da-mineradora-vale-se-rompe-na-regiao-metropolitana-de-belo-horizonte","tag-barragem-da-vale","tag-barragem-da-vale-em-brumadinho","tag-barragem-da-vale-se-rompe-em-brumadinho","tag-barragem-da-vale-se-rompe-na-regiao-metropolitana-de-belo-horizonte","tag-barragem-da-vale-se-rompe-na-rmbh","tag-barragem-na-mina-feijao","tag-barragem-rio-paraopeba","tag-brumadinho","tag-corpos-brumadinho","tag-enchente-rio-paraopeba","tag-governo-de-minas-gerais-propoe-isencao-de-imposto-sobre-repasses-da-vale","tag-mina-corrego-do-feijao","tag-mina-corrego-do-feijao-da-vale","tag-mina-corrego-do-feijao-em-brumadinho","tag-mortos-em-brumadinho","tag-numero-de-corpos-encontrados-em-brumadinho","tag-numero-de-mortos-em-brumadinho","tag-rio-paraopeba","tag-rompimento-de-barragem-da-vale","tag-rompimento-de-barragem-da-vale-em-brumadinho","tag-rompimento-de-barragem-da-vale-em-brumadinho-25-de-janeiro","tag-rompimento-de-barragem-da-vale-em-brumadinho-25-de-janeiro-de-2019","tag-rompimento-de-barragem-da-vale-em-brumadinho-25012019","tag-rompimento-de-barragem-em-brumadinho","tag-rompimento-de-barragem-na-mina-feijao","tag-rompimento-de-barragem-rio-paraopeba","tag-tragedia-barragem-da-vale","tag-tragedia-em-brumadinho","tag-tragedia-mineradora-vale","tag-tragedia-vale","tag-vale","tag-vila-ferteco"],"_links":{"self":[{"href":"https:\/\/aconteceunovale.com.br\/portal\/index.php?rest_route=\/wp\/v2\/posts\/143734","targetHints":{"allow":["GET"]}}],"collection":[{"href":"https:\/\/aconteceunovale.com.br\/portal\/index.php?rest_route=\/wp\/v2\/posts"}],"about":[{"href":"https:\/\/aconteceunovale.com.br\/portal\/index.php?rest_route=\/wp\/v2\/types\/post"}],"author":[{"embeddable":true,"href":"https:\/\/aconteceunovale.com.br\/portal\/index.php?rest_route=\/wp\/v2\/users\/1"}],"replies":[{"embeddable":true,"href":"https:\/\/aconteceunovale.com.br\/portal\/index.php?rest_route=%2Fwp%2Fv2%2Fcomments&post=143734"}],"version-history":[{"count":0,"href":"https:\/\/aconteceunovale.com.br\/portal\/index.php?rest_route=\/wp\/v2\/posts\/143734\/revisions"}],"wp:featuredmedia":[{"embeddable":true,"href":"https:\/\/aconteceunovale.com.br\/portal\/index.php?rest_route=\/wp\/v2\/media\/142906"}],"wp:attachment":[{"href":"https:\/\/aconteceunovale.com.br\/portal\/index.php?rest_route=%2Fwp%2Fv2%2Fmedia&parent=143734"}],"wp:term":[{"taxonomy":"category","embeddable":true,"href":"https:\/\/aconteceunovale.com.br\/portal\/index.php?rest_route=%2Fwp%2Fv2%2Fcategories&post=143734"},{"taxonomy":"post_tag","embeddable":true,"href":"https:\/\/aconteceunovale.com.br\/portal\/index.php?rest_route=%2Fwp%2Fv2%2Ftags&post=143734"}],"curies":[{"name":"wp","href":"https:\/\/api.w.org\/{rel}","templated":true}]}}