{"id":143544,"date":"2019-02-03T23:57:46","date_gmt":"2019-02-04T01:57:46","guid":{"rendered":"http:\/\/aconteceunovale.com.br\/portal\/?p=143544"},"modified":"2019-02-03T23:57:46","modified_gmt":"2019-02-04T01:57:46","slug":"morre-ativista-que-ajudou-a-reunir-denuncias-contra-joao-de-deus","status":"publish","type":"post","link":"https:\/\/aconteceunovale.com.br\/portal\/?p=143544","title":{"rendered":"Morre ativista que ajudou a reunir den\u00fancias contra Jo\u00e3o de Deus"},"content":{"rendered":"<p>A ativista Sabrina Bittencourt, que reuniu den\u00fancias de abusos contra o m\u00e9dium Jo\u00e3o de Deus, morreu neste s\u00e1bado (2) em Barcelona, na Espanha, onde vivia.<br \/>\n<center><br \/>\n<!-- Erro, o An\u00fancio n\u00e3o est\u00e1 dispon\u00edvel neste momento devido \u00e0s restri\u00e7\u00f5es de agendamento\/geolocaliza\u00e7\u00e3o! --><br \/>\n<\/br><br \/>\n<\/center><br \/>\nSegundo nota divulgada nas redes sociais pelo grupo V\u00edtimas Unidas, que apoia mulheres v\u00edtimas de abusos sexuais e do qual ela colaborava, a ativista cometeu su\u00edcidio. &#8220;A luta de Sabrina jamais ser\u00e1 esquecida e continuaremos, com a mesma garra, defendendo as minorias, principalmente as mulheres que s\u00e3o v\u00edtimas di\u00e1rias do machismo&#8221;, diz a nota assinada pela presidente do grupo, Maria do Carmo Santos, e pela fundadora, Vana Lopes.<\/p>\n<p>Ela tamb\u00e9m era porta-voz do grupo Combate ao Abuso no Meio Espiritual (Coame), que recebe relatos de abusos praticados por l\u00edderes religisosos. Em nota, divulgada na p\u00e1gina na internet, o grupo lamenta a morte da integrante. &#8220;Sabrina ser\u00e1 sempre para n\u00f3s um exemplo e inspira\u00e7\u00e3o em nossas lutas. Que seu legado seja honrado e frut\u00edfero ao redor do mundo&#8221;, diz o comunicado.<\/p>\n<p>Sabrina Bittencourt deixa tr\u00eas filhos.<\/p>\n<p><img decoding=\"async\" src=\"http:\/\/aconteceunovale.com.br\/portal\/wp-content\/uploads\/2019\/02\/sabrina_bittencourt_joao_de_deus.jpg\" alt=\"\" \/><em>Foto: Arquivo pessoal<\/em><br \/>\n<\/br><\/p>\n<p><strong>VER PRIMEIRO<\/strong><\/p>\n<p>Receba as not\u00edcias do Aconteceu no Vale em primeira m\u00e3o. Clique em curtir no endere\u00e7o <a href=\"https:\/\/www.facebook.com\/aconteceunovale\" target=\"_blank\"><font color=\"red\">www.facebook.com\/aconteceunovale<\/font><\/a> ou no box abaixo:<\/p>\n<div class=\"fb-like\" data-href=\"https:\/\/www.facebook.com\/aconteceunovale\" data-width=\"120\" data-layout=\"standard\" data-action=\"like\" data-size=\"small\" data-show-faces=\"true\" data-share=\"true\"><\/div>\n<p><!-- Erro, o An\u00fancio n\u00e3o est\u00e1 dispon\u00edvel neste momento devido \u00e0s restri\u00e7\u00f5es de agendamento\/geolocaliza\u00e7\u00e3o! --><br \/>\n<\/br><\/p>\n<p><em>(Fonte: Ag\u00eancia Brasil)<\/em><\/p>\n","protected":false},"excerpt":{"rendered":"<p>A ativista Sabrina Bittencourt, que reuniu den\u00fancias de abusos contra o m\u00e9dium Jo\u00e3o de Deus, morreu neste s\u00e1bado (2) em Barcelona, na Espanha, onde vivia. Segundo nota divulgada nas redes sociais pelo grupo V\u00edtimas Unidas, que apoia mulheres v\u00edtimas de abusos sexuais e do qual ela colaborava, a ativista cometeu su\u00edcidio. &#8220;A luta de Sabrina [&hellip;]<\/p>\n","protected":false},"author":1,"featured_media":143545,"comment_status":"open","ping_status":"closed","sticky":false,"template":"","format":"standard","meta":{"amp_status":"","footnotes":""},"categories":[6,28848],"tags":[193877,4848,193879,193882,193887,193888,189118,193891,193886,189121,193889,193880,193884,193883,193878,193881,193876,193890,193885],"class_list":["post-143544","post","type-post","status-publish","format-standard","has-post-thumbnail","hentry","category-br","category-mundo","tag-ativista-sabrina-bittencourt","tag-barcelona","tag-causa-da-morte-da-ativisa-sabrina-bittencourt","tag-causa-da-morte-de-sabrina-bittencourt","tag-coame","tag-combate-ao-abuso-no-meio-espiritual","tag-joao-de-deus","tag-joao-de-deus-sabrina-bittencourt","tag-maria-do-carmo-santos","tag-medium-joao-de-deus","tag-morre-ativista-que-ajudou-a-reunir-denuncias-contra-joao-de-deus","tag-morre-sabrina-bittencourt","tag-morte-da-ativista-que-denunciou-joao-de-deus","tag-morte-da-ativista-que-denunciou-medium-joao-de-deus","tag-morte-da-ativista-sabrina-bittencourt","tag-morte-de-sabrina-bittencourt","tag-sabrina-bittencourt","tag-sabrina-bittencourt-joao-de-deus","tag-vitimas-unidas"],"_links":{"self":[{"href":"https:\/\/aconteceunovale.com.br\/portal\/index.php?rest_route=\/wp\/v2\/posts\/143544","targetHints":{"allow":["GET"]}}],"collection":[{"href":"https:\/\/aconteceunovale.com.br\/portal\/index.php?rest_route=\/wp\/v2\/posts"}],"about":[{"href":"https:\/\/aconteceunovale.com.br\/portal\/index.php?rest_route=\/wp\/v2\/types\/post"}],"author":[{"embeddable":true,"href":"https:\/\/aconteceunovale.com.br\/portal\/index.php?rest_route=\/wp\/v2\/users\/1"}],"replies":[{"embeddable":true,"href":"https:\/\/aconteceunovale.com.br\/portal\/index.php?rest_route=%2Fwp%2Fv2%2Fcomments&post=143544"}],"version-history":[{"count":0,"href":"https:\/\/aconteceunovale.com.br\/portal\/index.php?rest_route=\/wp\/v2\/posts\/143544\/revisions"}],"wp:featuredmedia":[{"embeddable":true,"href":"https:\/\/aconteceunovale.com.br\/portal\/index.php?rest_route=\/wp\/v2\/media\/143545"}],"wp:attachment":[{"href":"https:\/\/aconteceunovale.com.br\/portal\/index.php?rest_route=%2Fwp%2Fv2%2Fmedia&parent=143544"}],"wp:term":[{"taxonomy":"category","embeddable":true,"href":"https:\/\/aconteceunovale.com.br\/portal\/index.php?rest_route=%2Fwp%2Fv2%2Fcategories&post=143544"},{"taxonomy":"post_tag","embeddable":true,"href":"https:\/\/aconteceunovale.com.br\/portal\/index.php?rest_route=%2Fwp%2Fv2%2Ftags&post=143544"}],"curies":[{"name":"wp","href":"https:\/\/api.w.org\/{rel}","templated":true}]}}