{"id":143486,"date":"2019-02-02T15:24:26","date_gmt":"2019-02-02T17:24:26","guid":{"rendered":"http:\/\/aconteceunovale.com.br\/portal\/?p=143486"},"modified":"2019-02-02T15:24:48","modified_gmt":"2019-02-02T17:24:48","slug":"moradores-estao-preocupados-com-barragem-de-mineradora-no-norte-de-minas","status":"publish","type":"post","link":"https:\/\/aconteceunovale.com.br\/portal\/?p=143486","title":{"rendered":"Moradores est\u00e3o preocupados com barragem de mineradora no Norte de Minas"},"content":{"rendered":"<p>Moradores est\u00e3o preocupados com os poss\u00edveis riscos que a barragem da mineradora instalada nos munic\u00edpios de Riacho dos Machados e Porteirinha, no Norte de Minas Gerais, pode trazer, caso ocorra um rompimento como os registrados em Mariana, em 2015, em Brumadinho no dia 25 deste m\u00eas.<br \/>\n<center><br \/>\n<!-- Erro, o An\u00fancio n\u00e3o est\u00e1 dispon\u00edvel neste momento devido \u00e0s restri\u00e7\u00f5es de agendamento\/geolocaliza\u00e7\u00e3o! --><br \/>\n<\/br><br \/>\n<\/center><br \/>\nA opera\u00e7\u00e3o de minera\u00e7\u00e3o na cidade teve in\u00edcio no ano de 2013. A Minera\u00e7\u00e3o Riacho dos Machados Ltda, controlada por um grupo canadense, emprega 352 pessoas de forma direta e 438 terceirizados. No local \u00e9 extra\u00eddo ouro e, somente em 2018, foram beneficiadas 1.942.535 toneladas.<\/p>\n<p>Dados da pr\u00f3pria mineradora apontam que a barragem da empresa tem extens\u00e3o de 75,8 hectares e capacidade de armazenamento de 9.646.166 m\u00b3, entre de \u00e1gua e rejeitos. Atualmente, est\u00e3o armazenados 6.260.256 m\u00b3, cerca de 65% de sua capacidade.<\/p>\n<p><strong>Preocupa\u00e7\u00e3o<\/strong><\/p>\n<p>A casa da aposentada Jesu\u00edta Rodrigues Alves, que mora com o marido, filhos e netos, fica a cerca de dois quil\u00f4metros da barragem de conten\u00e7\u00e3o dos res\u00edduos da extra\u00e7\u00e3o do ouro. Ela, que mora no local h\u00e1 80 anos, n\u00e3o esconde o medo de um desastre acontecer. &#8220;Tenho muito medo. De acordo com o que o povo vai falando a gente vai preocupando. Bate aquela d\u00favida. Se ela chegar a desabar, dizem que \u00e9 dois minutos para tampar tudo. Ent\u00e3o, uma pessoa igual a mim n\u00e3o sai do lugar&#8221;.<\/p>\n<p>Al\u00e9m da casa de Jesu\u00edta Rodrigues, pelo menos 21 edifica\u00e7\u00f5es, al\u00e9m da fauna e flora, de mata seca, est\u00e3o na rota dos rejeitos. Em 2015, ap\u00f3s a trag\u00e9dia em Mariana, uma comiss\u00e3o foi montada para acompanhar os trabalhos desenvolvidos pela empresa. &#8220;Esta comiss\u00e3o tinha gente do Minist\u00e9rio P\u00fablico, da empresa e dos sindicatos rurais. Sempre teve reuni\u00f5es onde apresentavam os dados e os riscos que poderiam ocorrer&#8221;, explica Cust\u00f3dio Camilo do Carmo, que faz parte do Conselho Municipal de Defesa e Conserva\u00e7\u00e3o do Meio Ambiente de Montes Claros (Codema).<\/p>\n<p><img decoding=\"async\" src=\"http:\/\/aconteceunovale.com.br\/portal\/wp-content\/uploads\/2019\/02\/barragem_nm.jpg\" alt=\"\" \/><em>Foto: Google\/Reprodu\u00e7\u00e3o<\/em><br \/>\n<\/br><\/p>\n<p><strong>Constru\u00e7\u00e3o<\/strong><\/p>\n<p>A barragem de rejeitos tem estrutura no formato a jusante &#8211; m\u00e9todo no qual a barragem cresce sobre ela mesma, na dire\u00e7\u00e3o da corrente dos res\u00edduos, o que melhora a estabilidade da estrutura. Segundo a mineradora, a barragem de rejeitos, assim como a de \u00e1gua, \u00e9 impermeabilizada.<\/p>\n<p>J\u00e1 a barragem que se rompeu no C\u00f3rrego do Feij\u00e3o, em Brumadinho, foi constru\u00edda \u00e0 montante &#8211; \u00e9 o m\u00e9todo mais barato e a barragem cresce por meio de degraus feitos com o pr\u00f3prio rejeito sobre o dique inicial. Este m\u00e9todo de constru\u00e7\u00e3o \u00e9 bastante comum nas barragens de todo o pa\u00eds.<\/p>\n<p>\u201cA gente sabe que o risco existe. Eles mesmos n\u00e3o garantem 100%. Dizem que n\u00e3o tem problema, que a barragem \u00e9 segura, mas logo falam que pelos aspectos naturais tudo pode acontecer. Ent\u00e3o n\u00e3o sabemos ao certo.\u201d, Cust\u00f3dio do Carmo<\/p>\n<p>Segundo dados Ag\u00eancia Nacional das \u00c1guas (ANA), devido \u00e0 forma em que foi constru\u00edda, a barragem de Riacho dos Machados \u00e9 considerada de baixo risco. Por\u00e9m, a ANA destaca que a barragem \u00e9 de dano potencial alto. Isto significa que, caso a barragem se rompa, poder\u00e1 causar mortes, destrui\u00e7\u00e3o ambiental e material.<\/p>\n<p>&#8220;Se acontecer algo assim o estrago \u00e9 muito grande. Este res\u00edduo desceria sentido aos rios e chegaria \u00e0 Barragem do Rio Gorutuba, que \u00e9 respons\u00e1vel pelo abastecimento de \u00e1gua de Jana\u00faba e parte de Nova Porteirinha. Ainda, atingiria muitas fam\u00edlias. Estamos fazendo levantamento para ver as consequ\u00eancias reais que poderia trazer&#8221;, diz Cust\u00f3dio Camilo.<\/p>\n<p>Da barragem at\u00e9 a cidade de Riacho dos Machados s\u00e3o cerca de 10 km, em linha reta; at\u00e9 Porteirinha, s\u00e3o 37 km. A Defesa Civil em Riacho dos Machados afirma que foram feitos dois treinamentos de evacua\u00e7\u00e3o da \u00e1rea com a popula\u00e7\u00e3o local. Segundo a Minera\u00e7\u00e3o Riacho dos Machados Ltda, as simula\u00e7\u00f5es envolveram o sistema de comunica\u00e7\u00e3o com sirenes, carros de som, sistema de r\u00e1dio e de telefones cadastrados, evacua\u00e7\u00e3o da \u00e1rea, ponto de encontro e retirada de pessoal para \u00e1rea segura.<\/p>\n<p><strong>VER PRIMEIRO<\/strong><\/p>\n<p>Receba as not\u00edcias do Aconteceu no Vale em primeira m\u00e3o. Clique em curtir no endere\u00e7o <a href=\"https:\/\/www.facebook.com\/aconteceunovale\" target=\"_blank\"><font color=\"red\">www.facebook.com\/aconteceunovale<\/font><\/a> ou no box abaixo:<\/p>\n<div class=\"fb-like\" data-href=\"https:\/\/www.facebook.com\/aconteceunovale\" data-width=\"120\" data-layout=\"standard\" data-action=\"like\" data-size=\"small\" data-show-faces=\"true\" data-share=\"true\"><\/div>\n<p><!-- Erro, o An\u00fancio n\u00e3o est\u00e1 dispon\u00edvel neste momento devido \u00e0s restri\u00e7\u00f5es de agendamento\/geolocaliza\u00e7\u00e3o! --><br \/>\n<\/br><\/p>\n<p><em>(Fonte: G1 Grande Minas)<\/em><\/p>\n","protected":false},"excerpt":{"rendered":"<p>Moradores est\u00e3o preocupados com os poss\u00edveis riscos que a barragem da mineradora instalada nos munic\u00edpios de Riacho dos Machados e Porteirinha, no Norte de Minas Gerais, pode trazer, caso ocorra um rompimento como os registrados em Mariana, em 2015, em Brumadinho no dia 25 deste m\u00eas. A opera\u00e7\u00e3o de minera\u00e7\u00e3o na cidade teve in\u00edcio no [&hellip;]<\/p>\n","protected":false},"author":1,"featured_media":143487,"comment_status":"open","ping_status":"closed","sticky":false,"template":"","format":"standard","meta":{"amp_status":"","footnotes":""},"categories":[1236],"tags":[20944,20943,193767,3679,193769,193768,193766,193765,193770,1194,1807],"class_list":["post-143486","post","type-post","status-publish","format-standard","has-post-thumbnail","hentry","category-norte_de_minas","tag-agencia-nacional-das-aguas","tag-ana","tag-barragem-riacho-dos-machados","tag-brumadinho","tag-custodio-camilo-do-carmo","tag-jesuita-rodrigues-alves","tag-mineracao-riacho-dos-machados","tag-mineracao-riacho-dos-machados-ltda","tag-moradores-estao-preocupados-com-barragem-de-mineradora-no-norte-de-minas","tag-porteirinha","tag-riacho-dos-machados"],"_links":{"self":[{"href":"https:\/\/aconteceunovale.com.br\/portal\/index.php?rest_route=\/wp\/v2\/posts\/143486","targetHints":{"allow":["GET"]}}],"collection":[{"href":"https:\/\/aconteceunovale.com.br\/portal\/index.php?rest_route=\/wp\/v2\/posts"}],"about":[{"href":"https:\/\/aconteceunovale.com.br\/portal\/index.php?rest_route=\/wp\/v2\/types\/post"}],"author":[{"embeddable":true,"href":"https:\/\/aconteceunovale.com.br\/portal\/index.php?rest_route=\/wp\/v2\/users\/1"}],"replies":[{"embeddable":true,"href":"https:\/\/aconteceunovale.com.br\/portal\/index.php?rest_route=%2Fwp%2Fv2%2Fcomments&post=143486"}],"version-history":[{"count":0,"href":"https:\/\/aconteceunovale.com.br\/portal\/index.php?rest_route=\/wp\/v2\/posts\/143486\/revisions"}],"wp:featuredmedia":[{"embeddable":true,"href":"https:\/\/aconteceunovale.com.br\/portal\/index.php?rest_route=\/wp\/v2\/media\/143487"}],"wp:attachment":[{"href":"https:\/\/aconteceunovale.com.br\/portal\/index.php?rest_route=%2Fwp%2Fv2%2Fmedia&parent=143486"}],"wp:term":[{"taxonomy":"category","embeddable":true,"href":"https:\/\/aconteceunovale.com.br\/portal\/index.php?rest_route=%2Fwp%2Fv2%2Fcategories&post=143486"},{"taxonomy":"post_tag","embeddable":true,"href":"https:\/\/aconteceunovale.com.br\/portal\/index.php?rest_route=%2Fwp%2Fv2%2Ftags&post=143486"}],"curies":[{"name":"wp","href":"https:\/\/api.w.org\/{rel}","templated":true}]}}