{"id":143481,"date":"2019-02-02T14:52:24","date_gmt":"2019-02-02T16:52:24","guid":{"rendered":"http:\/\/aconteceunovale.com.br\/portal\/?p=143481"},"modified":"2019-02-02T14:52:24","modified_gmt":"2019-02-02T16:52:24","slug":"dupla-e-presa-transportando-carro-roubado-na-br-116-em-teofilo-otoni","status":"publish","type":"post","link":"https:\/\/aconteceunovale.com.br\/portal\/?p=143481","title":{"rendered":"Dupla \u00e9 presa transportando carro roubado na BR-116, em Te\u00f3filo Otoni"},"content":{"rendered":"<p>Duas pessoas foram presas no km 278 da BR-116, em Te\u00f3filo Otoni (MG), na noite de quinta-feira (31\/01\/2019). Segundo a Pol\u00edcia Rodovi\u00e1ria Federal, foi constatado durante fiscaliza\u00e7\u00e3o que os dois homens, de 21 e 44 anos, estavam em um ve\u00edculo Hyundai HB20 roubado dois dias antes em Belo Horizonte.<\/p>\n<p>Dentro do ve\u00edculo, a pol\u00edcia apreendeu uma bucha de maconha e dois rev\u00f3lveres calibre 38 com cartuchos intactos, al\u00e9m de duas placas clonadas que pertenciam a carros id\u00eanticos ao modelo abordado na fiscaliza\u00e7\u00e3o.<\/p>\n<p>Ainda de acordo com a PRF, os dois suspeitos D.R.S e D.G.S confessaram que receberiam R$ 500 cada para levarem o carro da capital mineira at\u00e9 a cidade de Itaobim. Eles j\u00e1 tinham passagens pela pol\u00edcia.<\/p>\n<p>O ve\u00edculo foi apreendido e levado para p\u00e1tio conveniado. Os outros materiais apreendidos e os suspeitos foram encaminhados para a Delegacia Civil em Te\u00f3filo Otoni.<\/p>\n<p><img decoding=\"async\" src=\"http:\/\/aconteceunovale.com.br\/portal\/wp-content\/uploads\/2019\/02\/carro_roubado_teo_1.jpg\" alt=\"\" \/><em>Foto: Divulga\u00e7\u00e3o\/PRF<\/em><br \/>\n<\/br><\/p>\n<p><img decoding=\"async\" src=\"http:\/\/aconteceunovale.com.br\/portal\/wp-content\/uploads\/2019\/02\/carro_roubado_teo_2.jpg\" alt=\"\" \/><em>Foto: Divulga\u00e7\u00e3o\/PRF<\/em><br \/>\n<\/br><\/p>\n<p><img decoding=\"async\" src=\"http:\/\/aconteceunovale.com.br\/portal\/wp-content\/uploads\/2019\/02\/carro_roubado_teo_3.jpg\" alt=\"\" \/><em>Foto: Divulga\u00e7\u00e3o\/PRF<\/em><br \/>\n<\/br><\/p>\n<p><strong>VER PRIMEIRO<\/strong><\/p>\n<p>Receba as not\u00edcias do Aconteceu no Vale em primeira m\u00e3o. Clique em curtir no endere\u00e7o <a href=\"https:\/\/www.facebook.com\/aconteceunovale\" target=\"_blank\"><font color=\"red\">www.facebook.com\/aconteceunovale<\/font><\/a> ou no box abaixo:<\/p>\n<div class=\"fb-like\" data-href=\"https:\/\/www.facebook.com\/aconteceunovale\" data-width=\"120\" data-layout=\"standard\" data-action=\"like\" data-size=\"small\" data-show-faces=\"true\" data-share=\"true\"><\/div>\n<p><!-- Erro, o An\u00fancio n\u00e3o est\u00e1 dispon\u00edvel neste momento devido \u00e0s restri\u00e7\u00f5es de agendamento\/geolocaliza\u00e7\u00e3o! --><br \/>\n<\/br><\/p>\n<p><em>(Fonte: G1 Vales e PRF)<\/em><\/p>\n","protected":false},"excerpt":{"rendered":"<p>Duas pessoas foram presas no km 278 da BR-116, em Te\u00f3filo Otoni (MG), na noite de quinta-feira (31\/01\/2019). Segundo a Pol\u00edcia Rodovi\u00e1ria Federal, foi constatado durante fiscaliza\u00e7\u00e3o que os dois homens, de 21 e 44 anos, estavam em um ve\u00edculo Hyundai HB20 roubado dois dias antes em Belo Horizonte. Dentro do ve\u00edculo, a pol\u00edcia apreendeu [&hellip;]<\/p>\n","protected":false},"author":1,"featured_media":143484,"comment_status":"open","ping_status":"closed","sticky":false,"template":"","format":"standard","meta":{"amp_status":"","footnotes":""},"categories":[122],"tags":[194,1017,193761,193759,193760,145180,193764,193762,193763,58435,391,44452,164],"class_list":["post-143481","post","type-post","status-publish","format-standard","has-post-thumbnail","hentry","category-mucuri","tag-belo-horizonte","tag-bh","tag-carro-apreendido-em-teofilo-otoni","tag-carro-apreendido-na-br-116","tag-carro-apreendido-na-br-116-em-teofilo-otoni","tag-carro-roubado-em-belo-horizonte","tag-carro-roubado-em-bh","tag-dupla-e-presa-transportando-carro-roubado-na-br-116","tag-dupla-e-presa-transportando-carro-roubado-na-br-116-em-teofilo-otoni","tag-em-teofilo-otoni","tag-itaobim","tag-presos-em-teofilo-otoni","tag-teofilo-otoni"],"_links":{"self":[{"href":"https:\/\/aconteceunovale.com.br\/portal\/index.php?rest_route=\/wp\/v2\/posts\/143481","targetHints":{"allow":["GET"]}}],"collection":[{"href":"https:\/\/aconteceunovale.com.br\/portal\/index.php?rest_route=\/wp\/v2\/posts"}],"about":[{"href":"https:\/\/aconteceunovale.com.br\/portal\/index.php?rest_route=\/wp\/v2\/types\/post"}],"author":[{"embeddable":true,"href":"https:\/\/aconteceunovale.com.br\/portal\/index.php?rest_route=\/wp\/v2\/users\/1"}],"replies":[{"embeddable":true,"href":"https:\/\/aconteceunovale.com.br\/portal\/index.php?rest_route=%2Fwp%2Fv2%2Fcomments&post=143481"}],"version-history":[{"count":0,"href":"https:\/\/aconteceunovale.com.br\/portal\/index.php?rest_route=\/wp\/v2\/posts\/143481\/revisions"}],"wp:featuredmedia":[{"embeddable":true,"href":"https:\/\/aconteceunovale.com.br\/portal\/index.php?rest_route=\/wp\/v2\/media\/143484"}],"wp:attachment":[{"href":"https:\/\/aconteceunovale.com.br\/portal\/index.php?rest_route=%2Fwp%2Fv2%2Fmedia&parent=143481"}],"wp:term":[{"taxonomy":"category","embeddable":true,"href":"https:\/\/aconteceunovale.com.br\/portal\/index.php?rest_route=%2Fwp%2Fv2%2Fcategories&post=143481"},{"taxonomy":"post_tag","embeddable":true,"href":"https:\/\/aconteceunovale.com.br\/portal\/index.php?rest_route=%2Fwp%2Fv2%2Ftags&post=143481"}],"curies":[{"name":"wp","href":"https:\/\/api.w.org\/{rel}","templated":true}]}}