{"id":143478,"date":"2019-02-02T09:05:55","date_gmt":"2019-02-02T11:05:55","guid":{"rendered":"http:\/\/aconteceunovale.com.br\/portal\/?p=143478"},"modified":"2019-02-02T09:05:55","modified_gmt":"2019-02-02T11:05:55","slug":"almenara-ganha-primeiro-campus-da-rede-doctum-no-vale-do-jequitinhonha","status":"publish","type":"post","link":"https:\/\/aconteceunovale.com.br\/portal\/?p=143478","title":{"rendered":"Almenara ganha primeiro campus da Rede Doctum no Vale do Jequitinhonha"},"content":{"rendered":"<p>Presente em nove cidades de Minas Gerais e cinco no Esp\u00edrito Santo, a Rede de Ensino Doctum possui uma trajet\u00f3ria de mais de 80 anos, adotando a miss\u00e3o de transformar a vida das pessoas pela educa\u00e7\u00e3o. A institui\u00e7\u00e3o cresceu continuamente nos \u00faltimos anos, com mais de 25 mil alunos, sempre com passos firmes em dire\u00e7\u00e3o a um novo ciclo, fortalecendo o compromisso com a dimens\u00e3o social.<br \/>\n<center><br \/>\n<!-- Erro, o An\u00fancio n\u00e3o est\u00e1 dispon\u00edvel neste momento devido \u00e0s restri\u00e7\u00f5es de agendamento\/geolocaliza\u00e7\u00e3o! --><br \/>\n<\/br><br \/>\n<\/center><br \/>\nCerta da import\u00e2ncia da educa\u00e7\u00e3o para o crescimento pessoal de um cidad\u00e3o, a Doctum inaugura em fevereiro seu campus de Almenara \u2013 MG, marcando o in\u00edcio de um momento hist\u00f3rico para o munic\u00edpio e para a institui\u00e7\u00e3o.  Esta ser\u00e1 a primeira unidade Doctum do Vale do Jequitinhonha. Com esta nova conquista, a Rede consolida seu compromisso s\u00f3cio educacional com a comunidade almenarense, ofertando para os mais de 150 mil habitantes de Almenara e regi\u00e3o um ensino de qualidade pautado em valores. Levar gradua\u00e7\u00e3o atrav\u00e9s de uma empresa s\u00e9ria e com objetivos sociais \u00e9 contribuir para o desenvolvimento do mun\u00edcipio e de seus moradores.<\/p>\n<p>A celebra\u00e7\u00e3o ser\u00e1 marcada por uma cerim\u00f4nia de inaugura\u00e7\u00e3o no dia 15 de fevereiro, com a presen\u00e7a de autoridades e moradores.<\/p>\n<p>Professor Pedro Leit\u00e3o, vice-presidente da Rede Doctum, ressalta o sentimento de satisfa\u00e7\u00e3o com a conclus\u00e3o desse importante projeto. \u201cNos sentimos realizados com a cria\u00e7\u00e3o da primeira unidade da nova expans\u00e3o da Doctum em Almenara. Na regi\u00e3o j\u00e1 temos o primeiro centro universit\u00e1rio particular, que \u00e9 a unidade de Te\u00f3filo Otoni. A partir disso, vamos expandir para o Norte de Minas e para o Vale do Jequitinhonha, e Almenara foi escolhida como a primeira cidade. Trata-se de uma regi\u00e3o estrat\u00e9gica, que tem enorme potencial e precisa de grande desenvolvimento; e nenhum desenvolvimento acontece sem a educa\u00e7\u00e3o, ela \u00e9 a principal alavanca. Estamos muito empenhados em construir uma unidade de ensino que v\u00e1 realmente fazer a diferen\u00e7a na vida do povo de Almenara e da regi\u00e3o, que fa\u00e7a hist\u00f3ria na cidade e que possa contribuir em todos os segmentos para transformar vidas. Eu acredito muito nesse projeto, estamos colocando toda a nossa energia para que essa unidade seja um exemplo na nova expans\u00e3o. Sem d\u00favida vamos construir uma hist\u00f3ria de sucesso\u201d.<\/p>\n<p>As atividades do novo campus iniciam neste semestre, com os cursos Semipresenciais de Administra\u00e7\u00e3o, Ci\u00eancias Cont\u00e1beis, Educa\u00e7\u00e3o F\u00edsica (Bacharelado), Enfermagem, Fisioterapia, Pedagogia e Rela\u00e7\u00f5es P\u00fablicas; al\u00e9m de mais 25 cursos EaD.<\/p>\n<p><img decoding=\"async\" src=\"http:\/\/aconteceunovale.com.br\/portal\/wp-content\/uploads\/2019\/02\/doctum_almenara.png\" alt=\"\" \/><em>Foto: Divulga\u00e7\u00e3o<\/em><br \/>\n<\/br><\/p>\n<p><strong>VER PRIMEIRO<\/strong><\/p>\n<p>Receba as not\u00edcias do Aconteceu no Vale em primeira m\u00e3o. Clique em curtir no endere\u00e7o <a href=\"https:\/\/www.facebook.com\/aconteceunovale\" target=\"_blank\"><font color=\"red\">www.facebook.com\/aconteceunovale<\/font><\/a> ou no box abaixo:<\/p>\n<div class=\"fb-like\" data-href=\"https:\/\/www.facebook.com\/aconteceunovale\" data-width=\"120\" data-layout=\"standard\" data-action=\"like\" data-size=\"small\" data-show-faces=\"true\" data-share=\"true\"><\/div>\n<p><!-- Erro, o An\u00fancio n\u00e3o est\u00e1 dispon\u00edvel neste momento devido \u00e0s restri\u00e7\u00f5es de agendamento\/geolocaliza\u00e7\u00e3o! --><br \/>\n<\/br><\/p>\n","protected":false},"excerpt":{"rendered":"<p>Presente em nove cidades de Minas Gerais e cinco no Esp\u00edrito Santo, a Rede de Ensino Doctum possui uma trajet\u00f3ria de mais de 80 anos, adotando a miss\u00e3o de transformar a vida das pessoas pela educa\u00e7\u00e3o. A institui\u00e7\u00e3o cresceu continuamente nos \u00faltimos anos, com mais de 25 mil alunos, sempre com passos firmes em dire\u00e7\u00e3o [&hellip;]<\/p>\n","protected":false},"author":1,"featured_media":143479,"comment_status":"open","ping_status":"closed","sticky":false,"template":"","format":"standard","meta":{"amp_status":"","footnotes":""},"categories":[40238,120],"tags":[193751,142,193757,193747,193755,193750,1018,193746,193758,193754,193749,193753,193752,138982,193748,193756],"class_list":["post-143478","post","type-post","status-publish","format-standard","has-post-thumbnail","hentry","category-educacao-2","category-jequi","tag-abertura-doctum-em-almenara","tag-almenara","tag-almenara-ganha-primeiro-campus-da-rede-doctum-no-vale-do-jequitinhonha","tag-campus-doctum-em-almenara","tag-curso-superior-em-almenara","tag-cursos-doctum-em-almenara","tag-destaque","tag-doctum-em-almenara","tag-doctum-ganha-seu-primeiro-campus-em-almenara","tag-ensino-superior-em-almenara","tag-faculdade-doctum-em-almenara","tag-faculdade-em-almenara","tag-inauguracao-doctum-em-almenara","tag-pedro-leitao","tag-unidade-doctum-em-almenara","tag-vice-presidente-da-rede-doctum"],"_links":{"self":[{"href":"https:\/\/aconteceunovale.com.br\/portal\/index.php?rest_route=\/wp\/v2\/posts\/143478","targetHints":{"allow":["GET"]}}],"collection":[{"href":"https:\/\/aconteceunovale.com.br\/portal\/index.php?rest_route=\/wp\/v2\/posts"}],"about":[{"href":"https:\/\/aconteceunovale.com.br\/portal\/index.php?rest_route=\/wp\/v2\/types\/post"}],"author":[{"embeddable":true,"href":"https:\/\/aconteceunovale.com.br\/portal\/index.php?rest_route=\/wp\/v2\/users\/1"}],"replies":[{"embeddable":true,"href":"https:\/\/aconteceunovale.com.br\/portal\/index.php?rest_route=%2Fwp%2Fv2%2Fcomments&post=143478"}],"version-history":[{"count":0,"href":"https:\/\/aconteceunovale.com.br\/portal\/index.php?rest_route=\/wp\/v2\/posts\/143478\/revisions"}],"wp:featuredmedia":[{"embeddable":true,"href":"https:\/\/aconteceunovale.com.br\/portal\/index.php?rest_route=\/wp\/v2\/media\/143479"}],"wp:attachment":[{"href":"https:\/\/aconteceunovale.com.br\/portal\/index.php?rest_route=%2Fwp%2Fv2%2Fmedia&parent=143478"}],"wp:term":[{"taxonomy":"category","embeddable":true,"href":"https:\/\/aconteceunovale.com.br\/portal\/index.php?rest_route=%2Fwp%2Fv2%2Fcategories&post=143478"},{"taxonomy":"post_tag","embeddable":true,"href":"https:\/\/aconteceunovale.com.br\/portal\/index.php?rest_route=%2Fwp%2Fv2%2Ftags&post=143478"}],"curies":[{"name":"wp","href":"https:\/\/api.w.org\/{rel}","templated":true}]}}