{"id":143473,"date":"2019-02-01T23:19:38","date_gmt":"2019-02-02T01:19:38","guid":{"rendered":"http:\/\/aconteceunovale.com.br\/portal\/?p=143473"},"modified":"2019-02-01T23:32:51","modified_gmt":"2019-02-02T01:32:51","slug":"rodrigo-maia-e-reeleito-presidente-da-camara-dos-deputados","status":"publish","type":"post","link":"https:\/\/aconteceunovale.com.br\/portal\/?p=143473","title":{"rendered":"Rodrigo Maia \u00e9 reeleito presidente da C\u00e2mara dos Deputados"},"content":{"rendered":"<p>Com 334 votos, o deputado Rodrigo Maia (DEM-RJ) foi reeleito presidente da C\u00e2mara dos Deputados em primeiro turno. O resultado foi bastante comemorado no plen\u00e1rio e Maia se emocionou. Essa \u00e9 a terceira recondu\u00e7\u00e3o de Maia, 48 anos, ao cargo. \u00c9 a primeira vez na hist\u00f3ria que um parlamentar comanda a C\u00e2mara por tr\u00eas vezes seguidas.<br \/>\n<center><br \/>\n<!-- Erro, o An\u00fancio n\u00e3o est\u00e1 dispon\u00edvel neste momento devido \u00e0s restri\u00e7\u00f5es de agendamento\/geolocaliza\u00e7\u00e3o! --><br \/>\n<\/br><br \/>\n<\/center><br \/>\nEle foi reeleito presidente da C\u00e2mara no per\u00edodo 2017-2019 no dia 2 de fevereiro de 2017, depois de ocupar o cargo por sete meses, a partir de julho de 2016. A reelei\u00e7\u00e3o de Maia ao cargo foi poss\u00edvel pela mudan\u00e7a de legislatura. A Constitui\u00e7\u00e3o e o Regimento Interno da C\u00e2mara impedem a recondu\u00e7\u00e3o de membros da Mesa Diretora na mesma legislatura. O \u00faltimo deputado reeleito em legislaturas diferentes foi Michel Temer, que ocupou o cargo de presidente da Casa nos bi\u00eanios de 1997-1999 e 1999 a 2001.<\/p>\n<p>Ao agredecer os votos, Maia disse que ir\u00e1 comandar a vota\u00e7\u00e3o de reformas no pa\u00eds &#8220;de forma pactuada&#8221;, com integra\u00e7\u00e3o de governadores, parlamentares e sociedade.<\/p>\n<p>Rodrigo Maia foi eleito com o apoio do maior bloco parlamentar da legislatura, composto por 301 deputados de 11 partidos. Entre eles, est\u00e1 a a sigla do presidente da Rep\u00fablica, Jair Bolsonaro, o PSL (52), al\u00e9m de PP (38), PSD (35), MDB (34), PR (33), PRB (30), DEM (29), PSDB (29), PTB (10), PSC (8) e PMN (3). <\/p>\n<p>Em segundo lugar, ficou F\u00e1bio Ramalho (MDB-MG), com 66 votos. Em seguida, Marcelo Freixo (PSOL-RJ), com 50; JHC (PSB-AL), com 30; Marcel van Hattem (Novo-RS), com 23; Ricardo Barros (PP-PR), com quatro; e General Peternelli (PSL-SP), com dois. Foram registrados tr\u00eas votos em brancos.<\/p>\n<p>Conhecido como articulador e habilidoso em negocia\u00e7\u00f5es com partidos de divergentes correntes ideol\u00f3gicas, Maia conseguiu atrair al\u00e9m da corrente majorit\u00e1ria, apoio de partidos de esquerda como PCdoB e PDT. &#8220;Meu perfil \u00e9 de equil\u00edbrio, capacidade de di\u00e1logo, de conversar com todas as correntes pol\u00edticas e ideol\u00f3gicas. Vivemos um momento de radicaliza\u00e7\u00e3o, o Parlamento vai ser a Casa que vai trazer essa radicaliza\u00e7\u00e3o a um ponto de equil\u00edbrio\u201d, disse Maia.<\/p>\n<p>Em sua gest\u00e3o como presidente da Casa, Maia conduziu a aprova\u00e7\u00e3o da reforma trabalhista e tamb\u00e9m da atualiza\u00e7\u00e3o da legisla\u00e7\u00e3o eleitoral &#8211; que incluiu, entre outros pontos, a chamada \u201ccl\u00e1usula de barreira\u201d, um mecanismo que busca impedir reduzir os partidos com pouca representa\u00e7\u00e3o na C\u00e2mara, al\u00e9m de criar um fundo com recursos p\u00fablicos para custear campanhas.  <\/p>\n<p><img decoding=\"async\" src=\"http:\/\/aconteceunovale.com.br\/portal\/wp-content\/uploads\/2019\/02\/maia_reeleito.jpg\" alt=\"\" \/><em>Com 334 votos, o deputado Rodrigo Maia (DEM-RJ) foi reeleito presidente da C\u00e2mara dos Deputados em primeiro turno &#8211; Foto: Valter Campanato\/Ag\u00eancia Brasil<\/em><br \/>\n<\/br><\/p>\n<p><strong>Pautas<\/strong><\/p>\n<p>Defensor de pautas econ\u00f4micas, Maia j\u00e1 afirmou que dar\u00e1 prioridade a medidas de ajuste fiscal que ajudem a reduzir os gastos p\u00fablicos. \u201cTodos t\u00eam que compreender o momento de dificuldade que o Brasil vive, uma crise econ\u00f4mica brutal. O desemprego cai muito pouco, sobe a informalidade quando o emprego cai, a extrema pobreza continua na ordem de 15 milh\u00f5es de brasileiros. A nossa responsabilidade \u00e9 muito grande\u201d, afirmou. <\/p>\n<p>Rodrigo Maia tem defendido que a reforma da Previd\u00eancia n\u00e3o seja fatiada por setores e tamb\u00e9m apoia a elabora\u00e7\u00e3o de um novo pacto federativo, para aliviar as d\u00edvidas de estados e munic\u00edpios.<\/p>\n<p>\u201cSe n\u00f3s n\u00e3o reformarmos o Estado brasileiro, cortarmos despesas, n\u00e3o adianta pensar em investimento. O governo federal como um todo, estados e munic\u00edpios perderam a capacidade de investir e n\u00f3s s\u00f3 vamos recuper\u00e1-la quando tivermos a capacidade de dizer: n\u00e3o d\u00e1 mais para o Estado brasileiro custar o que custa, n\u00e3o d\u00e1 mais para Previd\u00eancia gerar um d\u00e9ficit t\u00e3o grande como gera a cada ano a favor dos que ganham mais e contra os que ganham menos. A Previd\u00eancia brasileira \u00e9 o maior sistema de transfer\u00eancia de renda do mundo, a maior injusti\u00e7a social do mundo porque beneficia os que se aposentam com R$ 30 mil e prejudica os que se aposentam com um sal\u00e1rio m\u00ednimo com 65 anos\u201d, argumentou.<\/p>\n<p><strong>Trajet\u00f3ria<\/strong><\/p>\n<p>Rodrigo Maia iniciou curso de economia na Universidade C\u00e2ndido Mendes, mas n\u00e3o chegou a concluir a gradua\u00e7\u00e3o. O parlamentar \u00e9 deputado federal pelo Rio de Janeiro h\u00e1 seis legislaturas. Foi eleito para o primeiro mandato em 1998. Disputou a elei\u00e7\u00e3o para prefeito do Rio em 2012, tendo Clarissa Garotinho (PR-RJ) como vice, mas n\u00e3o foi eleito.<\/p>\n<p>Maia tamb\u00e9m ocupou o cargo de secret\u00e1rio de Governo do Rio de Janeiro (1997-1998) e de secret\u00e1rio de Governo do Munic\u00edpio do Rio de Janeiro (1996). Antes de chegar ao Democratas (DEM), o parlamentar foi filiado ao PFL e ao PTB. Maia assumiu a presid\u00eancia nacional do DEM, partido que ajudou a criar, em 2007. Pai de quatro filhos, \u00e9 casado com Patr\u00edcia Vasconcelos, enteada do ex-ministro Moreira Franco.<\/p>\n<p><strong><\/p>\n<h3>Mesa Diretora da Casa<\/h3>\n<p><\/strong><\/p>\n<p>A Mesa Diretora da C\u00e2mara tem nova configura\u00e7\u00e3o a partir desta sexta-feira (1\u00ba). Reconduzido \u00e0 presid\u00eancia da Casa pela terceira vez, o deputado Rodrigo Maia (DEM-RJ) comandar\u00e1 as atividades administrativas e legislativas at\u00e9 2021.<\/p>\n<p>Com Maia, compor\u00e3o a Mesa Diretora o 1\u00ba vice-presidente &#8211; Marcos Pereira (PRB-SP): 398 votos (eleito em primeiro turno); 2\u00ba vice-presidente &#8211; Luciano Bivar (PSL-PE): 198 votos (eleito em segundo turno); 1\u00ba secret\u00e1ria &#8211; Soraya Santos (PR-RJ): 315 votos (eleita em primeiro turno); 2\u00ba secret\u00e1rio &#8211; M\u00e1rio Heringer (PDT-MG): 408 votos (eleito em primeiro turno); 3\u00ba secret\u00e1rio &#8211; F\u00e1bio Faria (PSD-RN): 416 votos (eleito em primeiro turno); 4\u00ba secret\u00e1rio &#8211; Andr\u00e9 Fufuca (PP-MA): 408 votos (eleito em primeiro turno). Os suplentes ser\u00e3o os deputados Rafael Motta (PSB-RN), Assis Carvalho (PT-PI), Geovania de S\u00e1 (PSDB-SC) e Isnaldo Bulh\u00f5res Jr. (MDB-AL).<\/p>\n<p><strong>VER PRIMEIRO<\/strong><\/p>\n<p>Receba as not\u00edcias do Aconteceu no Vale em primeira m\u00e3o. Clique em curtir no endere\u00e7o <a href=\"https:\/\/www.facebook.com\/aconteceunovale\" target=\"_blank\"><font color=\"red\">www.facebook.com\/aconteceunovale<\/font><\/a> ou no box abaixo:<\/p>\n<div class=\"fb-like\" data-href=\"https:\/\/www.facebook.com\/aconteceunovale\" data-width=\"120\" data-layout=\"standard\" data-action=\"like\" data-size=\"small\" data-show-faces=\"true\" data-share=\"true\"><\/div>\n<p><!-- Erro, o An\u00fancio n\u00e3o est\u00e1 dispon\u00edvel neste momento devido \u00e0s restri\u00e7\u00f5es de agendamento\/geolocaliza\u00e7\u00e3o! --><br \/>\n<\/br><\/p>\n<p><em>(Fonte: Ag\u00eancia Brasil)<\/em><\/p>\n","protected":false},"excerpt":{"rendered":"<p>Com 334 votos, o deputado Rodrigo Maia (DEM-RJ) foi reeleito presidente da C\u00e2mara dos Deputados em primeiro turno. O resultado foi bastante comemorado no plen\u00e1rio e Maia se emocionou. Essa \u00e9 a terceira recondu\u00e7\u00e3o de Maia, 48 anos, ao cargo. \u00c9 a primeira vez na hist\u00f3ria que um parlamentar comanda a C\u00e2mara por tr\u00eas vezes [&hellip;]<\/p>\n","protected":false},"author":1,"featured_media":143474,"comment_status":"open","ping_status":"closed","sticky":false,"template":"","format":"standard","meta":{"amp_status":"","footnotes":""},"categories":[6,40240],"tags":[21888,20922,104942,193743,193741,41240,193742,135345,48373,193744,193745],"class_list":["post-143473","post","type-post","status-publish","format-standard","has-post-thumbnail","hentry","category-br","category-politica-2","tag-camara","tag-camara-dos-deputados","tag-deputado-rodrigo-maia","tag-eleicao-nova-presidencia-da-camara-dos-deputados","tag-eleicao-rodrigo-maia","tag-fabio-ramalho","tag-nova-presidencia-da-camara-dos-deputados","tag-presidencia-da-camara-dos-deputados","tag-rodrigo-maia","tag-rodrigo-maia-dem-rj-foi-reeleito-presidente-da-camara-dos-deputados-em-primeiro-turno","tag-rodrigo-maia-e-reeleito-presidente-da-camara-dos-deputados"],"_links":{"self":[{"href":"https:\/\/aconteceunovale.com.br\/portal\/index.php?rest_route=\/wp\/v2\/posts\/143473","targetHints":{"allow":["GET"]}}],"collection":[{"href":"https:\/\/aconteceunovale.com.br\/portal\/index.php?rest_route=\/wp\/v2\/posts"}],"about":[{"href":"https:\/\/aconteceunovale.com.br\/portal\/index.php?rest_route=\/wp\/v2\/types\/post"}],"author":[{"embeddable":true,"href":"https:\/\/aconteceunovale.com.br\/portal\/index.php?rest_route=\/wp\/v2\/users\/1"}],"replies":[{"embeddable":true,"href":"https:\/\/aconteceunovale.com.br\/portal\/index.php?rest_route=%2Fwp%2Fv2%2Fcomments&post=143473"}],"version-history":[{"count":0,"href":"https:\/\/aconteceunovale.com.br\/portal\/index.php?rest_route=\/wp\/v2\/posts\/143473\/revisions"}],"wp:featuredmedia":[{"embeddable":true,"href":"https:\/\/aconteceunovale.com.br\/portal\/index.php?rest_route=\/wp\/v2\/media\/143474"}],"wp:attachment":[{"href":"https:\/\/aconteceunovale.com.br\/portal\/index.php?rest_route=%2Fwp%2Fv2%2Fmedia&parent=143473"}],"wp:term":[{"taxonomy":"category","embeddable":true,"href":"https:\/\/aconteceunovale.com.br\/portal\/index.php?rest_route=%2Fwp%2Fv2%2Fcategories&post=143473"},{"taxonomy":"post_tag","embeddable":true,"href":"https:\/\/aconteceunovale.com.br\/portal\/index.php?rest_route=%2Fwp%2Fv2%2Ftags&post=143473"}],"curies":[{"name":"wp","href":"https:\/\/api.w.org\/{rel}","templated":true}]}}