{"id":143368,"date":"2019-01-31T00:51:43","date_gmt":"2019-01-31T02:51:43","guid":{"rendered":"http:\/\/aconteceunovale.com.br\/portal\/?p=143368"},"modified":"2019-01-31T00:56:53","modified_gmt":"2019-01-31T02:56:53","slug":"data-de-inicio-do-ano-letivo-no-norte-de-minas-ainda-e-incerta","status":"publish","type":"post","link":"https:\/\/aconteceunovale.com.br\/portal\/?p=143368","title":{"rendered":"Data de in\u00edcio do ano letivo no Norte de Minas ainda \u00e9 incerta"},"content":{"rendered":"<p>Prefeitos, procuradores municipais e secret\u00e1rios de educa\u00e7\u00e3o de 25 cidades do Norte de Minas se reuniram nesta quarta-feira (30\/01\/2019) para debater formas de lidar com os problemas causados pela falta de repasses do Governo de Minas referente ao ano de 2018. Entre os principais temas abordados, a data de retorno das aulas nas cidades.<br \/>\n<center><br \/>\n<!-- Erro, o An\u00fancio n\u00e3o est\u00e1 dispon\u00edvel neste momento devido \u00e0s restri\u00e7\u00f5es de agendamento\/geolocaliza\u00e7\u00e3o! --><br \/>\n<\/br><br \/>\n<\/center><br \/>\nSegundo o presidente do Cons\u00f3rcio Intermunicipal Multifinalit\u00e1rio da \u00c1rea Mineira da Sudene (Cimams), Edm\u00e1rcio Moura Leal, apenas cinco prefeitos demonstraram interesse em iniciar o ano letivo na data estipulada pelo Governo de Minas, no dia 7 de fevereiro. &#8220;A grande maioria quer come\u00e7ar a aula no dia 11 de mar\u00e7o, quando vai conseguir adequar toda a estrutura para receber os alunos&#8221;, diz.<\/p>\n<p>Em Montes Claros, maior cidade do Norte de Minas, a previs\u00e3o do in\u00edcio das aulas tamb\u00e9m \u00e9 incerta. De acordo com a assessoria de comunica\u00e7\u00e3o da prefeitura, a secretaria de Educa\u00e7\u00e3o espera pela regulariza\u00e7\u00e3o dos repasses do Estado.<\/p>\n<p><img decoding=\"async\" src=\"http:\/\/aconteceunovale.com.br\/portal\/wp-content\/uploads\/2019\/01\/prefeitos_nm.jpeg\" alt=\"\" \/><em>Foto: Cimams\/Divulga\u00e7\u00e3o<\/em><br \/>\n<\/br><\/p>\n<p><strong>Repasses<\/strong><\/p>\n<p>A Associa\u00e7\u00e3o Mineira de Munic\u00edpios (AMM) chegou a recomendar que as prefeituras s\u00f3 come\u00e7assem o ano letivo depois do carnaval. A AMM afirma que v\u00e1rios repasses est\u00e3o atrasados, entre eles o Fundo de Manuten\u00e7\u00e3o e Desenvolvimento da Educa\u00e7\u00e3o B\u00e1sica (Fundeb), que \u00e9 direcionado \u00e0 educa\u00e7\u00e3o, e o Imposto sobre Circula\u00e7\u00e3o de Mercadorias e Servi\u00e7os (ICMS). O total da d\u00edvida do estado com os munic\u00edpios chega a mais de R$ 12 bilh\u00f5es.<\/p>\n<p>No dia 22 deste m\u00eas, o Governo de Minas anunciou que regularizou os repasses deste ano para a educa\u00e7\u00e3o com valor de cerca R$15 milh\u00f5es para manuten\u00e7\u00e3o e custeio das escolas. Ainda segundo o governo, de 1\u00ba a 22 de janeiro, foram transferidos R$ 801,07 milh\u00f5es para os munic\u00edpios mineiros.<\/p>\n<p>Apesar do valor, o Estado segue sem previs\u00e3o sobre os recursos pendentes da gest\u00e3o passada. Segundo o presidente do Cimams, os prefeitos devem se reunir novamente com o governo estadual. &#8220;O pr\u00f3ximo passo \u00e9 reuni\u00e3o com a secretaria de estado e vamos recorrer aos parlamentares, se for preciso, para sair de l\u00e1 com um consenso da data que ser\u00e1 iniciada as aulas neste ano&#8221;, afirma Edm\u00e1rcio Moura.<\/p>\n<p>A audi\u00eancia da comiss\u00e3o com a secret\u00e1ria de Estado de Educa\u00e7\u00e3o, Julia Sant\u2019Anna, foi agendada para esta sexta-feira (1\u00ba). Na proposta levantada pelas prefeituras, e que ser\u00e1 apresentada ao Governo do Estado, \u00e9 de que as aulas iniciem em mar\u00e7o.<\/p>\n<p><strong>VER PRIMEIRO<\/strong><\/p>\n<p>Receba as not\u00edcias do Aconteceu no Vale em primeira m\u00e3o. Clique em curtir no endere\u00e7o <a href=\"https:\/\/www.facebook.com\/aconteceunovale\" target=\"_blank\"><font color=\"red\">www.facebook.com\/aconteceunovale<\/font><\/a> ou no box abaixo:<\/p>\n<div class=\"fb-like\" data-href=\"https:\/\/www.facebook.com\/aconteceunovale\" data-width=\"120\" data-layout=\"standard\" data-action=\"like\" data-size=\"small\" data-show-faces=\"true\" data-share=\"true\"><\/div>\n<p><!-- Erro, o An\u00fancio n\u00e3o est\u00e1 dispon\u00edvel neste momento devido \u00e0s restri\u00e7\u00f5es de agendamento\/geolocaliza\u00e7\u00e3o! --><br \/>\n<\/br><\/p>\n<p><em>(Fonte: G1 Grande Minas)<\/em><\/p>\n","protected":false},"excerpt":{"rendered":"<p>Prefeitos, procuradores municipais e secret\u00e1rios de educa\u00e7\u00e3o de 25 cidades do Norte de Minas se reuniram nesta quarta-feira (30\/01\/2019) para debater formas de lidar com os problemas causados pela falta de repasses do Governo de Minas referente ao ano de 2018. Entre os principais temas abordados, a data de retorno das aulas nas cidades. Segundo [&hellip;]<\/p>\n","protected":false},"author":1,"featured_media":143369,"comment_status":"open","ping_status":"closed","sticky":false,"template":"","format":"standard","meta":{"amp_status":"","footnotes":""},"categories":[1236,40240],"tags":[567,25817,165019,165020,193616,1018,30577,177835,193614,193615,210,193613],"class_list":["post-143368","post","type-post","status-publish","format-standard","has-post-thumbnail","hentry","category-norte_de_minas","category-politica-2","tag-amm","tag-associacao-mineira-de-municipios","tag-cimams","tag-consorcio-intermunicipal-multifinalitario-da-area-mineira-da-sudene","tag-data-de-inicio-do-ano-letivo-no-norte-de-minas-ainda-e-incerta","tag-destaque","tag-edmarcio-moura-leal","tag-falta-de-repasses-do-governo-de-minas","tag-inicio-das-aulas-no-norte-de-minas","tag-inicio-do-ano-letivo-no-norte-de-minas","tag-montes-claros","tag-volta-as-aulas-no-norte-de-minas"],"_links":{"self":[{"href":"https:\/\/aconteceunovale.com.br\/portal\/index.php?rest_route=\/wp\/v2\/posts\/143368","targetHints":{"allow":["GET"]}}],"collection":[{"href":"https:\/\/aconteceunovale.com.br\/portal\/index.php?rest_route=\/wp\/v2\/posts"}],"about":[{"href":"https:\/\/aconteceunovale.com.br\/portal\/index.php?rest_route=\/wp\/v2\/types\/post"}],"author":[{"embeddable":true,"href":"https:\/\/aconteceunovale.com.br\/portal\/index.php?rest_route=\/wp\/v2\/users\/1"}],"replies":[{"embeddable":true,"href":"https:\/\/aconteceunovale.com.br\/portal\/index.php?rest_route=%2Fwp%2Fv2%2Fcomments&post=143368"}],"version-history":[{"count":0,"href":"https:\/\/aconteceunovale.com.br\/portal\/index.php?rest_route=\/wp\/v2\/posts\/143368\/revisions"}],"wp:featuredmedia":[{"embeddable":true,"href":"https:\/\/aconteceunovale.com.br\/portal\/index.php?rest_route=\/wp\/v2\/media\/143369"}],"wp:attachment":[{"href":"https:\/\/aconteceunovale.com.br\/portal\/index.php?rest_route=%2Fwp%2Fv2%2Fmedia&parent=143368"}],"wp:term":[{"taxonomy":"category","embeddable":true,"href":"https:\/\/aconteceunovale.com.br\/portal\/index.php?rest_route=%2Fwp%2Fv2%2Fcategories&post=143368"},{"taxonomy":"post_tag","embeddable":true,"href":"https:\/\/aconteceunovale.com.br\/portal\/index.php?rest_route=%2Fwp%2Fv2%2Ftags&post=143368"}],"curies":[{"name":"wp","href":"https:\/\/api.w.org\/{rel}","templated":true}]}}