{"id":143359,"date":"2019-01-31T00:23:34","date_gmt":"2019-01-31T02:23:34","guid":{"rendered":"http:\/\/aconteceunovale.com.br\/portal\/?p=143359"},"modified":"2019-01-31T00:23:34","modified_gmt":"2019-01-31T02:23:34","slug":"coletivos-com-ar-condicionado-comecam-a-rodar-em-governador-valadares-nesta-quinta-feira","status":"publish","type":"post","link":"https:\/\/aconteceunovale.com.br\/portal\/?p=143359","title":{"rendered":"Coletivos com ar-condicionado come\u00e7am a rodar em Governador Valadares nesta quinta-feira"},"content":{"rendered":"<p>A partir desta quinta-feira, dia 31 de janeiro, come\u00e7am a rodar em Governador Valadares ve\u00edculos do transporte coletivo municipal com ar-condicionado. Segundo comunicado da Prefeitura, da frota de 95 carros da empresa Valadarense, 10 passam a ser refrigerados. O servi\u00e7o \u00e9 uma exig\u00eancia do Executivo municipal por consequ\u00eancia do aumento de 10% (de R$ 3,90 para R$ 4,30) do valor cobrado, desde o dia cinco deste m\u00eas, nas tarifas do transporte pagas em dinheiro.<br \/>\n<center><br \/>\n<!-- Erro, o An\u00fancio n\u00e3o est\u00e1 dispon\u00edvel neste momento devido \u00e0s restri\u00e7\u00f5es de agendamento\/geolocaliza\u00e7\u00e3o! --><br \/>\n<\/br><br \/>\n<\/center><br \/>\nOs carros com refrigera\u00e7\u00e3o atender\u00e3o as linhas:<br \/>\n&#8211; 04 &#8211; Azteca\/Vera Cruz\/ Centro 02 ve\u00edculos)<br \/>\n&#8211; 09 A &#8211;  Bela Vista \/ Santa Helena (02 ve\u00edculos)<br \/>\n&#8211; 09 A &#8211; Bela Vista\/ Via Nova Vila Bretas\/ Santa Helena via querosene (02 ve\u00edculos)<br \/>\n&#8211; 09 C \u2013 Bela Vista\/ via Nova Vila Bretas\/ Santa Helena via Belvedere (01 ve\u00edculo)<br \/>\n&#8211; 10 \u2013 Vila Ozanan\/ Palmeiras\/Centro (02 ve\u00edculos)<br \/>\n&#8211; 23 A &#8211; Planalto via Turmalina\/ Centro (01 ve\u00edculo)<\/p>\n<p>A tarifa de \u00f4nibus da Valadarense continua R$ 3,75 no cart\u00e3o Passe F\u00e1cil. De acordo com a Prefeitura, os usu\u00e1rios ter\u00e3o em breve um aplicativo que permitir\u00e1 acompanhar o trajeto e o hor\u00e1rio que o \u00f4nibus deve chegar ao ponto de espera. Todos os 95 ve\u00edculos est\u00e3o em fase de instala\u00e7\u00e3o do GPS, necess\u00e1rio para o uso do aplicativo.<\/p>\n<p><img decoding=\"async\" src=\"http:\/\/aconteceunovale.com.br\/portal\/wp-content\/uploads\/2019\/01\/bus_gv.jpeg\" alt=\"\" \/><em>Foto: Prefeitura de Governador Valadares\/Divulga\u00e7\u00e3o<\/em><br \/>\n<\/br><\/p>\n<p><strong>VER PRIMEIRO<\/strong><\/p>\n<p>Receba as not\u00edcias do Aconteceu no Vale em primeira m\u00e3o. Clique em curtir no endere\u00e7o <a href=\"https:\/\/www.facebook.com\/aconteceunovale\" target=\"_blank\"><font color=\"red\">www.facebook.com\/aconteceunovale<\/font><\/a> ou no box abaixo:<\/p>\n<div class=\"fb-like\" data-href=\"https:\/\/www.facebook.com\/aconteceunovale\" data-width=\"120\" data-layout=\"standard\" data-action=\"like\" data-size=\"small\" data-show-faces=\"true\" data-share=\"true\"><\/div>\n<p><!-- Erro, o An\u00fancio n\u00e3o est\u00e1 dispon\u00edvel neste momento devido \u00e0s restri\u00e7\u00f5es de agendamento\/geolocaliza\u00e7\u00e3o! --><br \/>\n<\/br><\/p>\n<p><em>(Via G1 Vales)<\/em><\/p>\n","protected":false},"excerpt":{"rendered":"<p>A partir desta quinta-feira, dia 31 de janeiro, come\u00e7am a rodar em Governador Valadares ve\u00edculos do transporte coletivo municipal com ar-condicionado. Segundo comunicado da Prefeitura, da frota de 95 carros da empresa Valadarense, 10 passam a ser refrigerados. O servi\u00e7o \u00e9 uma exig\u00eancia do Executivo municipal por consequ\u00eancia do aumento de 10% (de R$ 3,90 [&hellip;]<\/p>\n","protected":false},"author":1,"featured_media":143360,"comment_status":"open","ping_status":"closed","sticky":false,"template":"","format":"standard","meta":{"amp_status":"","footnotes":""},"categories":[121],"tags":[193603,193602,247,193601,35082,33011,5035],"class_list":["post-143359","post","type-post","status-publish","format-standard","has-post-thumbnail","hentry","category-leste","tag-coletivos-com-ar-condicionado-comecam-a-rodar-em-governador-valadares","tag-coletivos-com-ar-condicionado-comecam-a-rodar-em-governador-valadares-nesta-quinta-feira","tag-governador-valadares","tag-onibus-com-ar-condicionado-em-governador-valadares","tag-prefeitura-de-governador-valadares","tag-transporte-coletivo-em-governador-valadares","tag-valadarense"],"_links":{"self":[{"href":"https:\/\/aconteceunovale.com.br\/portal\/index.php?rest_route=\/wp\/v2\/posts\/143359","targetHints":{"allow":["GET"]}}],"collection":[{"href":"https:\/\/aconteceunovale.com.br\/portal\/index.php?rest_route=\/wp\/v2\/posts"}],"about":[{"href":"https:\/\/aconteceunovale.com.br\/portal\/index.php?rest_route=\/wp\/v2\/types\/post"}],"author":[{"embeddable":true,"href":"https:\/\/aconteceunovale.com.br\/portal\/index.php?rest_route=\/wp\/v2\/users\/1"}],"replies":[{"embeddable":true,"href":"https:\/\/aconteceunovale.com.br\/portal\/index.php?rest_route=%2Fwp%2Fv2%2Fcomments&post=143359"}],"version-history":[{"count":0,"href":"https:\/\/aconteceunovale.com.br\/portal\/index.php?rest_route=\/wp\/v2\/posts\/143359\/revisions"}],"wp:featuredmedia":[{"embeddable":true,"href":"https:\/\/aconteceunovale.com.br\/portal\/index.php?rest_route=\/wp\/v2\/media\/143360"}],"wp:attachment":[{"href":"https:\/\/aconteceunovale.com.br\/portal\/index.php?rest_route=%2Fwp%2Fv2%2Fmedia&parent=143359"}],"wp:term":[{"taxonomy":"category","embeddable":true,"href":"https:\/\/aconteceunovale.com.br\/portal\/index.php?rest_route=%2Fwp%2Fv2%2Fcategories&post=143359"},{"taxonomy":"post_tag","embeddable":true,"href":"https:\/\/aconteceunovale.com.br\/portal\/index.php?rest_route=%2Fwp%2Fv2%2Ftags&post=143359"}],"curies":[{"name":"wp","href":"https:\/\/api.w.org\/{rel}","templated":true}]}}