{"id":143348,"date":"2019-01-31T00:01:03","date_gmt":"2019-01-31T02:01:03","guid":{"rendered":"http:\/\/aconteceunovale.com.br\/portal\/?p=143348"},"modified":"2019-01-31T00:05:37","modified_gmt":"2019-01-31T02:05:37","slug":"samarco-pagou-menos-de-7-das-multas-ambientais-apos-tragedia-de-mariana","status":"publish","type":"post","link":"https:\/\/aconteceunovale.com.br\/portal\/?p=143348","title":{"rendered":"Samarco pagou menos de 7% das multas ambientais ap\u00f3s trag\u00e9dia de Mariana"},"content":{"rendered":"<p>Dados divulgados por \u00f3rg\u00e3os ambientais revelam que a Samarco, tr\u00eas anos ap\u00f3s a trag\u00e9dia de Mariana (MG), pagou R$ 41 milh\u00f5es das multas que lhe foram aplicadas. O valor corresponde a menos de 7% do que \u00e9 cobrado.<br \/>\n<center><br \/>\n<!-- Erro, o An\u00fancio n\u00e3o est\u00e1 dispon\u00edvel neste momento devido \u00e0s restri\u00e7\u00f5es de agendamento\/geolocaliza\u00e7\u00e3o! --><br \/>\n<\/br><br \/>\n<\/center><br \/>\nNa mais nova trag\u00e9dia, ocorrida na \u00faltima sexta-feira (25) em Brumadinho (MG), duas multas  foram impostas \u00e0 mineradora Vale, respons\u00e1vel pela Mina Feij\u00e3o, onde a barragem se rompeu. <\/p>\n<p>Uma delas, no valor de R$ 99 milh\u00f5es, foi aplicada pela Secretaria de Meio Ambiente e Desenvolvimento Sustent\u00e1vel de Minas Gerais (Semad). A outra, de R$ 250 milh\u00f5es, veio do Instituto Brasileiro do Meio Ambiente e dos Recursos Naturais Renov\u00e1veis (Ibama). Os dois \u00f3rg\u00e3os, no entanto, ainda devem estabelecer mais multas.<\/p>\n<p>No caso da trag\u00e9dia de Mariana, a Semad lavrou 31 autos de infra\u00e7\u00e3o impondo multas \u00e0 Samarco. Ap\u00f3s a empresa apresentar recursos, cinco deles foram anulados. Do restante, a mineradora quitou apenas parcialmente um deles, na qual foi autuada por causar polui\u00e7\u00e3o e degrada\u00e7\u00e3o ambiental resultando em graves danos aos recursos h\u00eddricos e prejudicando a sa\u00fade, a seguran\u00e7a e o bem-estar da popula\u00e7\u00e3o.<\/p>\n<p>Neste auto de infra\u00e7\u00e3o, o valor atualizado da multa est\u00e1 em R$ 127,6 milh\u00f5es. O pagamento foi dividido em 60 parcelas e, at\u00e9 o momento, foram quitadas 17, que somam pouco mais R$41 milh\u00f5es. De acordo com a Semad, esta \u00e9 a \u00fanica multa em fase de execu\u00e7\u00e3o porque j\u00e1 foi julgada em primeira e segunda inst\u00e2ncia. As demais aguardam a avalia\u00e7\u00e3o de recursos apresentados pela Samarco.<\/p>\n<p>Considerando todos os autos de infra\u00e7\u00e3o v\u00e1lidos, os dados fornecidos pelo \u00f3rg\u00e3o ambiental mostram que a mineradora deve ainda R$ 264 milh\u00f5es, valor que poder\u00e1 ser reduzido caso ela obtenha decis\u00f5es judiciais favor\u00e1veis. A maior da multas, cujo montante \u00e9 de R$180 milh\u00f5es, est\u00e1 relacionada com a mortandade de peixes na bacia do Rio Doce.<\/p>\n<p><strong>Ibama<\/strong><\/p>\n<p>A trag\u00e9dia de Mariana ocorreu em 5 de novembro de 2015 a partir do rompimento de uma barragem da Samarco. No epis\u00f3dio, houve 19 mortos, centenas de desalojados e danos ambientais que se estenderam at\u00e9 a foz do Rio Doce, no Esp\u00edrito Santo. Na ocasi\u00e3o, foram responsabilizadas al\u00e9m da Samarco, as duas acionistas da empresa. Um delas \u00e9 a pr\u00f3pria Vale e a outra \u00e9 a multinacional anglo-australiana BHP Billiton. As tr\u00eas mineradoras fornecem recursos para as a\u00e7\u00f5es de repara\u00e7\u00e3o dos danos. As multas ambientais, no entanto, foram direcionadas \u00e0 Samarco.<\/p>\n<p>Al\u00e9m da Semad, o Ibama instaurou 25 processos para apurar infra\u00e7\u00f5es ambientais e imp\u00f4s multas que totalizam R$ 350,7 milh\u00f5es. A mineradora apresentou recursos e nenhuma delas foi paga at\u00e9 o momento. &#8220;Apesar de os autos terem sido confirmados, a Samarco insiste em recorrer das decis\u00f5es administrativas, buscando afastar sua responsabilidade pelo desastre. Medidas legais e necess\u00e1rias \u00e0 cobran\u00e7a dessas multas est\u00e3o sendo tomadas, inclusive a remessa dos d\u00e9bitos para inclus\u00e3o na D\u00edvida Ativa da Uni\u00e3o&#8221;, diz o \u00f3rg\u00e3o.<\/p>\n<p>Por sua vez, a Samarco afirma que, sobre essas autua\u00e7\u00f5es, &#8220;h\u00e1 aspectos jur\u00eddicos em an\u00e1lise\u201d. Somadas, as multas impostas pelos \u00f3rg\u00e3os ambientais estadual e federal totalizam R$ 656,5 milh\u00f5es. Nas contas da mineradora, foram pagos, por enquanto, R$ 45 milh\u00f5es em multas ambientais, valor que diverge dos R$ 41 milh\u00f5es calculados pela Semad. Em todo caso, o montante n\u00e3o supera 7% do valor total.<\/p>\n<p><strong>VER PRIMEIRO<\/strong><\/p>\n<p>Receba as not\u00edcias do Aconteceu no Vale em primeira m\u00e3o. Clique em curtir no endere\u00e7o <a href=\"https:\/\/www.facebook.com\/aconteceunovale\" target=\"_blank\"><font color=\"red\">www.facebook.com\/aconteceunovale<\/font><\/a> ou no box abaixo:<\/p>\n<div class=\"fb-like\" data-href=\"https:\/\/www.facebook.com\/aconteceunovale\" data-width=\"120\" data-layout=\"standard\" data-action=\"like\" data-size=\"small\" data-show-faces=\"true\" data-share=\"true\"><\/div>\n<p><!-- Erro, o An\u00fancio n\u00e3o est\u00e1 dispon\u00edvel neste momento devido \u00e0s restri\u00e7\u00f5es de agendamento\/geolocaliza\u00e7\u00e3o! --><br \/>\n<\/br><\/p>\n<p><em>(Fonte: Ag\u00eancia Brasil)<\/em><\/p>\n","protected":false},"excerpt":{"rendered":"<p>Dados divulgados por \u00f3rg\u00e3os ambientais revelam que a Samarco, tr\u00eas anos ap\u00f3s a trag\u00e9dia de Mariana (MG), pagou R$ 41 milh\u00f5es das multas que lhe foram aplicadas. O valor corresponde a menos de 7% do que \u00e9 cobrado. Na mais nova trag\u00e9dia, ocorrida na \u00faltima sexta-feira (25) em Brumadinho (MG), duas multas foram impostas \u00e0 [&hellip;]<\/p>\n","protected":false},"author":1,"featured_media":72287,"comment_status":"open","ping_status":"closed","sticky":false,"template":"","format":"standard","meta":{"amp_status":"","footnotes":""},"categories":[123],"tags":[21801,65265,3679,54148,7363,1774,32642,193592,24666,65508],"class_list":["post-143348","post","type-post","status-publish","format-standard","has-post-thumbnail","hentry","category-gerais","tag-bacia-do-rio-doce","tag-barragem-de-fundao","tag-brumadinho","tag-ibama","tag-mariana","tag-rio-doce","tag-samarco","tag-samarco-pagou-menos-de-7-das-multas-ambientais-apos-tragedia-de-mariana","tag-semad","tag-tragedia-de-mariana"],"_links":{"self":[{"href":"https:\/\/aconteceunovale.com.br\/portal\/index.php?rest_route=\/wp\/v2\/posts\/143348","targetHints":{"allow":["GET"]}}],"collection":[{"href":"https:\/\/aconteceunovale.com.br\/portal\/index.php?rest_route=\/wp\/v2\/posts"}],"about":[{"href":"https:\/\/aconteceunovale.com.br\/portal\/index.php?rest_route=\/wp\/v2\/types\/post"}],"author":[{"embeddable":true,"href":"https:\/\/aconteceunovale.com.br\/portal\/index.php?rest_route=\/wp\/v2\/users\/1"}],"replies":[{"embeddable":true,"href":"https:\/\/aconteceunovale.com.br\/portal\/index.php?rest_route=%2Fwp%2Fv2%2Fcomments&post=143348"}],"version-history":[{"count":0,"href":"https:\/\/aconteceunovale.com.br\/portal\/index.php?rest_route=\/wp\/v2\/posts\/143348\/revisions"}],"wp:featuredmedia":[{"embeddable":true,"href":"https:\/\/aconteceunovale.com.br\/portal\/index.php?rest_route=\/wp\/v2\/media\/72287"}],"wp:attachment":[{"href":"https:\/\/aconteceunovale.com.br\/portal\/index.php?rest_route=%2Fwp%2Fv2%2Fmedia&parent=143348"}],"wp:term":[{"taxonomy":"category","embeddable":true,"href":"https:\/\/aconteceunovale.com.br\/portal\/index.php?rest_route=%2Fwp%2Fv2%2Fcategories&post=143348"},{"taxonomy":"post_tag","embeddable":true,"href":"https:\/\/aconteceunovale.com.br\/portal\/index.php?rest_route=%2Fwp%2Fv2%2Ftags&post=143348"}],"curies":[{"name":"wp","href":"https:\/\/api.w.org\/{rel}","templated":true}]}}