{"id":143308,"date":"2019-01-30T13:53:59","date_gmt":"2019-01-30T15:53:59","guid":{"rendered":"http:\/\/aconteceunovale.com.br\/portal\/?p=143308"},"modified":"2019-01-30T13:53:59","modified_gmt":"2019-01-30T15:53:59","slug":"juan-guaido-pede-ajuda-ao-brasil-diz-mourao","status":"publish","type":"post","link":"https:\/\/aconteceunovale.com.br\/portal\/?p=143308","title":{"rendered":"Juan Guaid\u00f3 pede ajuda ao Brasil, diz Mour\u00e3o"},"content":{"rendered":"<p>O vice-presidente da Rep\u00fablica, Hamilton Mour\u00e3o, disse hoje (30) que o Brasil estuda formas de atender ao pedido de ajuda humanit\u00e1ria do presidente da Assembleia Nacional da Venezuela, Juan Guaid\u00f3, que se autoproclamou presidente interino do pa\u00eds no \u00faltimo dia 23. Segundo Mour\u00e3o, o governo federal re\u00fane as demandas, encaminhadas pelo venezuelano, para que o presidente Jair Bolsonaro defina as a\u00e7\u00f5es.<br \/>\n<center><br \/>\n<!-- Erro, o An\u00fancio n\u00e3o est\u00e1 dispon\u00edvel neste momento devido \u00e0s restri\u00e7\u00f5es de agendamento\/geolocaliza\u00e7\u00e3o! --><br \/>\n<\/br><br \/>\n<\/center><br \/>\n\u201cA gente pode fornecer m\u00e9dicos, medicamentos e alimentos, at\u00e9 por meio de doa\u00e7\u00f5es. Em Brumadinho pediram para suspender a quantidade de donativos que est\u00e3o chegando por causa da generosidade de nosso povo\u201d, disse o vice-presidente ap\u00f3s o encontro com o embaixador do Chile no Brasil, Fernando Schmidt, e o ministro-conselheiro chileno Rafael Puelma.<\/p>\n<p>Mour\u00e3o organiza os pedidos at\u00e9 que Bolsonaro se recupere da cirurgia para a reconstru\u00e7\u00e3o do tr\u00e2nsito intestinal, feita h\u00e1 dois dias, no Hospital Albert Einstein, em S\u00e3o Paulo. \u201cO presidente que vai decidir depois\u201d, ressaltou.<\/p>\n<p>No encontro com os diplomatas chilenos, Mour\u00e3o lamentou a pris\u00e3o de jornalistas do Chile da rede de televis\u00e3o TVN durante cobertura nos arredores do Pal\u00e1cio Miraflores, em Caracas. Segundo a emissora, foram detidos um rep\u00f3rter e o cinegrafista junto com outros dois profissionais da imprensa venezuelana.<\/p>\n<p>De acordo do vice-presidente, n\u00e3o h\u00e1 defini\u00e7\u00e3o sobre uma nota de rep\u00fadio em rela\u00e7\u00e3o \u00e0 situa\u00e7\u00e3o. O vice-presidente admitiu, entretanto, que o cen\u00e1rio preocupa o Brasil. \u201cEst\u00e1 dif\u00edcil obter informa\u00e7\u00f5es de l\u00e1\u201d, afirmou.<\/p>\n<p><strong>VER PRIMEIRO<\/strong><\/p>\n<p>Receba as not\u00edcias do Aconteceu no Vale em primeira m\u00e3o. Clique em curtir no endere\u00e7o <a href=\"https:\/\/www.facebook.com\/aconteceunovale\" target=\"_blank\"><font color=\"red\">www.facebook.com\/aconteceunovale<\/font><\/a> ou no box abaixo:<\/p>\n<div class=\"fb-like\" data-href=\"https:\/\/www.facebook.com\/aconteceunovale\" data-width=\"120\" data-layout=\"standard\" data-action=\"like\" data-size=\"small\" data-show-faces=\"true\" data-share=\"true\"><\/div>\n<p><!-- Erro, o An\u00fancio n\u00e3o est\u00e1 dispon\u00edvel neste momento devido \u00e0s restri\u00e7\u00f5es de agendamento\/geolocaliza\u00e7\u00e3o! --><br \/>\n<\/br><\/p>\n<p><em>(Fonte: Ag\u00eancia Brasil)<\/em><\/p>\n","protected":false},"excerpt":{"rendered":"<p>O vice-presidente da Rep\u00fablica, Hamilton Mour\u00e3o, disse hoje (30) que o Brasil estuda formas de atender ao pedido de ajuda humanit\u00e1ria do presidente da Assembleia Nacional da Venezuela, Juan Guaid\u00f3, que se autoproclamou presidente interino do pa\u00eds no \u00faltimo dia 23. Segundo Mour\u00e3o, o governo federal re\u00fane as demandas, encaminhadas pelo venezuelano, para que o [&hellip;]<\/p>\n","protected":false},"author":1,"featured_media":143054,"comment_status":"open","ping_status":"closed","sticky":false,"template":"","format":"standard","meta":{"amp_status":"","footnotes":""},"categories":[6,28848],"tags":[193251,39642,193242,179284,193238,15469,50315,193241,193250,193237,193243,193240,193244,193410,28596,178287,193236,193239],"class_list":["post-143308","post","type-post","status-publish","format-standard","has-post-thumbnail","hentry","category-br","category-mundo","tag-assessor-da-casa-branca-diz-que-estados-unidos-responderao-intimidacao-de-maduro","tag-casa-branca","tag-conflito-na-venezuela","tag-crise-politica-na-venezuela","tag-crisie-da-venezuela","tag-estados-unidos","tag-eua","tag-guaido","tag-john-bolton","tag-juan-guaido","tag-juan-guaido-fala-a-nacao-e-conclama-para-manifestacoes-ao-longo-da-semana","tag-maduro","tag-maduro-comanda-exercicios-militares-e-indica-que-quer-se-manter-no-poder","tag-ministerio-publico-pede-proibicao-de-guaido-sair-da-venezuela-e-bloqueio-de-bens","tag-nicolas-maduro","tag-presidente-da-venezuela","tag-presidente-interino-da-venezuela","tag-tensao-na-venezuela"],"_links":{"self":[{"href":"https:\/\/aconteceunovale.com.br\/portal\/index.php?rest_route=\/wp\/v2\/posts\/143308","targetHints":{"allow":["GET"]}}],"collection":[{"href":"https:\/\/aconteceunovale.com.br\/portal\/index.php?rest_route=\/wp\/v2\/posts"}],"about":[{"href":"https:\/\/aconteceunovale.com.br\/portal\/index.php?rest_route=\/wp\/v2\/types\/post"}],"author":[{"embeddable":true,"href":"https:\/\/aconteceunovale.com.br\/portal\/index.php?rest_route=\/wp\/v2\/users\/1"}],"replies":[{"embeddable":true,"href":"https:\/\/aconteceunovale.com.br\/portal\/index.php?rest_route=%2Fwp%2Fv2%2Fcomments&post=143308"}],"version-history":[{"count":0,"href":"https:\/\/aconteceunovale.com.br\/portal\/index.php?rest_route=\/wp\/v2\/posts\/143308\/revisions"}],"wp:featuredmedia":[{"embeddable":true,"href":"https:\/\/aconteceunovale.com.br\/portal\/index.php?rest_route=\/wp\/v2\/media\/143054"}],"wp:attachment":[{"href":"https:\/\/aconteceunovale.com.br\/portal\/index.php?rest_route=%2Fwp%2Fv2%2Fmedia&parent=143308"}],"wp:term":[{"taxonomy":"category","embeddable":true,"href":"https:\/\/aconteceunovale.com.br\/portal\/index.php?rest_route=%2Fwp%2Fv2%2Fcategories&post=143308"},{"taxonomy":"post_tag","embeddable":true,"href":"https:\/\/aconteceunovale.com.br\/portal\/index.php?rest_route=%2Fwp%2Fv2%2Ftags&post=143308"}],"curies":[{"name":"wp","href":"https:\/\/api.w.org\/{rel}","templated":true}]}}