{"id":143303,"date":"2019-01-30T13:32:39","date_gmt":"2019-01-30T15:32:39","guid":{"rendered":"http:\/\/aconteceunovale.com.br\/portal\/?p=143303"},"modified":"2019-01-30T14:00:22","modified_gmt":"2019-01-30T16:00:22","slug":"presidente-do-stf-autoriza-lula-a-deixar-a-prisao-para-ir-ao-velorio-do-irmao","status":"publish","type":"post","link":"https:\/\/aconteceunovale.com.br\/portal\/?p=143303","title":{"rendered":"Presidente do STF autoriza Lula a deixar a pris\u00e3o para ir ao vel\u00f3rio do irm\u00e3o"},"content":{"rendered":"<p>O presidente do Supremo Tribunal Federal (STF), ministro Dias Toffoli, aceitou pedido para que o ex-presidente Luiz In\u00e1cio Lula da Silva deixe a pris\u00e3o e compare\u00e7a ao vel\u00f3rio do irm\u00e3o, Genival In\u00e1cio da Silva, conhecido como Vav\u00e1, que morreu ontem (29), em decorr\u00eancia de c\u00e2ncer no pulm\u00e3o. O sepultamento ser\u00e1 realizado em S\u00e3o Bernardo do Campo (SP). Ser\u00e1 a primeira vez que o ex-presidente deixar\u00e1 a pris\u00e3o para compromissos pessoais desde abril do ano passado.<br \/>\n<center><br \/>\n<!-- Erro, o An\u00fancio n\u00e3o est\u00e1 dispon\u00edvel neste momento devido \u00e0s restri\u00e7\u00f5es de agendamento\/geolocaliza\u00e7\u00e3o! --><br \/>\n<\/br><br \/>\n<\/center><br \/>\nSegundo a decis\u00e3o, Lula s\u00f3 poder\u00e1 ter contato com parentes durante o vel\u00f3rio e est\u00e1 proibido de dar declara\u00e7\u00f5es p\u00fablicas. <\/p>\n<p>A defesa do ex-presidente recorreu ao STF depois que a ju\u00edza federal Carolina Lebbos, da 12\u00aa Vara Criminal em Curitiba, rejeitou o mesmo pedido, na madrugada de hoje. A decis\u00e3o foi confirmada pelo desembargador federal Leandro Paulsen, do Tribunal Regional Federal (4\u00aa Regi\u00e3o).<\/p>\n<p>Na despacho, a ju\u00edza entendeu que a decis\u00e3o final cabe \u00e0 Pol\u00edcia Federal (PF), que alegou dificuldades log\u00edsticas para realizar a viagem da superintend\u00eancia da corporac\u00e3o em Curitiba, onde Lula est\u00e1 preso, at\u00e9 o Cemit\u00e9rio Pauliceia, em S\u00e3o Bernardo do Campo). O enterro estava previsto para hoje (30), \u00e0s 13h.<\/p>\n<p>A PF tamb\u00e9m alegou que a presen\u00e7a do ex-presidente poderia tumultuar a ordem p\u00fablica, em raz\u00e3o de manifesta\u00e7\u00f5es de simpatizantes.<\/p>\n<p>A defesa de Lula alegou que a Lei de Execu\u00e7\u00e3o Penal (LEP) prev\u00ea que presos possam deixar as unidades para comparecer ao vel\u00f3rio de um parente pr\u00f3ximo.<\/p>\n<p>Lula est\u00e1 preso desde 7 de abril do ano passado por ter sua condena\u00e7\u00e3o no caso confirmada pelo TRF4, que imp\u00f4s pena de 12 anos e um m\u00eas de pris\u00e3o pelos crimes de corrup\u00e7\u00e3o passiva e lavagem de dinheiro no caso do triplex do Guaruj\u00e1 (SP).<\/p>\n<p><img decoding=\"async\" src=\"http:\/\/aconteceunovale.com.br\/portal\/wp-content\/uploads\/2019\/01\/lula_vava.jpg\" alt=\"\" \/><em>Lula e o irm\u00e3o Vav\u00e1 &#8211; Foto: Ricardo Stuckert\/Divulga\u00e7\u00e3o<\/em><br \/>\n<\/br><\/p>\n<p><strong>VER PRIMEIRO<\/strong><\/p>\n<p>Receba as not\u00edcias do Aconteceu no Vale em primeira m\u00e3o. Clique em curtir no endere\u00e7o <a href=\"https:\/\/www.facebook.com\/aconteceunovale\" target=\"_blank\"><font color=\"red\">www.facebook.com\/aconteceunovale<\/font><\/a> ou no box abaixo:<\/p>\n<div class=\"fb-like\" data-href=\"https:\/\/www.facebook.com\/aconteceunovale\" data-width=\"120\" data-layout=\"standard\" data-action=\"like\" data-size=\"small\" data-show-faces=\"true\" data-share=\"true\"><\/div>\n<p><!-- Erro, o An\u00fancio n\u00e3o est\u00e1 dispon\u00edvel neste momento devido \u00e0s restri\u00e7\u00f5es de agendamento\/geolocaliza\u00e7\u00e3o! --><br \/>\n<\/br><\/p>\n<p><em>(Fonte: Ag\u00eancia Brasil)<\/em><\/p>\n","protected":false},"excerpt":{"rendered":"<p>O presidente do Supremo Tribunal Federal (STF), ministro Dias Toffoli, aceitou pedido para que o ex-presidente Luiz In\u00e1cio Lula da Silva deixe a pris\u00e3o e compare\u00e7a ao vel\u00f3rio do irm\u00e3o, Genival In\u00e1cio da Silva, conhecido como Vav\u00e1, que morreu ontem (29), em decorr\u00eancia de c\u00e2ncer no pulm\u00e3o. O sepultamento ser\u00e1 realizado em S\u00e3o Bernardo do [&hellip;]<\/p>\n","protected":false},"author":1,"featured_media":143277,"comment_status":"open","ping_status":"closed","sticky":false,"template":"","format":"standard","meta":{"amp_status":"","footnotes":""},"categories":[6,40240],"tags":[193481,179054,4608,1018,82255,193482,193487,193480,14124,7147,193484,193485,193486,193514,4657,193483,193488],"class_list":["post-143303","post","type-post","status-publish","format-standard","has-post-thumbnail","hentry","category-br","category-politica-2","tag-12a-vara-criminal-em-curitiba","tag-carolina-lebbos","tag-curitiba","tag-destaque","tag-ex-presidente-lula","tag-genival-inacio-da-silva","tag-irmao-do-lula","tag-juiza-nega-pedido-de-lula-para-ir-ao-velorio-do-irmao","tag-luiz-inacio-lula-da-silva","tag-lula","tag-lula-e-o-irmao-vava","tag-lula-e-vava","tag-lula-vava","tag-presidente-do-stf-autoriza-lula-a-deixar-a-prisao-para-ir-ao-velorio-do-irmao","tag-sao-bernardo-do-campo","tag-vava","tag-velorio-irmao-do-lula"],"_links":{"self":[{"href":"https:\/\/aconteceunovale.com.br\/portal\/index.php?rest_route=\/wp\/v2\/posts\/143303","targetHints":{"allow":["GET"]}}],"collection":[{"href":"https:\/\/aconteceunovale.com.br\/portal\/index.php?rest_route=\/wp\/v2\/posts"}],"about":[{"href":"https:\/\/aconteceunovale.com.br\/portal\/index.php?rest_route=\/wp\/v2\/types\/post"}],"author":[{"embeddable":true,"href":"https:\/\/aconteceunovale.com.br\/portal\/index.php?rest_route=\/wp\/v2\/users\/1"}],"replies":[{"embeddable":true,"href":"https:\/\/aconteceunovale.com.br\/portal\/index.php?rest_route=%2Fwp%2Fv2%2Fcomments&post=143303"}],"version-history":[{"count":0,"href":"https:\/\/aconteceunovale.com.br\/portal\/index.php?rest_route=\/wp\/v2\/posts\/143303\/revisions"}],"wp:featuredmedia":[{"embeddable":true,"href":"https:\/\/aconteceunovale.com.br\/portal\/index.php?rest_route=\/wp\/v2\/media\/143277"}],"wp:attachment":[{"href":"https:\/\/aconteceunovale.com.br\/portal\/index.php?rest_route=%2Fwp%2Fv2%2Fmedia&parent=143303"}],"wp:term":[{"taxonomy":"category","embeddable":true,"href":"https:\/\/aconteceunovale.com.br\/portal\/index.php?rest_route=%2Fwp%2Fv2%2Fcategories&post=143303"},{"taxonomy":"post_tag","embeddable":true,"href":"https:\/\/aconteceunovale.com.br\/portal\/index.php?rest_route=%2Fwp%2Fv2%2Ftags&post=143303"}],"curies":[{"name":"wp","href":"https:\/\/api.w.org\/{rel}","templated":true}]}}