{"id":143231,"date":"2019-01-29T20:25:22","date_gmt":"2019-01-29T22:25:22","guid":{"rendered":"http:\/\/aconteceunovale.com.br\/portal\/?p=143231"},"modified":"2019-01-29T20:25:22","modified_gmt":"2019-01-29T22:25:22","slug":"policia-prende-suspeito-de-homicidio-em-galileia-no-vale-do-rio-doce","status":"publish","type":"post","link":"https:\/\/aconteceunovale.com.br\/portal\/?p=143231","title":{"rendered":"Pol\u00edcia prende suspeito de homic\u00eddio em Galil\u00e9ia, no Vale do Rio Doce"},"content":{"rendered":"<p>Um homem de 28 anos foi preso nesta ter\u00e7a-feira (29) suspeito de cometer um assassinato motivado pela disputa do tr\u00e1fico de drogas em Galil\u00e9ia, no Vale do Rio Doce. De acordo com informa\u00e7\u00f5es da Pol\u00edcia Militar, a v\u00edtima, que era de um grupo rival, tinha 42 anos e o crime aconteceu na madrugada de hoje.<br \/>\n<center><br \/>\n<!-- Erro, o An\u00fancio n\u00e3o est\u00e1 dispon\u00edvel neste momento devido \u00e0s restri\u00e7\u00f5es de agendamento\/geolocaliza\u00e7\u00e3o! --><br \/>\n<\/br><br \/>\n<\/center><br \/>\nDurante a manh\u00e3 a pol\u00edcia militar monitorou os poss\u00edveis pontos em que o autor poderia estar escondido. Segundo a PM, o suspeito foi encontrado em uma das resid\u00eancias monitoradas e tentou fugir pulando muros, mas foi capturado. Ao avistar o cerco policial, o autor tentou jogar fora uma bolsa onde estava um rev\u00f3lver calibre 38 municiado com seis cartuchos, outras muni\u00e7\u00f5es, uma barra de maconha e 25 pedras de crack.<\/p>\n<p>A Pol\u00edcia Militar informou ainda que o suspeito possu\u00eda um mandado de pris\u00e3o em aberto pelo crime de tr\u00e1fico de drogas e que ele seria o respons\u00e1vel por liderar o tr\u00e1fico na regi\u00e3o conhecida como Baixada. Ele tamb\u00e9m \u00e9 suspeito de tr\u00eas homic\u00eddios tentados em setembro de 2018, todos motivados por tr\u00e1fico de drogas. O autor foi encaminhado para a Delegacia de Pol\u00edcia Civil de Governador Valadares.<\/p>\n<p><img decoding=\"async\" src=\"http:\/\/aconteceunovale.com.br\/portal\/wp-content\/uploads\/2019\/01\/preso_galileia.jpeg\" alt=\"\" \/><em>Foto: Pol\u00edcia Militar\/Divulga\u00e7\u00e3o<\/em><br \/>\n<\/br><\/p>\n<p><strong>VER PRIMEIRO<\/strong><\/p>\n<p>Receba as not\u00edcias do Aconteceu no Vale em primeira m\u00e3o. Clique em curtir no endere\u00e7o <a href=\"https:\/\/www.facebook.com\/aconteceunovale\" target=\"_blank\"><font color=\"red\">www.facebook.com\/aconteceunovale<\/font><\/a> ou no box abaixo:<\/p>\n<div class=\"fb-like\" data-href=\"https:\/\/www.facebook.com\/aconteceunovale\" data-width=\"120\" data-layout=\"standard\" data-action=\"like\" data-size=\"small\" data-show-faces=\"true\" data-share=\"true\"><\/div>\n<p><!-- Erro, o An\u00fancio n\u00e3o est\u00e1 dispon\u00edvel neste momento devido \u00e0s restri\u00e7\u00f5es de agendamento\/geolocaliza\u00e7\u00e3o! --><br \/>\n<\/br><\/p>\n<p><em>(Fonte: G1 Vales)<\/em><\/p>\n","protected":false},"excerpt":{"rendered":"<p>Um homem de 28 anos foi preso nesta ter\u00e7a-feira (29) suspeito de cometer um assassinato motivado pela disputa do tr\u00e1fico de drogas em Galil\u00e9ia, no Vale do Rio Doce. De acordo com informa\u00e7\u00f5es da Pol\u00edcia Militar, a v\u00edtima, que era de um grupo rival, tinha 42 anos e o crime aconteceu na madrugada de hoje. [&hellip;]<\/p>\n","protected":false},"author":1,"featured_media":143232,"comment_status":"open","ping_status":"closed","sticky":false,"template":"","format":"standard","meta":{"amp_status":"","footnotes":""},"categories":[121],"tags":[292,247,84919,193415,193417,193416],"class_list":["post-143231","post","type-post","status-publish","format-standard","has-post-thumbnail","hentry","category-leste","tag-galileia","tag-governador-valadares","tag-homicidio-galileia","tag-preso-galileia","tag-trafico-de-drogas-galileia","tag-trafico-galileia"],"_links":{"self":[{"href":"https:\/\/aconteceunovale.com.br\/portal\/index.php?rest_route=\/wp\/v2\/posts\/143231","targetHints":{"allow":["GET"]}}],"collection":[{"href":"https:\/\/aconteceunovale.com.br\/portal\/index.php?rest_route=\/wp\/v2\/posts"}],"about":[{"href":"https:\/\/aconteceunovale.com.br\/portal\/index.php?rest_route=\/wp\/v2\/types\/post"}],"author":[{"embeddable":true,"href":"https:\/\/aconteceunovale.com.br\/portal\/index.php?rest_route=\/wp\/v2\/users\/1"}],"replies":[{"embeddable":true,"href":"https:\/\/aconteceunovale.com.br\/portal\/index.php?rest_route=%2Fwp%2Fv2%2Fcomments&post=143231"}],"version-history":[{"count":0,"href":"https:\/\/aconteceunovale.com.br\/portal\/index.php?rest_route=\/wp\/v2\/posts\/143231\/revisions"}],"wp:featuredmedia":[{"embeddable":true,"href":"https:\/\/aconteceunovale.com.br\/portal\/index.php?rest_route=\/wp\/v2\/media\/143232"}],"wp:attachment":[{"href":"https:\/\/aconteceunovale.com.br\/portal\/index.php?rest_route=%2Fwp%2Fv2%2Fmedia&parent=143231"}],"wp:term":[{"taxonomy":"category","embeddable":true,"href":"https:\/\/aconteceunovale.com.br\/portal\/index.php?rest_route=%2Fwp%2Fv2%2Fcategories&post=143231"},{"taxonomy":"post_tag","embeddable":true,"href":"https:\/\/aconteceunovale.com.br\/portal\/index.php?rest_route=%2Fwp%2Fv2%2Ftags&post=143231"}],"curies":[{"name":"wp","href":"https:\/\/api.w.org\/{rel}","templated":true}]}}