{"id":142759,"date":"2019-01-25T20:19:28","date_gmt":"2019-01-25T22:19:28","guid":{"rendered":"http:\/\/aconteceunovale.com.br\/portal\/?p=142759"},"modified":"2019-01-25T20:19:28","modified_gmt":"2019-01-25T22:19:28","slug":"arquidiocese-de-bh-inicia-campanha-de-doacoes-para-brumadinho","status":"publish","type":"post","link":"https:\/\/aconteceunovale.com.br\/portal\/?p=142759","title":{"rendered":"Arquidiocese de BH inicia campanha de doa\u00e7\u00f5es para Brumadinho"},"content":{"rendered":"<p>A Arquidiocese de Belo Horizonte emitiu um comunicado se solidarizando com todos os atingidos pelo rompimento da Barragem Mina C\u00f3rrego do Feij\u00e3o, em Brumadinho, na Grande BH, nesta sexta-feira. Uma campanha solid\u00e1ria para arrecadar roupas, alimentos e \u00e1gua foi iniciada para ajudar quem perdeu tudo. <\/p>\n<p>O arcebispo da capital mineira, Dom Walmor Oliveira de Azevedo, denominou como mais uma \u201cabomina\u00e7\u00e3o da desola\u00e7\u00e3o\u201d, como disse Jesus no Evangelho de Marcos, referindo se aos absurdos nascidos das gan\u00e2ncias e descasos com o outro, com a verdade e com o bem de todos. \u201cA Arquidiocese de Belo Horizonte une-se a cada um dos atingidos, compartilhando suas dores. Nossas comunidades de f\u00e9, especialmente \u00e0s que servem ao Vale do Paraopeba, estejam juntas, para levar amparo, ajuda, a todos que sofrem diante de t\u00e3o lament\u00e1vel trag\u00e9dia\u201d.<\/p>\n<p>As doa\u00e7\u00f5es ser\u00e3o aceitas no seguinte endere\u00e7o:<\/p>\n<p>Vicariato Episcopal para a A\u00e7\u00e3o Social e Pol\u00edtica<br \/>\nRua Al\u00e9m Para\u00edba, 208 \u2013 Lagoinha. Telefone: 3423-2187<\/p>\n<p><img decoding=\"async\" src=\"http:\/\/aconteceunovale.com.br\/portal\/wp-content\/uploads\/2019\/01\/juntos_brumadinho_2.jpeg\" alt=\"\" \/><br \/>\n<\/br><\/p>\n<p><strong>Confira a nota na \u00edntegra da Arquidiocese<\/strong><\/p>\n<p><em>Mais uma \u201cabomina\u00e7\u00e3o da desola\u00e7\u00e3o\u201d, como disse Jesus no Evangelho de Marcos, referindo se aos absurdos nascidos das gan\u00e2ncias e descasos com o outro, com a verdade e com o bem de todos: mais uma barragem rompida em Minas Gerais, agora em Brumadinho, Regi\u00e3o Metropolitana de Belo Horizonte. A Arquidiocese de Belo Horizonte une-se a cada um dos atingidos, compartilhando suas dores.<\/p>\n<p><center><br \/>\n<!-- Erro, o An\u00fancio n\u00e3o est\u00e1 dispon\u00edvel neste momento devido \u00e0s restri\u00e7\u00f5es de agendamento\/geolocaliza\u00e7\u00e3o! --><br \/>\n<\/br><br \/>\n<\/center><\/p>\n<p>Nossas comunidades de f\u00e9, especialmente \u00e0s que servem ao Vale do Paraopeba, estejam juntas, para levar amparo, ajuda, a todos que sofrem diante de t\u00e3o lament\u00e1vel trag\u00e9dia. <\/p>\n<p>Os danos humanos e socioambientais s\u00e3o irrepar\u00e1veis e apontam para uma urg\u00eancia, j\u00e1 t\u00e3o evidente: \u00e9 preciso repensar modelos de desenvolvimento que desconsideram o respeito \u00e0 natureza, os par\u00e2metros de sustentabilidade.  Uma triste coincid\u00eancia: nesta sexta-feira, dia 25, quando uma barragem se rompe no cora\u00e7\u00e3o da nossa amada Brumadinho, entrou em pauta, no Conselho da Secretaria Estadual de Meio Ambiente e Desenvolvimento Sustent\u00e1vel, autoriza\u00e7\u00e3o para a retomada da minera\u00e7\u00e3o na Serra da Piedade. Uma trag\u00e9dia se efetiva e outra se anuncia.  <\/p>\n<p>A Arquidiocese de Belo Horizonte defende, incansavelmente, de modo inegoci\u00e1vel, a natureza, obra do Criador, compreendendo que o ser humano, as plantas e os animais devem viver em completa harmonia, pois s\u00e3o todos habitantes do planeta, a Casa Comum. <\/p>\n<p>Rezemos pelas v\u00edtimas desta trag\u00e9dia, unidos ao cora\u00e7\u00e3o de cada pessoa e de todas as fam\u00edlias que sofrem, renovemos, mais uma vez, o nosso compromisso com a solidariedade. \u00c9 urg\u00eancia minimizar a dor dos atingidos por mais esse desastre ambiental, sem se esquecer de acompanhar, de perto, a atua\u00e7\u00e3o das autoridades, na apura\u00e7\u00e3o dos respons\u00e1veis por mais um triste e lament\u00e1vel epis\u00f3dio, chaga aberta no cora\u00e7\u00e3o de Minas Gerais. A justi\u00e7a seja feita, com lucidez e sem mediocridades que geram passivos, com sentido human\u00edstico e priorizando o bem comum, com incondicional respeito e compromisso com os mais pobres. Minas Gerais est\u00e1 de luto. <\/p>\n<p>Dom Walmor Oliveira de Azevedo<br \/>\nArcebispo Metropolitano de Belo Horizonte <\/em><\/p>\n<p><strong><\/p>\n<h4>Fotos<\/h4>\n<p><\/strong><\/p>\n<p><img decoding=\"async\" src=\"http:\/\/aconteceunovale.com.br\/portal\/wp-content\/uploads\/2019\/01\/barragem_mg.jpg\" alt=\"\" \/><em>Divulga\u00e7\u00e3o\/CBMMG\/Reprodu\u00e7\u00e3o Aconteceu no Vale<\/em><br \/>\n<\/br><\/p>\n<p><img decoding=\"async\" src=\"http:\/\/aconteceunovale.com.br\/portal\/wp-content\/uploads\/2019\/01\/barragem_brumadinho_pandemonio.jpg\" alt=\"\" \/><em>Divulga\u00e7\u00e3o\/CBMMG\/Reprodu\u00e7\u00e3o Aconteceu no Vale<\/em><br \/>\n<\/br><\/p>\n<p><img decoding=\"async\" src=\"http:\/\/aconteceunovale.com.br\/portal\/wp-content\/uploads\/2019\/01\/barragem_vale_brumadinho_1.jpeg\" alt=\"\" \/><em>Divulga\u00e7\u00e3o\/CBMMG\/Reprodu\u00e7\u00e3o Aconteceu no Vale<\/em><br \/>\n<\/br><\/p>\n<p><img decoding=\"async\" src=\"http:\/\/aconteceunovale.com.br\/portal\/wp-content\/uploads\/2019\/01\/barragem_vale_brumadinho_2.jpg\" alt=\"\" \/><em>Divulga\u00e7\u00e3o\/CBMMG\/Reprodu\u00e7\u00e3o Aconteceu no Vale<\/em><br \/>\n<\/br><\/p>\n<p><strong><\/p>\n<h4>Leia mais<\/h4>\n<p><\/strong><\/p>\n<p><span style=\"text-decoration: underline;\"><strong><span style=\"color: #0000ff;\"><a href=\"http:\/\/aconteceunovale.com.br\/portal\/?p=142721\" target=\"_blank\"><span style=\"color: #0000ff; text-decoration: underline;\">&#8211; Corpo de Bombeiros estima que 200 pessoas est\u00e3o desaparecidas ap\u00f3s rompimento de barragem em Brumadinho<\/span><\/a><\/span><\/strong><\/span><\/p>\n<p><span style=\"text-decoration: underline;\"><strong><span style=\"color: #0000ff;\"><a href=\"http:\/\/aconteceunovale.com.br\/portal\/?p=142717\" target=\"_blank\"><span style=\"color: #0000ff; text-decoration: underline;\">&#8211; Hospital Jo\u00e3o XXIII recebe v\u00edtimas de rompimento da barragem em Brumadinho<\/span><\/a><\/span><\/strong><\/span><\/p>\n<p><span style=\"text-decoration: underline;\"><strong><span style=\"color: #0000ff;\"><a href=\"http:\/\/aconteceunovale.com.br\/portal\/?p=142715\" target=\"_blank\"><span style=\"color: #0000ff; text-decoration: underline;\">&#8211; Munic\u00edpios vizinhos a Brumadinho divulgam alertas \u00e0 popula\u00e7\u00e3o<\/span><\/a><\/span><\/strong><\/span><\/p>\n<p><span style=\"text-decoration: underline;\"><strong><span style=\"color: #0000ff;\"><a href=\"http:\/\/aconteceunovale.com.br\/portal\/?p=142713\" target=\"_blank\"><span style=\"color: #0000ff; text-decoration: underline;\">&#8211; Vale admite possibilidade de v\u00edtimas em rompimento de barragem em Minas<\/span><\/a><\/span><\/strong><\/span><\/p>\n<p><span style=\"text-decoration: underline;\"><strong><span style=\"color: #0000ff;\"><a href=\"http:\/\/aconteceunovale.com.br\/portal\/?p=142711\" target=\"_blank\"><span style=\"color: #0000ff; text-decoration: underline;\">&#8211; Presidente lamenta rompimento de barragem em Brumadinho<\/span><\/a><\/span><\/strong><\/span><\/p>\n<p><span style=\"text-decoration: underline;\"><strong><span style=\"color: #0000ff;\"><a href=\"http:\/\/aconteceunovale.com.br\/portal\/?p=142709\" target=\"_blank\"><span style=\"color: #0000ff; text-decoration: underline;\">&#8211; Minist\u00e9rio P\u00fablico envia equipe para avaliar danos ap\u00f3s rompimento de barragem da Vale<\/span><\/a><\/span><\/strong><\/span><\/p>\n<p><span style=\"text-decoration: underline;\"><strong><span style=\"color: #0000ff;\"><a href=\"http:\/\/aconteceunovale.com.br\/portal\/?p=142706\" target=\"_blank\"><span style=\"color: #0000ff; text-decoration: underline;\">&#8211; Mantenha dist\u00e2ncia do leito do Rio Paraopeba, alerta Prefeitura de Brumadinho<\/span><\/a><\/span><\/strong><\/span><\/p>\n<p><span style=\"text-decoration: underline;\"><strong><span style=\"color: #0000ff;\"><a href=\"http:\/\/aconteceunovale.com.br\/portal\/?p=142699\" target=\"_blank\"><span style=\"color: #0000ff; text-decoration: underline;\">&#8211; Bombeiros sobrevoam \u00e1rea afetada por rompimento de barragem da Vale<\/span><\/a><\/span><\/strong><\/span><\/p>\n<p><span style=\"text-decoration: underline;\"><strong><span style=\"color: #0000ff;\"><a href=\"http:\/\/aconteceunovale.com.br\/portal\/?p=142696\" target=\"_blank\"><span style=\"color: #0000ff; text-decoration: underline;\">&#8211; A\u00e7\u00f5es da Vale nos Estados Unidos caem 10% ap\u00f3s rompimento de barragem em Brumadinho<\/span><\/a><\/span><\/strong><\/span><\/p>\n<p><span style=\"text-decoration: underline;\"><strong><span style=\"color: #0000ff;\"><a href=\"http:\/\/aconteceunovale.com.br\/portal\/?p=142693\" target=\"_blank\"><span style=\"color: #0000ff; text-decoration: underline;\">&#8211; A cidade est\u00e1 um pandem\u00f4nio, relata moradora de Brumadinho<\/span><\/a><\/span><\/strong><\/span><\/p>\n<p><span style=\"text-decoration: underline;\"><strong><span style=\"color: #0000ff;\"><a href=\"http:\/\/aconteceunovale.com.br\/portal\/?p=142690\" target=\"_blank\"><span style=\"color: #0000ff; text-decoration: underline;\">&#8211; Instituto Inhotim \u00e9 evacuado ap\u00f3s rompimento de barragem da Vale<\/span><\/a><\/span><\/strong><\/span><\/p>\n<p><span style=\"text-decoration: underline;\"><strong><span style=\"color: #0000ff;\"><a href=\"http:\/\/aconteceunovale.com.br\/portal\/?p=142688\" target=\"_blank\"><span style=\"color: #0000ff; text-decoration: underline;\">&#8211; Defesa Civil Nacional vai a Brumadinho para avaliar situa\u00e7\u00e3o<\/span><\/a><\/span><\/strong><\/span><\/p>\n<p><span style=\"text-decoration: underline;\"><strong><span style=\"color: #0000ff;\"><a href=\"http:\/\/aconteceunovale.com.br\/portal\/?p=142674\" target=\"_blank\"><span style=\"color: #0000ff; text-decoration: underline;\">&#8211; Barragem da Vale se rompe na RMBH<\/span><\/a><\/span><\/strong><\/span><\/p>\n<h4><strong>V\u00eddeos da lama<\/strong><\/h4>\n<p><iframe loading=\"lazy\" width=\"560\" height=\"315\" src=\"https:\/\/www.youtube.com\/embed\/4Py4stIH8WQ\" frameborder=\"0\" allow=\"accelerometer; autoplay; encrypted-media; gyroscope; picture-in-picture\" allowfullscreen><\/iframe><br \/>\n<\/br><\/p>\n<p><iframe loading=\"lazy\" width=\"560\" height=\"315\" src=\"https:\/\/www.youtube.com\/embed\/BjPt1MN3_BE\" frameborder=\"0\" allow=\"accelerometer; autoplay; encrypted-media; gyroscope; picture-in-picture\" allowfullscreen><\/iframe><br \/>\n<\/br><\/p>\n<p><strong>VER PRIMEIRO<\/strong><\/p>\n<p>Receba as not\u00edcias do Aconteceu no Vale em primeira m\u00e3o. Clique em curtir no endere\u00e7o <a href=\"https:\/\/www.facebook.com\/aconteceunovale\" target=\"_blank\"><font color=\"red\">www.facebook.com\/aconteceunovale<\/font><\/a> ou no box abaixo:<\/p>\n<div class=\"fb-like\" data-href=\"https:\/\/www.facebook.com\/aconteceunovale\" data-width=\"120\" data-layout=\"standard\" data-action=\"like\" data-size=\"small\" data-show-faces=\"true\" data-share=\"true\"><\/div>\n<p><!-- Erro, o An\u00fancio n\u00e3o est\u00e1 dispon\u00edvel neste momento devido \u00e0s restri\u00e7\u00f5es de agendamento\/geolocaliza\u00e7\u00e3o! --><br \/>\n<\/br><\/p>\n<p><em>(Fonte: Itatiaia)<\/em><\/p>\n","protected":false},"excerpt":{"rendered":"<p>A Arquidiocese de Belo Horizonte emitiu um comunicado se solidarizando com todos os atingidos pelo rompimento da Barragem Mina C\u00f3rrego do Feij\u00e3o, em Brumadinho, na Grande BH, nesta sexta-feira. Uma campanha solid\u00e1ria para arrecadar roupas, alimentos e \u00e1gua foi iniciada para ajudar quem perdeu tudo. O arcebispo da capital mineira, Dom Walmor Oliveira de Azevedo, [&hellip;]<\/p>\n","protected":false},"author":1,"featured_media":142761,"comment_status":"open","ping_status":"closed","sticky":false,"template":"","format":"standard","meta":{"amp_status":"","footnotes":""},"categories":[123],"tags":[192681,192722,192697,192721,192683,192685,192689,192687,192720,192719,192793,192678,192680,192684,192694,192679,192693,192794,192696,192692,3679,192690,25822,192682,192686,192704,192705,192703,192688,192695,192691,192735,192734,192737,192736,2910,192702],"class_list":["post-142759","post","type-post","status-publish","format-standard","has-post-thumbnail","hentry","category-gerais","tag-acidente-barragem-da-vale","tag-acidente-barragem-mineradora-vale","tag-acidente-barragem-na-mina-feijao","tag-acidente-barragem-vale","tag-acidente-com-barragem-da-vale","tag-acidente-com-barragem-da-vale-em-brumadinho","tag-acidente-com-barragem-em-brumadinho","tag-acidente-em-brumadinho","tag-acidente-mineradora-vale","tag-acidente-vale","tag-arquidiocese-de-bh-inicia-campanha-de-doacoes-para-brumadinho","tag-barragem-da-mineradora-vale-se-rompe-na-regiao-metropolitana-de-belo-horizonte","tag-barragem-da-vale","tag-barragem-da-vale-em-brumadinho","tag-barragem-da-vale-se-rompe-em-brumadinho","tag-barragem-da-vale-se-rompe-na-regiao-metropolitana-de-belo-horizonte","tag-barragem-da-vale-se-rompe-na-rmbh","tag-barragem-mina-corrego-do-feijao","tag-barragem-na-mina-feijao","tag-barragem-rio-paraopeba","tag-brumadinho","tag-enchente-rio-paraopeba","tag-rio-paraopeba","tag-rompimento-de-barragem-da-vale","tag-rompimento-de-barragem-da-vale-em-brumadinho","tag-rompimento-de-barragem-da-vale-em-brumadinho-25-de-janeiro","tag-rompimento-de-barragem-da-vale-em-brumadinho-25-de-janeiro-de-2019","tag-rompimento-de-barragem-da-vale-em-brumadinho-25012019","tag-rompimento-de-barragem-em-brumadinho","tag-rompimento-de-barragem-na-mina-feijao","tag-rompimento-de-barragem-rio-paraopeba","tag-tragedia-barragem-da-vale","tag-tragedia-em-brumadinho","tag-tragedia-mineradora-vale","tag-tragedia-vale","tag-vale","tag-vila-ferteco"],"_links":{"self":[{"href":"https:\/\/aconteceunovale.com.br\/portal\/index.php?rest_route=\/wp\/v2\/posts\/142759","targetHints":{"allow":["GET"]}}],"collection":[{"href":"https:\/\/aconteceunovale.com.br\/portal\/index.php?rest_route=\/wp\/v2\/posts"}],"about":[{"href":"https:\/\/aconteceunovale.com.br\/portal\/index.php?rest_route=\/wp\/v2\/types\/post"}],"author":[{"embeddable":true,"href":"https:\/\/aconteceunovale.com.br\/portal\/index.php?rest_route=\/wp\/v2\/users\/1"}],"replies":[{"embeddable":true,"href":"https:\/\/aconteceunovale.com.br\/portal\/index.php?rest_route=%2Fwp%2Fv2%2Fcomments&post=142759"}],"version-history":[{"count":0,"href":"https:\/\/aconteceunovale.com.br\/portal\/index.php?rest_route=\/wp\/v2\/posts\/142759\/revisions"}],"wp:featuredmedia":[{"embeddable":true,"href":"https:\/\/aconteceunovale.com.br\/portal\/index.php?rest_route=\/wp\/v2\/media\/142761"}],"wp:attachment":[{"href":"https:\/\/aconteceunovale.com.br\/portal\/index.php?rest_route=%2Fwp%2Fv2%2Fmedia&parent=142759"}],"wp:term":[{"taxonomy":"category","embeddable":true,"href":"https:\/\/aconteceunovale.com.br\/portal\/index.php?rest_route=%2Fwp%2Fv2%2Fcategories&post=142759"},{"taxonomy":"post_tag","embeddable":true,"href":"https:\/\/aconteceunovale.com.br\/portal\/index.php?rest_route=%2Fwp%2Fv2%2Ftags&post=142759"}],"curies":[{"name":"wp","href":"https:\/\/api.w.org\/{rel}","templated":true}]}}