{"id":142752,"date":"2019-01-25T19:04:18","date_gmt":"2019-01-25T21:04:18","guid":{"rendered":"http:\/\/aconteceunovale.com.br\/portal\/?p=142752"},"modified":"2019-01-25T19:04:18","modified_gmt":"2019-01-25T21:04:18","slug":"fevereiro-seguira-com-bandeira-tarifaria-verde-informa-aneel","status":"publish","type":"post","link":"https:\/\/aconteceunovale.com.br\/portal\/?p=142752","title":{"rendered":"Fevereiro seguir\u00e1 com bandeira tarif\u00e1ria verde, informa Aneel"},"content":{"rendered":"<p>A Ag\u00eancia Nacional de Energia El\u00e9trica (Aneel) informou hoje (25) que a bandeira tarif\u00e1ria para fevereiro de 2019 ser\u00e1 a mesma de janeiro: verde, sem custo extra para os consumidores. Apesar da manuten\u00e7\u00e3o da bandeira verde, o m\u00eas de janeiro apresentou volume menor de chuvas que o esperado.<\/p>\n<p>Em nota, a ag\u00eancia disse que, \u201cmesmo com a eleva\u00e7\u00e3o do Pre\u00e7o de Liquida\u00e7\u00e3o das Diferen\u00e7as (PLD) provocada pela diminui\u00e7\u00e3o das chuvas em janeiro, a esta\u00e7\u00e3o chuvosa est\u00e1 em curso, propiciando eleva\u00e7\u00e3o gradativa da produ\u00e7\u00e3o de energia pelas usinas hidrel\u00e9tricas e melhora do n\u00edvel dos reservat\u00f3rios, com a consequente recupera\u00e7\u00e3o do risco hidrol\u00f3gico (GSF)\u201d.<\/p>\n<p>O GSF e o PLD s\u00e3o as duas vari\u00e1veis que determinam a cor da bandeira a ser acionada, disse a Aneel.<\/p>\n<p><center><br \/>\n<!-- Erro, o An\u00fancio n\u00e3o est\u00e1 dispon\u00edvel neste momento devido \u00e0s restri\u00e7\u00f5es de agendamento\/geolocaliza\u00e7\u00e3o! --><br \/>\n<\/br><br \/>\n<\/center><\/p>\n<p><strong>Sistema<\/strong><\/p>\n<p>O sistema de bandeiras tarif\u00e1rias foi criado, de acordo com a Aneel, para sinalizar aos consumidores os custos reais da gera\u00e7\u00e3o de energia el\u00e9trica. A ado\u00e7\u00e3o de cada bandeira, nas cores verde (sem cobran\u00e7a extra), amarela e vermelha (patamar 1 e 2) est\u00e1 relacionada aos custos da gera\u00e7\u00e3o de energia el\u00e9trica. Na amarela h\u00e1 o acr\u00e9scimo de R$ 1 a cada 100 kWh (quilowatts-hora). Na vermelha no patamar 1, o adicional nas contas de luz \u00e9 de R$ 3 a cada 100 kWh; no 2, o valor extra sobe para R$ 5.<\/p>\n<p><strong>Dicas de economia<\/strong><\/p>\n<p>Para evitar aumento significativo nas contas, a Aneel d\u00e1 dicas para que os consumidores economizem energia. Entre elas a de, no caso do uso de chuveiros el\u00e9tricos, se tomar banhos mais curtos e em temperatura morna ou fria.<\/p>\n<p>A ag\u00eancia sugere tamb\u00e9m a diminui\u00e7\u00e3o no uso do ar condicionado e que, quando o aparelho for usado, que se evite deixar portas e janelas abertas, al\u00e9m de manter o filtro limpo. A Aneel sugere, ainda, que o consumidor tenha aten\u00e7\u00e3o para deixar a porta da geladeira aberta apenas o tempo que for necess\u00e1rio e que nunca se coloque alimentos quentes em seu interior.<\/p>\n<p>Uma outra dica da Aneel para que o consumidor economize energia \u00e9 a de juntar roupas para serem passadas de uma s\u00f3 vez e que n\u00e3o se deixe o ferro de passar ligado por muito tempo. Sugere tamb\u00e9m que, durante longos per\u00edodos de aus\u00eancia, o consumidor evite deixar seus aparelhos em stand-by. Nesse caso, o mais indicado \u00e9 retir\u00e1-los da tomada.<\/p>\n<p><strong>VER PRIMEIRO<\/strong><\/p>\n<p>Receba as not\u00edcias do Aconteceu no Vale em primeira m\u00e3o. Clique em curtir no endere\u00e7o <a href=\"https:\/\/www.facebook.com\/aconteceunovale\" target=\"_blank\"><font color=\"red\">www.facebook.com\/aconteceunovale<\/font><\/a> ou no box abaixo:<\/p>\n<div class=\"fb-like\" data-href=\"https:\/\/www.facebook.com\/aconteceunovale\" data-width=\"120\" data-layout=\"standard\" data-action=\"like\" data-size=\"small\" data-show-faces=\"true\" data-share=\"true\"><\/div>\n<p><!-- Erro, o An\u00fancio n\u00e3o est\u00e1 dispon\u00edvel neste momento devido \u00e0s restri\u00e7\u00f5es de agendamento\/geolocaliza\u00e7\u00e3o! --><br \/>\n<\/br><\/p>\n<p><em>(Fonte: Ag\u00eancia Brasil)<\/em><\/p>\n","protected":false},"excerpt":{"rendered":"<p>A Ag\u00eancia Nacional de Energia El\u00e9trica (Aneel) informou hoje (25) que a bandeira tarif\u00e1ria para fevereiro de 2019 ser\u00e1 a mesma de janeiro: verde, sem custo extra para os consumidores. Apesar da manuten\u00e7\u00e3o da bandeira verde, o m\u00eas de janeiro apresentou volume menor de chuvas que o esperado. Em nota, a ag\u00eancia disse que, \u201cmesmo [&hellip;]<\/p>\n","protected":false},"author":1,"featured_media":136246,"comment_status":"open","ping_status":"closed","sticky":false,"template":"","format":"standard","meta":{"amp_status":"","footnotes":""},"categories":[6],"tags":[26917,26918,192789,192788,192787,192790,123747,18747,192786,28179],"class_list":["post-142752","post","type-post","status-publish","format-standard","has-post-thumbnail","hentry","category-br","tag-agencia-nacional-de-energia-eletrica","tag-aneel","tag-bandeira-tarifaria-fevereiro","tag-bandeira-tarifaria-fevereiro-de-2019","tag-bandeira-tarifaria-para-fevereiro-de-2019","tag-bandeira-verde-em-fevereiro","tag-dicas-de-economia-de-energia","tag-economia-de-energia","tag-fevereiro-seguira-com-bandeira-tarifaria-verde-informa-aneel","tag-sistema-de-bandeiras-tarifarias"],"_links":{"self":[{"href":"https:\/\/aconteceunovale.com.br\/portal\/index.php?rest_route=\/wp\/v2\/posts\/142752","targetHints":{"allow":["GET"]}}],"collection":[{"href":"https:\/\/aconteceunovale.com.br\/portal\/index.php?rest_route=\/wp\/v2\/posts"}],"about":[{"href":"https:\/\/aconteceunovale.com.br\/portal\/index.php?rest_route=\/wp\/v2\/types\/post"}],"author":[{"embeddable":true,"href":"https:\/\/aconteceunovale.com.br\/portal\/index.php?rest_route=\/wp\/v2\/users\/1"}],"replies":[{"embeddable":true,"href":"https:\/\/aconteceunovale.com.br\/portal\/index.php?rest_route=%2Fwp%2Fv2%2Fcomments&post=142752"}],"version-history":[{"count":0,"href":"https:\/\/aconteceunovale.com.br\/portal\/index.php?rest_route=\/wp\/v2\/posts\/142752\/revisions"}],"wp:featuredmedia":[{"embeddable":true,"href":"https:\/\/aconteceunovale.com.br\/portal\/index.php?rest_route=\/wp\/v2\/media\/136246"}],"wp:attachment":[{"href":"https:\/\/aconteceunovale.com.br\/portal\/index.php?rest_route=%2Fwp%2Fv2%2Fmedia&parent=142752"}],"wp:term":[{"taxonomy":"category","embeddable":true,"href":"https:\/\/aconteceunovale.com.br\/portal\/index.php?rest_route=%2Fwp%2Fv2%2Fcategories&post=142752"},{"taxonomy":"post_tag","embeddable":true,"href":"https:\/\/aconteceunovale.com.br\/portal\/index.php?rest_route=%2Fwp%2Fv2%2Ftags&post=142752"}],"curies":[{"name":"wp","href":"https:\/\/api.w.org\/{rel}","templated":true}]}}