{"id":142749,"date":"2019-01-25T19:00:48","date_gmt":"2019-01-25T21:00:48","guid":{"rendered":"http:\/\/aconteceunovale.com.br\/portal\/?p=142749"},"modified":"2019-01-25T19:00:48","modified_gmt":"2019-01-25T21:00:48","slug":"copasa-assegura-abastecimento-da-regiao-apos-rompimento-de-barragem-em-brumadinho","status":"publish","type":"post","link":"https:\/\/aconteceunovale.com.br\/portal\/?p=142749","title":{"rendered":"Copasa assegura abastecimento da regi\u00e3o ap\u00f3s rompimento de barragem em Brumadinho"},"content":{"rendered":"<p>A Companhia de Saneamento de Minas Gerais (Copasa), empresa vinculada ao governo mineiro, informou nesta tarde (25) que poder\u00e1 alterar a forma de abastecimento de \u00e1gua da regi\u00e3o atendida pelo Sistema Paraopeba. A Copasa assegurou, no entanto, que o abastecimento na regi\u00e3o metropolitana de Belo Horizonte n\u00e3o ser\u00e1 prejudicado.<\/p>\n<p>A mudan\u00e7a seria decorrente do rompimento de uma barragem na Mina do C\u00f3rrego do Feij\u00e3o, em Brumadinho, munic\u00edo situado a pouco mais de 50 quil\u00f4metros da capital mineira. A estrutura pertence \u00e0 mineradora Vale e liberou no meio ambiente um volume ainda desconhecido de rejeitos. <\/p>\n<p>O Sistema Paraopeba envolve capta\u00e7\u00e3o, tratamento e distribui\u00e7\u00e3o de \u00e1gua na Bacia do Rio Paraopeba para consumo na regi\u00e3o metropolitana. &#8220;A companhia informa que est\u00e1 monitorando a situa\u00e7\u00e3o e acompanhando no local. Caso seja necess\u00e1rio, o abastecimento da regi\u00e3o atendida pelo Sistema Paraopeba, passar\u00e1 a ser realizado pelas represas do Rio Manso, Serra Azul, V\u00e1rzea das Flores e pela capta\u00e7\u00e3o a fio d\u2019\u00e1gua do Rio das Velhas.&#8221;, informa nota da Copasa. <\/p>\n<p>Os munic\u00edpios t\u00eam alertado \u00e0 popula\u00e7\u00e3o para evacuar \u00e1reas ribeirinhas. O Hospital Jo\u00e3o XXIII, em Belo Horizonte, j\u00e1 confirmou a chegada de v\u00edtimas.<\/p>\n<p><center><br \/>\n<!-- Erro, o An\u00fancio n\u00e3o est\u00e1 dispon\u00edvel neste momento devido \u00e0s restri\u00e7\u00f5es de agendamento\/geolocaliza\u00e7\u00e3o! --><br \/>\n<\/br><br \/>\n<\/center><\/p>\n<p><strong><\/p>\n<h4>Fotos<\/h4>\n<p><\/strong><\/p>\n<p><img decoding=\"async\" src=\"http:\/\/aconteceunovale.com.br\/portal\/wp-content\/uploads\/2019\/01\/barragem_mg.jpg\" alt=\"\" \/><em>Divulga\u00e7\u00e3o\/CBMMG\/Reprodu\u00e7\u00e3o Aconteceu no Vale<\/em><br \/>\n<\/br><\/p>\n<p><img decoding=\"async\" src=\"http:\/\/aconteceunovale.com.br\/portal\/wp-content\/uploads\/2019\/01\/barragem_brumadinho_pandemonio.jpg\" alt=\"\" \/><em>Divulga\u00e7\u00e3o\/CBMMG\/Reprodu\u00e7\u00e3o Aconteceu no Vale<\/em><br \/>\n<\/br><\/p>\n<p><img decoding=\"async\" src=\"http:\/\/aconteceunovale.com.br\/portal\/wp-content\/uploads\/2019\/01\/barragem_vale_brumadinho_1.jpeg\" alt=\"\" \/><em>Divulga\u00e7\u00e3o\/CBMMG\/Reprodu\u00e7\u00e3o Aconteceu no Vale<\/em><br \/>\n<\/br><\/p>\n<p><img decoding=\"async\" src=\"http:\/\/aconteceunovale.com.br\/portal\/wp-content\/uploads\/2019\/01\/barragem_vale_brumadinho_2.jpg\" alt=\"\" \/><em>Divulga\u00e7\u00e3o\/CBMMG\/Reprodu\u00e7\u00e3o Aconteceu no Vale<\/em><br \/>\n<\/br><\/p>\n<p><strong><\/p>\n<h4>Leia mais<\/h4>\n<p><\/strong><\/p>\n<p><span style=\"text-decoration: underline;\"><strong><span style=\"color: #0000ff;\"><a href=\"http:\/\/aconteceunovale.com.br\/portal\/?p=142721\" target=\"_blank\"><span style=\"color: #0000ff; text-decoration: underline;\">&#8211; Corpo de Bombeiros estima que 200 pessoas est\u00e3o desaparecidas ap\u00f3s rompimento de barragem em Brumadinho<\/span><\/a><\/span><\/strong><\/span><\/p>\n<p><span style=\"text-decoration: underline;\"><strong><span style=\"color: #0000ff;\"><a href=\"http:\/\/aconteceunovale.com.br\/portal\/?p=142717\" target=\"_blank\"><span style=\"color: #0000ff; text-decoration: underline;\">&#8211; Hospital Jo\u00e3o XXIII recebe v\u00edtimas de rompimento da barragem em Brumadinho<\/span><\/a><\/span><\/strong><\/span><\/p>\n<p><span style=\"text-decoration: underline;\"><strong><span style=\"color: #0000ff;\"><a href=\"http:\/\/aconteceunovale.com.br\/portal\/?p=142715\" target=\"_blank\"><span style=\"color: #0000ff; text-decoration: underline;\">&#8211; Munic\u00edpios vizinhos a Brumadinho divulgam alertas \u00e0 popula\u00e7\u00e3o<\/span><\/a><\/span><\/strong><\/span><\/p>\n<p><span style=\"text-decoration: underline;\"><strong><span style=\"color: #0000ff;\"><a href=\"http:\/\/aconteceunovale.com.br\/portal\/?p=142713\" target=\"_blank\"><span style=\"color: #0000ff; text-decoration: underline;\">&#8211; Vale admite possibilidade de v\u00edtimas em rompimento de barragem em Minas<\/span><\/a><\/span><\/strong><\/span><\/p>\n<p><span style=\"text-decoration: underline;\"><strong><span style=\"color: #0000ff;\"><a href=\"http:\/\/aconteceunovale.com.br\/portal\/?p=142711\" target=\"_blank\"><span style=\"color: #0000ff; text-decoration: underline;\">&#8211; Presidente lamenta rompimento de barragem em Brumadinho<\/span><\/a><\/span><\/strong><\/span><\/p>\n<p><span style=\"text-decoration: underline;\"><strong><span style=\"color: #0000ff;\"><a href=\"http:\/\/aconteceunovale.com.br\/portal\/?p=142709\" target=\"_blank\"><span style=\"color: #0000ff; text-decoration: underline;\">&#8211; Minist\u00e9rio P\u00fablico envia equipe para avaliar danos ap\u00f3s rompimento de barragem da Vale<\/span><\/a><\/span><\/strong><\/span><\/p>\n<p><span style=\"text-decoration: underline;\"><strong><span style=\"color: #0000ff;\"><a href=\"http:\/\/aconteceunovale.com.br\/portal\/?p=142706\" target=\"_blank\"><span style=\"color: #0000ff; text-decoration: underline;\">&#8211; Mantenha dist\u00e2ncia do leito do Rio Paraopeba, alerta Prefeitura de Brumadinho<\/span><\/a><\/span><\/strong><\/span><\/p>\n<p><span style=\"text-decoration: underline;\"><strong><span style=\"color: #0000ff;\"><a href=\"http:\/\/aconteceunovale.com.br\/portal\/?p=142699\" target=\"_blank\"><span style=\"color: #0000ff; text-decoration: underline;\">&#8211; Bombeiros sobrevoam \u00e1rea afetada por rompimento de barragem da Vale<\/span><\/a><\/span><\/strong><\/span><\/p>\n<p><span style=\"text-decoration: underline;\"><strong><span style=\"color: #0000ff;\"><a href=\"http:\/\/aconteceunovale.com.br\/portal\/?p=142696\" target=\"_blank\"><span style=\"color: #0000ff; text-decoration: underline;\">&#8211; A\u00e7\u00f5es da Vale nos Estados Unidos caem 10% ap\u00f3s rompimento de barragem em Brumadinho<\/span><\/a><\/span><\/strong><\/span><\/p>\n<p><span style=\"text-decoration: underline;\"><strong><span style=\"color: #0000ff;\"><a href=\"http:\/\/aconteceunovale.com.br\/portal\/?p=142693\" target=\"_blank\"><span style=\"color: #0000ff; text-decoration: underline;\">&#8211; A cidade est\u00e1 um pandem\u00f4nio, relata moradora de Brumadinho<\/span><\/a><\/span><\/strong><\/span><\/p>\n<p><span style=\"text-decoration: underline;\"><strong><span style=\"color: #0000ff;\"><a href=\"http:\/\/aconteceunovale.com.br\/portal\/?p=142690\" target=\"_blank\"><span style=\"color: #0000ff; text-decoration: underline;\">&#8211; Instituto Inhotim \u00e9 evacuado ap\u00f3s rompimento de barragem da Vale<\/span><\/a><\/span><\/strong><\/span><\/p>\n<p><span style=\"text-decoration: underline;\"><strong><span style=\"color: #0000ff;\"><a href=\"http:\/\/aconteceunovale.com.br\/portal\/?p=142688\" target=\"_blank\"><span style=\"color: #0000ff; text-decoration: underline;\">&#8211; Defesa Civil Nacional vai a Brumadinho para avaliar situa\u00e7\u00e3o<\/span><\/a><\/span><\/strong><\/span><\/p>\n<p><span style=\"text-decoration: underline;\"><strong><span style=\"color: #0000ff;\"><a href=\"http:\/\/aconteceunovale.com.br\/portal\/?p=142674\" target=\"_blank\"><span style=\"color: #0000ff; text-decoration: underline;\">&#8211; Barragem da Vale se rompe na RMBH<\/span><\/a><\/span><\/strong><\/span><\/p>\n<h4><strong>V\u00eddeos da lama<\/strong><\/h4>\n<p><iframe loading=\"lazy\" width=\"560\" height=\"315\" src=\"https:\/\/www.youtube.com\/embed\/4Py4stIH8WQ\" frameborder=\"0\" allow=\"accelerometer; autoplay; encrypted-media; gyroscope; picture-in-picture\" allowfullscreen><\/iframe><br \/>\n<\/br><\/p>\n<p><iframe loading=\"lazy\" width=\"560\" height=\"315\" src=\"https:\/\/www.youtube.com\/embed\/BjPt1MN3_BE\" frameborder=\"0\" allow=\"accelerometer; autoplay; encrypted-media; gyroscope; picture-in-picture\" allowfullscreen><\/iframe><br \/>\n<\/br><\/p>\n<p><strong>VER PRIMEIRO<\/strong><\/p>\n<p>Receba as not\u00edcias do Aconteceu no Vale em primeira m\u00e3o. Clique em curtir no endere\u00e7o <a href=\"https:\/\/www.facebook.com\/aconteceunovale\" target=\"_blank\"><font color=\"red\">www.facebook.com\/aconteceunovale<\/font><\/a> ou no box abaixo:<\/p>\n<div class=\"fb-like\" data-href=\"https:\/\/www.facebook.com\/aconteceunovale\" data-width=\"120\" data-layout=\"standard\" data-action=\"like\" data-size=\"small\" data-show-faces=\"true\" data-share=\"true\"><\/div>\n<p><!-- Erro, o An\u00fancio n\u00e3o est\u00e1 dispon\u00edvel neste momento devido \u00e0s restri\u00e7\u00f5es de agendamento\/geolocaliza\u00e7\u00e3o! --><br \/>\n<\/br><\/p>\n<p><em>(Fonte: Ag\u00eancia Brasil)<\/em><\/p>\n","protected":false},"excerpt":{"rendered":"<p>A Companhia de Saneamento de Minas Gerais (Copasa), empresa vinculada ao governo mineiro, informou nesta tarde (25) que poder\u00e1 alterar a forma de abastecimento de \u00e1gua da regi\u00e3o atendida pelo Sistema Paraopeba. A Copasa assegurou, no entanto, que o abastecimento na regi\u00e3o metropolitana de Belo Horizonte n\u00e3o ser\u00e1 prejudicado. A mudan\u00e7a seria decorrente do rompimento [&hellip;]<\/p>\n","protected":false},"author":1,"featured_media":142750,"comment_status":"open","ping_status":"closed","sticky":false,"template":"","format":"standard","meta":{"amp_status":"","footnotes":""},"categories":[123],"tags":[192681,192722,192697,192721,192683,192685,192689,192687,192720,192719,192678,192680,192684,192694,192679,192693,192696,192692,3679,192784,192785,192690,25822,192682,192686,192704,192705,192703,192688,192695,192691,192735,192734,192737,192736,2910,192702],"class_list":["post-142749","post","type-post","status-publish","format-standard","has-post-thumbnail","hentry","category-gerais","tag-acidente-barragem-da-vale","tag-acidente-barragem-mineradora-vale","tag-acidente-barragem-na-mina-feijao","tag-acidente-barragem-vale","tag-acidente-com-barragem-da-vale","tag-acidente-com-barragem-da-vale-em-brumadinho","tag-acidente-com-barragem-em-brumadinho","tag-acidente-em-brumadinho","tag-acidente-mineradora-vale","tag-acidente-vale","tag-barragem-da-mineradora-vale-se-rompe-na-regiao-metropolitana-de-belo-horizonte","tag-barragem-da-vale","tag-barragem-da-vale-em-brumadinho","tag-barragem-da-vale-se-rompe-em-brumadinho","tag-barragem-da-vale-se-rompe-na-regiao-metropolitana-de-belo-horizonte","tag-barragem-da-vale-se-rompe-na-rmbh","tag-barragem-na-mina-feijao","tag-barragem-rio-paraopeba","tag-brumadinho","tag-copasa-assegura-abastecimento-da-regiao-apos-rompimento-de-barragem","tag-copasa-assegura-abastecimento-da-regiao-apos-rompimento-de-barragem-em-brumadinho","tag-enchente-rio-paraopeba","tag-rio-paraopeba","tag-rompimento-de-barragem-da-vale","tag-rompimento-de-barragem-da-vale-em-brumadinho","tag-rompimento-de-barragem-da-vale-em-brumadinho-25-de-janeiro","tag-rompimento-de-barragem-da-vale-em-brumadinho-25-de-janeiro-de-2019","tag-rompimento-de-barragem-da-vale-em-brumadinho-25012019","tag-rompimento-de-barragem-em-brumadinho","tag-rompimento-de-barragem-na-mina-feijao","tag-rompimento-de-barragem-rio-paraopeba","tag-tragedia-barragem-da-vale","tag-tragedia-em-brumadinho","tag-tragedia-mineradora-vale","tag-tragedia-vale","tag-vale","tag-vila-ferteco"],"_links":{"self":[{"href":"https:\/\/aconteceunovale.com.br\/portal\/index.php?rest_route=\/wp\/v2\/posts\/142749","targetHints":{"allow":["GET"]}}],"collection":[{"href":"https:\/\/aconteceunovale.com.br\/portal\/index.php?rest_route=\/wp\/v2\/posts"}],"about":[{"href":"https:\/\/aconteceunovale.com.br\/portal\/index.php?rest_route=\/wp\/v2\/types\/post"}],"author":[{"embeddable":true,"href":"https:\/\/aconteceunovale.com.br\/portal\/index.php?rest_route=\/wp\/v2\/users\/1"}],"replies":[{"embeddable":true,"href":"https:\/\/aconteceunovale.com.br\/portal\/index.php?rest_route=%2Fwp%2Fv2%2Fcomments&post=142749"}],"version-history":[{"count":0,"href":"https:\/\/aconteceunovale.com.br\/portal\/index.php?rest_route=\/wp\/v2\/posts\/142749\/revisions"}],"wp:featuredmedia":[{"embeddable":true,"href":"https:\/\/aconteceunovale.com.br\/portal\/index.php?rest_route=\/wp\/v2\/media\/142750"}],"wp:attachment":[{"href":"https:\/\/aconteceunovale.com.br\/portal\/index.php?rest_route=%2Fwp%2Fv2%2Fmedia&parent=142749"}],"wp:term":[{"taxonomy":"category","embeddable":true,"href":"https:\/\/aconteceunovale.com.br\/portal\/index.php?rest_route=%2Fwp%2Fv2%2Fcategories&post=142749"},{"taxonomy":"post_tag","embeddable":true,"href":"https:\/\/aconteceunovale.com.br\/portal\/index.php?rest_route=%2Fwp%2Fv2%2Ftags&post=142749"}],"curies":[{"name":"wp","href":"https:\/\/api.w.org\/{rel}","templated":true}]}}