{"id":142746,"date":"2019-01-25T18:57:59","date_gmt":"2019-01-25T20:57:59","guid":{"rendered":"http:\/\/aconteceunovale.com.br\/portal\/?p=142746"},"modified":"2019-01-25T18:57:59","modified_gmt":"2019-01-25T20:57:59","slug":"otra-presa-de-relaves-mineros-se-rompe-en-minas-gerais","status":"publish","type":"post","link":"https:\/\/aconteceunovale.com.br\/portal\/?p=142746","title":{"rendered":"Otra presa de relaves mineros se rompe en Minas Gerais"},"content":{"rendered":"<p>Una represa con relaves mineros de Vale do Rio Doce estall\u00f3 en la ciudad de Brumadinho, cerca de la capital del estado, Belo Horizonte, en Minas Gerais. Los informes preliminares fueron entregados por la Defensa Civil. Un equipo de expertos se est\u00e1 dirigindo al lugar para una evaluaci\u00f3n m\u00e1s detallada.<\/p>\n<p>Vale tambi\u00e9n es responsable de la presa de desechos de Mariana, en el mismo estado sure\u00f1o de Brasil, cuyo colapso en noviembre de 2015 dej\u00f3 19 muertos y distritos destruidos.<\/p>\n<p>En una nota, Vale do Rio Doce declar\u00f3 que los primeros datos indican que los residuos alcanzaron al \u00e1rea administrativa de la compa\u00f1\u00eda y parte de la comunidad de Vila Ferteco. No se ha reportado ning\u00fan individuo herido. Vale se puso en contacto con el Departamento de Bomberos y ha iniciado su Plan de Emergencias para Presas. El comunicado no explica la causa del colapso.<\/p>\n<p><center><br \/>\n<!-- Erro, o An\u00fancio n\u00e3o est\u00e1 dispon\u00edvel neste momento devido \u00e0s restri\u00e7\u00f5es de agendamento\/geolocaliza\u00e7\u00e3o! --><br \/>\n<\/br><br \/>\n<\/center><\/p>\n<p>La prioridad, dijo la empresa, es &#8220;preservar y proteger la vida de los trabajadores y los miembros de la comunidad&#8221;.<\/p>\n<p>La alcald\u00eda de la ciudad de Brumadinho divulg\u00f3 en su cuenta de Instagram un informe en el cual pide a los lugare\u00f1os mantenerse alejados del lecho del r\u00edo Paraopeba.<\/p>\n<p><strong><\/p>\n<h4>Fotos<\/h4>\n<p><\/strong><\/p>\n<p><img decoding=\"async\" src=\"http:\/\/aconteceunovale.com.br\/portal\/wp-content\/uploads\/2019\/01\/barragem_mg.jpg\" alt=\"\" \/><em>Divulga\u00e7\u00e3o\/CBMMG\/Reprodu\u00e7\u00e3o Aconteceu no Vale<\/em><br \/>\n<\/br><\/p>\n<p><img decoding=\"async\" src=\"http:\/\/aconteceunovale.com.br\/portal\/wp-content\/uploads\/2019\/01\/barragem_brumadinho_pandemonio.jpg\" alt=\"\" \/><em>Divulga\u00e7\u00e3o\/CBMMG\/Reprodu\u00e7\u00e3o Aconteceu no Vale<\/em><br \/>\n<\/br><\/p>\n<p><img decoding=\"async\" src=\"http:\/\/aconteceunovale.com.br\/portal\/wp-content\/uploads\/2019\/01\/barragem_vale_brumadinho_1.jpeg\" alt=\"\" \/><em>Divulga\u00e7\u00e3o\/CBMMG\/Reprodu\u00e7\u00e3o Aconteceu no Vale<\/em><br \/>\n<\/br><\/p>\n<p><img decoding=\"async\" src=\"http:\/\/aconteceunovale.com.br\/portal\/wp-content\/uploads\/2019\/01\/barragem_vale_brumadinho_2.jpg\" alt=\"\" \/><em>Divulga\u00e7\u00e3o\/CBMMG\/Reprodu\u00e7\u00e3o Aconteceu no Vale<\/em><br \/>\n<\/br><\/p>\n<p><strong><\/p>\n<h4>Leia mais<\/h4>\n<p><\/strong><\/p>\n<p><span style=\"text-decoration: underline;\"><strong><span style=\"color: #0000ff;\"><a href=\"http:\/\/aconteceunovale.com.br\/portal\/?p=142721\" target=\"_blank\"><span style=\"color: #0000ff; text-decoration: underline;\">&#8211; Corpo de Bombeiros estima que 200 pessoas est\u00e3o desaparecidas ap\u00f3s rompimento de barragem em Brumadinho<\/span><\/a><\/span><\/strong><\/span><\/p>\n<p><span style=\"text-decoration: underline;\"><strong><span style=\"color: #0000ff;\"><a href=\"http:\/\/aconteceunovale.com.br\/portal\/?p=142717\" target=\"_blank\"><span style=\"color: #0000ff; text-decoration: underline;\">&#8211; Hospital Jo\u00e3o XXIII recebe v\u00edtimas de rompimento da barragem em Brumadinho<\/span><\/a><\/span><\/strong><\/span><\/p>\n<p><span style=\"text-decoration: underline;\"><strong><span style=\"color: #0000ff;\"><a href=\"http:\/\/aconteceunovale.com.br\/portal\/?p=142715\" target=\"_blank\"><span style=\"color: #0000ff; text-decoration: underline;\">&#8211; Munic\u00edpios vizinhos a Brumadinho divulgam alertas \u00e0 popula\u00e7\u00e3o<\/span><\/a><\/span><\/strong><\/span><\/p>\n<p><span style=\"text-decoration: underline;\"><strong><span style=\"color: #0000ff;\"><a href=\"http:\/\/aconteceunovale.com.br\/portal\/?p=142713\" target=\"_blank\"><span style=\"color: #0000ff; text-decoration: underline;\">&#8211; Vale admite possibilidade de v\u00edtimas em rompimento de barragem em Minas<\/span><\/a><\/span><\/strong><\/span><\/p>\n<p><span style=\"text-decoration: underline;\"><strong><span style=\"color: #0000ff;\"><a href=\"http:\/\/aconteceunovale.com.br\/portal\/?p=142711\" target=\"_blank\"><span style=\"color: #0000ff; text-decoration: underline;\">&#8211; Presidente lamenta rompimento de barragem em Brumadinho<\/span><\/a><\/span><\/strong><\/span><\/p>\n<p><span style=\"text-decoration: underline;\"><strong><span style=\"color: #0000ff;\"><a href=\"http:\/\/aconteceunovale.com.br\/portal\/?p=142709\" target=\"_blank\"><span style=\"color: #0000ff; text-decoration: underline;\">&#8211; Minist\u00e9rio P\u00fablico envia equipe para avaliar danos ap\u00f3s rompimento de barragem da Vale<\/span><\/a><\/span><\/strong><\/span><\/p>\n<p><span style=\"text-decoration: underline;\"><strong><span style=\"color: #0000ff;\"><a href=\"http:\/\/aconteceunovale.com.br\/portal\/?p=142706\" target=\"_blank\"><span style=\"color: #0000ff; text-decoration: underline;\">&#8211; Mantenha dist\u00e2ncia do leito do Rio Paraopeba, alerta Prefeitura de Brumadinho<\/span><\/a><\/span><\/strong><\/span><\/p>\n<p><span style=\"text-decoration: underline;\"><strong><span style=\"color: #0000ff;\"><a href=\"http:\/\/aconteceunovale.com.br\/portal\/?p=142699\" target=\"_blank\"><span style=\"color: #0000ff; text-decoration: underline;\">&#8211; Bombeiros sobrevoam \u00e1rea afetada por rompimento de barragem da Vale<\/span><\/a><\/span><\/strong><\/span><\/p>\n<p><span style=\"text-decoration: underline;\"><strong><span style=\"color: #0000ff;\"><a href=\"http:\/\/aconteceunovale.com.br\/portal\/?p=142696\" target=\"_blank\"><span style=\"color: #0000ff; text-decoration: underline;\">&#8211; A\u00e7\u00f5es da Vale nos Estados Unidos caem 10% ap\u00f3s rompimento de barragem em Brumadinho<\/span><\/a><\/span><\/strong><\/span><\/p>\n<p><span style=\"text-decoration: underline;\"><strong><span style=\"color: #0000ff;\"><a href=\"http:\/\/aconteceunovale.com.br\/portal\/?p=142693\" target=\"_blank\"><span style=\"color: #0000ff; text-decoration: underline;\">&#8211; A cidade est\u00e1 um pandem\u00f4nio, relata moradora de Brumadinho<\/span><\/a><\/span><\/strong><\/span><\/p>\n<p><span style=\"text-decoration: underline;\"><strong><span style=\"color: #0000ff;\"><a href=\"http:\/\/aconteceunovale.com.br\/portal\/?p=142690\" target=\"_blank\"><span style=\"color: #0000ff; text-decoration: underline;\">&#8211; Instituto Inhotim \u00e9 evacuado ap\u00f3s rompimento de barragem da Vale<\/span><\/a><\/span><\/strong><\/span><\/p>\n<p><span style=\"text-decoration: underline;\"><strong><span style=\"color: #0000ff;\"><a href=\"http:\/\/aconteceunovale.com.br\/portal\/?p=142688\" target=\"_blank\"><span style=\"color: #0000ff; text-decoration: underline;\">&#8211; Defesa Civil Nacional vai a Brumadinho para avaliar situa\u00e7\u00e3o<\/span><\/a><\/span><\/strong><\/span><\/p>\n<p><span style=\"text-decoration: underline;\"><strong><span style=\"color: #0000ff;\"><a href=\"http:\/\/aconteceunovale.com.br\/portal\/?p=142674\" target=\"_blank\"><span style=\"color: #0000ff; text-decoration: underline;\">&#8211; Barragem da Vale se rompe na RMBH<\/span><\/a><\/span><\/strong><\/span><\/p>\n<h4><strong>V\u00eddeos da lama<\/strong><\/h4>\n<p><iframe loading=\"lazy\" width=\"560\" height=\"315\" src=\"https:\/\/www.youtube.com\/embed\/4Py4stIH8WQ\" frameborder=\"0\" allow=\"accelerometer; autoplay; encrypted-media; gyroscope; picture-in-picture\" allowfullscreen><\/iframe><br \/>\n<\/br><\/p>\n<p><iframe loading=\"lazy\" width=\"560\" height=\"315\" src=\"https:\/\/www.youtube.com\/embed\/BjPt1MN3_BE\" frameborder=\"0\" allow=\"accelerometer; autoplay; encrypted-media; gyroscope; picture-in-picture\" allowfullscreen><\/iframe><br \/>\n<\/br><\/p>\n<p><strong>VER PRIMEIRO<\/strong><\/p>\n<p>Receba as not\u00edcias do Aconteceu no Vale em primeira m\u00e3o. Clique em curtir no endere\u00e7o <a href=\"https:\/\/www.facebook.com\/aconteceunovale\" target=\"_blank\"><font color=\"red\">www.facebook.com\/aconteceunovale<\/font><\/a> ou no box abaixo:<\/p>\n<div class=\"fb-like\" data-href=\"https:\/\/www.facebook.com\/aconteceunovale\" data-width=\"120\" data-layout=\"standard\" data-action=\"like\" data-size=\"small\" data-show-faces=\"true\" data-share=\"true\"><\/div>\n<p><!-- Erro, o An\u00fancio n\u00e3o est\u00e1 dispon\u00edvel neste momento devido \u00e0s restri\u00e7\u00f5es de agendamento\/geolocaliza\u00e7\u00e3o! --><br \/>\n<\/br><\/p>\n<p><em>(Fonte: Ag\u00eancia Brasil)<\/em><\/p>\n","protected":false},"excerpt":{"rendered":"<p>Una represa con relaves mineros de Vale do Rio Doce estall\u00f3 en la ciudad de Brumadinho, cerca de la capital del estado, Belo Horizonte, en Minas Gerais. Los informes preliminares fueron entregados por la Defensa Civil. Un equipo de expertos se est\u00e1 dirigindo al lugar para una evaluaci\u00f3n m\u00e1s detallada. Vale tambi\u00e9n es responsable de [&hellip;]<\/p>\n","protected":false},"author":1,"featured_media":142691,"comment_status":"open","ping_status":"closed","sticky":false,"template":"","format":"standard","meta":{"amp_status":"","footnotes":""},"categories":[28848],"tags":[192681,192722,192697,192721,192683,192685,192689,192687,192720,192719,192678,192680,192684,192694,192679,192693,192696,192692,194,3679,192768,192774,192780,192773,192769,192775,192690,192781,192782,192779,192770,192777,192764,192765,192766,25822,192682,192686,192704,192705,192703,192688,192695,192691,192783,192735,192734,192737,192736,192771,192767,2910,129,192776,192778,192772,192702],"class_list":["post-142746","post","type-post","status-publish","format-standard","has-post-thumbnail","hentry","category-mundo","tag-acidente-barragem-da-vale","tag-acidente-barragem-mineradora-vale","tag-acidente-barragem-na-mina-feijao","tag-acidente-barragem-vale","tag-acidente-com-barragem-da-vale","tag-acidente-com-barragem-da-vale-em-brumadinho","tag-acidente-com-barragem-em-brumadinho","tag-acidente-em-brumadinho","tag-acidente-mineradora-vale","tag-acidente-vale","tag-barragem-da-mineradora-vale-se-rompe-na-regiao-metropolitana-de-belo-horizonte","tag-barragem-da-vale","tag-barragem-da-vale-em-brumadinho","tag-barragem-da-vale-se-rompe-em-brumadinho","tag-barragem-da-vale-se-rompe-na-regiao-metropolitana-de-belo-horizonte","tag-barragem-da-vale-se-rompe-na-rmbh","tag-barragem-na-mina-feijao","tag-barragem-rio-paraopeba","tag-belo-horizonte","tag-brumadinho","tag-cerca-de-la-capital-del-estado","tag-cuyo-colapso-en-noviembre-de-2015-dejo-19-muertos-y-distritos-destruidos","tag-dijo-la-empresa","tag-en-el-mismo-estado-sureno-de-brasil","tag-en-minas-gerais","tag-en-una-nota","tag-enchente-rio-paraopeba","tag-es-preservar-y-proteger-la-vida-de-los-trabajadores-y-los-miembros-de-la-comunidad","tag-la-alcaldia-de-la-ciudad-de-brumadinho-divulgo-en-su-cuenta-de-instagram-un-informe-en-el-cual-pide-a-los-lugarenos-mantenerse-alejados-del-lecho-del-rio-paraopeba","tag-la-prioridad","tag-los-informes-preliminares-fueron-entregados-por-la-defensa-civil","tag-no-se-ha-reportado-ningun-individuo-herido","tag-otra-presa-de-relaves-mineros-se-rompe-en-minas-gerais","tag-presa-de-relaves-mineros-se-rompe-en-minas-gerais","tag-presa-de-relaves-mineros-vale-se-rompe-en-minas-gerais","tag-rio-paraopeba","tag-rompimento-de-barragem-da-vale","tag-rompimento-de-barragem-da-vale-em-brumadinho","tag-rompimento-de-barragem-da-vale-em-brumadinho-25-de-janeiro","tag-rompimento-de-barragem-da-vale-em-brumadinho-25-de-janeiro-de-2019","tag-rompimento-de-barragem-da-vale-em-brumadinho-25012019","tag-rompimento-de-barragem-em-brumadinho","tag-rompimento-de-barragem-na-mina-feijao","tag-rompimento-de-barragem-rio-paraopeba","tag-rotura-de-presa","tag-tragedia-barragem-da-vale","tag-tragedia-em-brumadinho","tag-tragedia-mineradora-vale","tag-tragedia-vale","tag-un-equipo-de-expertos-se-esta-dirigindo-al-lugar-para-una-evaluacion-mas-detallada","tag-una-represa-con-relaves-mineros-de-vale-do-rio-doce-estallo-en-la-ciudad-de-brumadinho","tag-vale","tag-vale-do-rio-doce","tag-vale-do-rio-doce-declaro-que-los-primeros-datos-indican-que-los-residuos-alcanzaron-al-area-administrativa-de-la-compania-y-parte-de-la-comunidad-de-vila-ferteco","tag-vale-se-puso-en-contacto-con-el-departamento-de-bomberos-y-ha-iniciado-su-plan-de-emergencias-para-presas-el-comunicado-no-explica-la-causa-del-colapso","tag-vale-tambien-es-responsable-de-la-presa-de-desechos-de-mariana","tag-vila-ferteco"],"_links":{"self":[{"href":"https:\/\/aconteceunovale.com.br\/portal\/index.php?rest_route=\/wp\/v2\/posts\/142746","targetHints":{"allow":["GET"]}}],"collection":[{"href":"https:\/\/aconteceunovale.com.br\/portal\/index.php?rest_route=\/wp\/v2\/posts"}],"about":[{"href":"https:\/\/aconteceunovale.com.br\/portal\/index.php?rest_route=\/wp\/v2\/types\/post"}],"author":[{"embeddable":true,"href":"https:\/\/aconteceunovale.com.br\/portal\/index.php?rest_route=\/wp\/v2\/users\/1"}],"replies":[{"embeddable":true,"href":"https:\/\/aconteceunovale.com.br\/portal\/index.php?rest_route=%2Fwp%2Fv2%2Fcomments&post=142746"}],"version-history":[{"count":0,"href":"https:\/\/aconteceunovale.com.br\/portal\/index.php?rest_route=\/wp\/v2\/posts\/142746\/revisions"}],"wp:featuredmedia":[{"embeddable":true,"href":"https:\/\/aconteceunovale.com.br\/portal\/index.php?rest_route=\/wp\/v2\/media\/142691"}],"wp:attachment":[{"href":"https:\/\/aconteceunovale.com.br\/portal\/index.php?rest_route=%2Fwp%2Fv2%2Fmedia&parent=142746"}],"wp:term":[{"taxonomy":"category","embeddable":true,"href":"https:\/\/aconteceunovale.com.br\/portal\/index.php?rest_route=%2Fwp%2Fv2%2Fcategories&post=142746"},{"taxonomy":"post_tag","embeddable":true,"href":"https:\/\/aconteceunovale.com.br\/portal\/index.php?rest_route=%2Fwp%2Fv2%2Ftags&post=142746"}],"curies":[{"name":"wp","href":"https:\/\/api.w.org\/{rel}","templated":true}]}}