{"id":142744,"date":"2019-01-25T18:54:21","date_gmt":"2019-01-25T20:54:21","guid":{"rendered":"http:\/\/aconteceunovale.com.br\/portal\/?p=142744"},"modified":"2019-01-25T18:54:21","modified_gmt":"2019-01-25T20:54:21","slug":"another-dam-bursts-with-mineral-waste-in-minas-gerais","status":"publish","type":"post","link":"https:\/\/aconteceunovale.com.br\/portal\/?p=142744","title":{"rendered":"Another dam bursts with mineral waste in Minas Gerais"},"content":{"rendered":"<p>A dam with mineral waste of Vale do Rio Donce burst in the city of Brumadinho, near state capital Belo Horizonte, in Minas Gerais. The preliminary reports were given by the Civil Defense. A team of experts is being taken to the place for further assessment.<\/p>\n<p>Vale is also responsible for the waste dam in Mariana, in the same state in Southeast Brazil, whose collapse in November 2015 left 19 killed and districts destroyed.<\/p>\n<p>In a note, Vale do Rio Doce declared that the first pieces of information indicate that the waste reached the administrative area of the company and part of the Vila Ferteco community. No individuals have been reported injured on the scene. The firm contacted the Fire Department and has initiated its Assistance Plan for Dam Emergency. The cause of the collapse is not disclosed in the statement.<\/p>\n<p><center><br \/>\n<!-- Erro, o An\u00fancio n\u00e3o est\u00e1 dispon\u00edvel neste momento devido \u00e0s restri\u00e7\u00f5es de agendamento\/geolocaliza\u00e7\u00e3o! --><br \/>\n<\/br><br \/>\n<\/center><\/p>\n<p>The priority, the company said, is \u201cto preserve and protect the lives of workers and community members.\u201d<\/p>\n<p>Brumadinho city authorities posted on the city\u2019s Instagram page that locals should stay away from the bed of the Paraopeba river.<\/p>\n<p><strong><\/p>\n<h4>Fotos<\/h4>\n<p><\/strong><\/p>\n<p><img decoding=\"async\" src=\"http:\/\/aconteceunovale.com.br\/portal\/wp-content\/uploads\/2019\/01\/barragem_mg.jpg\" alt=\"\" \/><em>Divulga\u00e7\u00e3o\/CBMMG\/Reprodu\u00e7\u00e3o Aconteceu no Vale<\/em><br \/>\n<\/br><\/p>\n<p><img decoding=\"async\" src=\"http:\/\/aconteceunovale.com.br\/portal\/wp-content\/uploads\/2019\/01\/barragem_brumadinho_pandemonio.jpg\" alt=\"\" \/><em>Divulga\u00e7\u00e3o\/CBMMG\/Reprodu\u00e7\u00e3o Aconteceu no Vale<\/em><br \/>\n<\/br><\/p>\n<p><img decoding=\"async\" src=\"http:\/\/aconteceunovale.com.br\/portal\/wp-content\/uploads\/2019\/01\/barragem_vale_brumadinho_1.jpeg\" alt=\"\" \/><em>Divulga\u00e7\u00e3o\/CBMMG\/Reprodu\u00e7\u00e3o Aconteceu no Vale<\/em><br \/>\n<\/br><\/p>\n<p><img decoding=\"async\" src=\"http:\/\/aconteceunovale.com.br\/portal\/wp-content\/uploads\/2019\/01\/barragem_vale_brumadinho_2.jpg\" alt=\"\" \/><em>Divulga\u00e7\u00e3o\/CBMMG\/Reprodu\u00e7\u00e3o Aconteceu no Vale<\/em><br \/>\n<\/br><\/p>\n<p><strong><\/p>\n<h4>Leia mais<\/h4>\n<p><\/strong><\/p>\n<p><span style=\"text-decoration: underline;\"><strong><span style=\"color: #0000ff;\"><a href=\"http:\/\/aconteceunovale.com.br\/portal\/?p=142721\" target=\"_blank\"><span style=\"color: #0000ff; text-decoration: underline;\">&#8211; Corpo de Bombeiros estima que 200 pessoas est\u00e3o desaparecidas ap\u00f3s rompimento de barragem em Brumadinho<\/span><\/a><\/span><\/strong><\/span><\/p>\n<p><span style=\"text-decoration: underline;\"><strong><span style=\"color: #0000ff;\"><a href=\"http:\/\/aconteceunovale.com.br\/portal\/?p=142717\" target=\"_blank\"><span style=\"color: #0000ff; text-decoration: underline;\">&#8211; Hospital Jo\u00e3o XXIII recebe v\u00edtimas de rompimento da barragem em Brumadinho<\/span><\/a><\/span><\/strong><\/span><\/p>\n<p><span style=\"text-decoration: underline;\"><strong><span style=\"color: #0000ff;\"><a href=\"http:\/\/aconteceunovale.com.br\/portal\/?p=142715\" target=\"_blank\"><span style=\"color: #0000ff; text-decoration: underline;\">&#8211; Munic\u00edpios vizinhos a Brumadinho divulgam alertas \u00e0 popula\u00e7\u00e3o<\/span><\/a><\/span><\/strong><\/span><\/p>\n<p><span style=\"text-decoration: underline;\"><strong><span style=\"color: #0000ff;\"><a href=\"http:\/\/aconteceunovale.com.br\/portal\/?p=142713\" target=\"_blank\"><span style=\"color: #0000ff; text-decoration: underline;\">&#8211; Vale admite possibilidade de v\u00edtimas em rompimento de barragem em Minas<\/span><\/a><\/span><\/strong><\/span><\/p>\n<p><span style=\"text-decoration: underline;\"><strong><span style=\"color: #0000ff;\"><a href=\"http:\/\/aconteceunovale.com.br\/portal\/?p=142711\" target=\"_blank\"><span style=\"color: #0000ff; text-decoration: underline;\">&#8211; Presidente lamenta rompimento de barragem em Brumadinho<\/span><\/a><\/span><\/strong><\/span><\/p>\n<p><span style=\"text-decoration: underline;\"><strong><span style=\"color: #0000ff;\"><a href=\"http:\/\/aconteceunovale.com.br\/portal\/?p=142709\" target=\"_blank\"><span style=\"color: #0000ff; text-decoration: underline;\">&#8211; Minist\u00e9rio P\u00fablico envia equipe para avaliar danos ap\u00f3s rompimento de barragem da Vale<\/span><\/a><\/span><\/strong><\/span><\/p>\n<p><span style=\"text-decoration: underline;\"><strong><span style=\"color: #0000ff;\"><a href=\"http:\/\/aconteceunovale.com.br\/portal\/?p=142706\" target=\"_blank\"><span style=\"color: #0000ff; text-decoration: underline;\">&#8211; Mantenha dist\u00e2ncia do leito do Rio Paraopeba, alerta Prefeitura de Brumadinho<\/span><\/a><\/span><\/strong><\/span><\/p>\n<p><span style=\"text-decoration: underline;\"><strong><span style=\"color: #0000ff;\"><a href=\"http:\/\/aconteceunovale.com.br\/portal\/?p=142699\" target=\"_blank\"><span style=\"color: #0000ff; text-decoration: underline;\">&#8211; Bombeiros sobrevoam \u00e1rea afetada por rompimento de barragem da Vale<\/span><\/a><\/span><\/strong><\/span><\/p>\n<p><span style=\"text-decoration: underline;\"><strong><span style=\"color: #0000ff;\"><a href=\"http:\/\/aconteceunovale.com.br\/portal\/?p=142696\" target=\"_blank\"><span style=\"color: #0000ff; text-decoration: underline;\">&#8211; A\u00e7\u00f5es da Vale nos Estados Unidos caem 10% ap\u00f3s rompimento de barragem em Brumadinho<\/span><\/a><\/span><\/strong><\/span><\/p>\n<p><span style=\"text-decoration: underline;\"><strong><span style=\"color: #0000ff;\"><a href=\"http:\/\/aconteceunovale.com.br\/portal\/?p=142693\" target=\"_blank\"><span style=\"color: #0000ff; text-decoration: underline;\">&#8211; A cidade est\u00e1 um pandem\u00f4nio, relata moradora de Brumadinho<\/span><\/a><\/span><\/strong><\/span><\/p>\n<p><span style=\"text-decoration: underline;\"><strong><span style=\"color: #0000ff;\"><a href=\"http:\/\/aconteceunovale.com.br\/portal\/?p=142690\" target=\"_blank\"><span style=\"color: #0000ff; text-decoration: underline;\">&#8211; Instituto Inhotim \u00e9 evacuado ap\u00f3s rompimento de barragem da Vale<\/span><\/a><\/span><\/strong><\/span><\/p>\n<p><span style=\"text-decoration: underline;\"><strong><span style=\"color: #0000ff;\"><a href=\"http:\/\/aconteceunovale.com.br\/portal\/?p=142688\" target=\"_blank\"><span style=\"color: #0000ff; text-decoration: underline;\">&#8211; Defesa Civil Nacional vai a Brumadinho para avaliar situa\u00e7\u00e3o<\/span><\/a><\/span><\/strong><\/span><\/p>\n<p><span style=\"text-decoration: underline;\"><strong><span style=\"color: #0000ff;\"><a href=\"http:\/\/aconteceunovale.com.br\/portal\/?p=142674\" target=\"_blank\"><span style=\"color: #0000ff; text-decoration: underline;\">&#8211; Barragem da Vale se rompe na RMBH<\/span><\/a><\/span><\/strong><\/span><\/p>\n<h4><strong>V\u00eddeos da lama<\/strong><\/h4>\n<p><iframe loading=\"lazy\" width=\"560\" height=\"315\" src=\"https:\/\/www.youtube.com\/embed\/4Py4stIH8WQ\" frameborder=\"0\" allow=\"accelerometer; autoplay; encrypted-media; gyroscope; picture-in-picture\" allowfullscreen><\/iframe><br \/>\n<\/br><\/p>\n<p><iframe loading=\"lazy\" width=\"560\" height=\"315\" src=\"https:\/\/www.youtube.com\/embed\/BjPt1MN3_BE\" frameborder=\"0\" allow=\"accelerometer; autoplay; encrypted-media; gyroscope; picture-in-picture\" allowfullscreen><\/iframe><br \/>\n<\/br><\/p>\n<p><strong>VER PRIMEIRO<\/strong><\/p>\n<p>Receba as not\u00edcias do Aconteceu no Vale em primeira m\u00e3o. Clique em curtir no endere\u00e7o <a href=\"https:\/\/www.facebook.com\/aconteceunovale\" target=\"_blank\"><font color=\"red\">www.facebook.com\/aconteceunovale<\/font><\/a> ou no box abaixo:<\/p>\n<div class=\"fb-like\" data-href=\"https:\/\/www.facebook.com\/aconteceunovale\" data-width=\"120\" data-layout=\"standard\" data-action=\"like\" data-size=\"small\" data-show-faces=\"true\" data-share=\"true\"><\/div>\n<p><!-- Erro, o An\u00fancio n\u00e3o est\u00e1 dispon\u00edvel neste momento devido \u00e0s restri\u00e7\u00f5es de agendamento\/geolocaliza\u00e7\u00e3o! --><br \/>\n<\/br><\/p>\n<p><em>(Fonte: Ag\u00eancia Brasil)<\/em><\/p>\n","protected":false},"excerpt":{"rendered":"<p>A dam with mineral waste of Vale do Rio Donce burst in the city of Brumadinho, near state capital Belo Horizonte, in Minas Gerais. The preliminary reports were given by the Civil Defense. A team of experts is being taken to the place for further assessment. Vale is also responsible for the waste dam in [&hellip;]<\/p>\n","protected":false},"author":1,"featured_media":142677,"comment_status":"open","ping_status":"closed","sticky":false,"template":"","format":"standard","meta":{"amp_status":"","footnotes":""},"categories":[28848],"tags":[192752,192750,192759,192754,192757,192763,192753,192762,192755,192761,192760,192751,192756,192758],"class_list":["post-142744","post","type-post","status-publish","format-standard","has-post-thumbnail","hentry","category-mundo","tag-a-dam-with-mineral-waste-of-vale-do-rio-donce-burst-in-the-city-of-brumadinho","tag-another-dam-bursts-with-mineral-waste-in-minas-gerais","tag-in-a-note","tag-in-minas-gerais","tag-in-the-same-state-in-southeast-brazil","tag-is-to-preserve-and-protect-the-lives-of-workers-and-community-members-brumadinho-city-authorities-posted-on-the-citys-instagram-page-that-locals-should-stay-away-from-the-b","tag-near-state-capital-belo-horizonte","tag-the-company-said","tag-the-preliminary-reports-were-given-by-the-civil-defense-a-team-of-experts-is-being-taken-to-the-place-for-further-assessment","tag-the-priority","tag-vale-do-rio-doce-declared-that-the-first-pieces-of-information-indicate-that-the-waste-reached-the-administrative-area-of-the-company-and-part-of-the-vila-ferteco-community-no-individuals-have-been-r","tag-vale-do-rio-donce","tag-vale-is-also-responsible-for-the-waste-dam-in-mariana","tag-whose-collapse-in-november-2015-left-19-killed-and-districts-destroyed"],"_links":{"self":[{"href":"https:\/\/aconteceunovale.com.br\/portal\/index.php?rest_route=\/wp\/v2\/posts\/142744","targetHints":{"allow":["GET"]}}],"collection":[{"href":"https:\/\/aconteceunovale.com.br\/portal\/index.php?rest_route=\/wp\/v2\/posts"}],"about":[{"href":"https:\/\/aconteceunovale.com.br\/portal\/index.php?rest_route=\/wp\/v2\/types\/post"}],"author":[{"embeddable":true,"href":"https:\/\/aconteceunovale.com.br\/portal\/index.php?rest_route=\/wp\/v2\/users\/1"}],"replies":[{"embeddable":true,"href":"https:\/\/aconteceunovale.com.br\/portal\/index.php?rest_route=%2Fwp%2Fv2%2Fcomments&post=142744"}],"version-history":[{"count":0,"href":"https:\/\/aconteceunovale.com.br\/portal\/index.php?rest_route=\/wp\/v2\/posts\/142744\/revisions"}],"wp:featuredmedia":[{"embeddable":true,"href":"https:\/\/aconteceunovale.com.br\/portal\/index.php?rest_route=\/wp\/v2\/media\/142677"}],"wp:attachment":[{"href":"https:\/\/aconteceunovale.com.br\/portal\/index.php?rest_route=%2Fwp%2Fv2%2Fmedia&parent=142744"}],"wp:term":[{"taxonomy":"category","embeddable":true,"href":"https:\/\/aconteceunovale.com.br\/portal\/index.php?rest_route=%2Fwp%2Fv2%2Fcategories&post=142744"},{"taxonomy":"post_tag","embeddable":true,"href":"https:\/\/aconteceunovale.com.br\/portal\/index.php?rest_route=%2Fwp%2Fv2%2Ftags&post=142744"}],"curies":[{"name":"wp","href":"https:\/\/api.w.org\/{rel}","templated":true}]}}