{"id":142742,"date":"2019-01-25T18:50:18","date_gmt":"2019-01-25T20:50:18","guid":{"rendered":"http:\/\/aconteceunovale.com.br\/portal\/?p=142742"},"modified":"2019-01-25T18:50:18","modified_gmt":"2019-01-25T20:50:18","slug":"ministros-estao-a-caminho-de-brumadinho","status":"publish","type":"post","link":"https:\/\/aconteceunovale.com.br\/portal\/?p=142742","title":{"rendered":"Ministros est\u00e3o a caminho de Brumadinho"},"content":{"rendered":"<p>Ap\u00f3s o rompimento de uma barragem da Vale do Rio Doce em Brumadinho (MG), cidade pr\u00f3xima a Belo Horizonte, o presidente Jair Bolsonaro determinou a ida dos ministros do Meio Ambiente (Ricardo Salles), Desenvolvimento Regional (Gustavo Canuto) e Minas e Energia (Bento Albuquerque), al\u00e9m do secret\u00e1rio Nacional de Defesa Civil (Alexandre Lucas), para a regi\u00e3o.<\/p>\n<p>Em uma rede social, Bolsonaro disse lamentar o ocorrido e que &#8220;todas as provid\u00eancias cab\u00edveis est\u00e3o sendo tomadas&#8221; e que a maior preocupa\u00e7\u00e3o do governo \u00e9 &#8220;atender eventuais v\u00edtimas desta grave trag\u00e9dia&#8221;.<\/p>\n<p>Ainda n\u00e3o h\u00e1 informa\u00e7\u00f5es sobre v\u00edtimas, mas a mineradora Vale do Rio Doce divulgou nova nota, admitindo a possibilidade de v\u00edtimas no epis\u00f3dio. &#8220;Havia empregados na \u00e1rea administrativa, que foi atingida pelos rejeitos, indicando a possibilidade, ainda n\u00e3o confirmada, de v\u00edtimas&#8221;, disse a empresa em nota. At\u00e9 o momento, nenhum \u00f3rg\u00e3o p\u00fablico confirmou mortes no local.<\/p>\n<p><center><br \/>\n<!-- Erro, o An\u00fancio n\u00e3o est\u00e1 dispon\u00edvel neste momento devido \u00e0s restri\u00e7\u00f5es de agendamento\/geolocaliza\u00e7\u00e3o! --><br \/>\n<\/br><br \/>\n<\/center> <\/p>\n<p>Ainda de acordo com a empresa, as primeiras informa\u00e7\u00f5es indicam que os rejeitos atingiram a \u00e1rea administrativa da companhia e parte da comunidade da Vila Ferteco. A Vale informou que acionou o Corpo de Bombeiros e ativou o seu Plano de Atendimento a Emerg\u00eancias para Barragens, informou a empresa.<\/p>\n<p><strong>Minist\u00e9rio do Meio Ambiente<\/strong><\/p>\n<p>Em nota divulgada no in\u00edcio da tarde, o Minist\u00e9rio do Turismo lamentou o rompimento da barragem e se solidarizou com a comunidade afedada: &#8220;A Pasta entende que a maior preocupa\u00e7\u00e3o deve ser com as vidas impactadas pela trag\u00e9dia. Al\u00e9m de todos os danos ambientais, o rompimento afeta o Instituto Inhotim, maior centro de arte ao ar livre da Am\u00e9rica Latina e importante atrativo tur\u00edstico do Brasil&#8221;.<\/p>\n<p>A nota tamb\u00e9m informa que o minist\u00e9rio se colocou \u00e0 disposi\u00e7\u00e3o para trabalhar em parceria com outros \u00f3rg\u00e3os do governo para dar apoio \u00e0s fam\u00edlias atingidas e trabalhar na recupera\u00e7\u00e3o da regi\u00e3o &#8220;para minimizar o impacto da cat\u00e1strofe e, por meio do turismo, ajudar a comunidade a superar o trauma e retomar a vida&#8221;, conclui a nota.<\/p>\n<p><strong><\/p>\n<h4>Leia mais<\/h4>\n<p><\/strong><\/p>\n<p><span style=\"text-decoration: underline;\"><strong><span style=\"color: #0000ff;\"><a href=\"http:\/\/aconteceunovale.com.br\/portal\/?p=142721\" target=\"_blank\"><span style=\"color: #0000ff; text-decoration: underline;\">&#8211; Corpo de Bombeiros estima que 200 pessoas est\u00e3o desaparecidas ap\u00f3s rompimento de barragem em Brumadinho<\/span><\/a><\/span><\/strong><\/span><\/p>\n<p><span style=\"text-decoration: underline;\"><strong><span style=\"color: #0000ff;\"><a href=\"http:\/\/aconteceunovale.com.br\/portal\/?p=142717\" target=\"_blank\"><span style=\"color: #0000ff; text-decoration: underline;\">&#8211; Hospital Jo\u00e3o XXIII recebe v\u00edtimas de rompimento da barragem em Brumadinho<\/span><\/a><\/span><\/strong><\/span><\/p>\n<p><span style=\"text-decoration: underline;\"><strong><span style=\"color: #0000ff;\"><a href=\"http:\/\/aconteceunovale.com.br\/portal\/?p=142715\" target=\"_blank\"><span style=\"color: #0000ff; text-decoration: underline;\">&#8211; Munic\u00edpios vizinhos a Brumadinho divulgam alertas \u00e0 popula\u00e7\u00e3o<\/span><\/a><\/span><\/strong><\/span><\/p>\n<p><span style=\"text-decoration: underline;\"><strong><span style=\"color: #0000ff;\"><a href=\"http:\/\/aconteceunovale.com.br\/portal\/?p=142713\" target=\"_blank\"><span style=\"color: #0000ff; text-decoration: underline;\">&#8211; Vale admite possibilidade de v\u00edtimas em rompimento de barragem em Minas<\/span><\/a><\/span><\/strong><\/span><\/p>\n<p><span style=\"text-decoration: underline;\"><strong><span style=\"color: #0000ff;\"><a href=\"http:\/\/aconteceunovale.com.br\/portal\/?p=142711\" target=\"_blank\"><span style=\"color: #0000ff; text-decoration: underline;\">&#8211; Presidente lamenta rompimento de barragem em Brumadinho<\/span><\/a><\/span><\/strong><\/span><\/p>\n<p><span style=\"text-decoration: underline;\"><strong><span style=\"color: #0000ff;\"><a href=\"http:\/\/aconteceunovale.com.br\/portal\/?p=142709\" target=\"_blank\"><span style=\"color: #0000ff; text-decoration: underline;\">&#8211; Minist\u00e9rio P\u00fablico envia equipe para avaliar danos ap\u00f3s rompimento de barragem da Vale<\/span><\/a><\/span><\/strong><\/span><\/p>\n<p><span style=\"text-decoration: underline;\"><strong><span style=\"color: #0000ff;\"><a href=\"http:\/\/aconteceunovale.com.br\/portal\/?p=142706\" target=\"_blank\"><span style=\"color: #0000ff; text-decoration: underline;\">&#8211; Mantenha dist\u00e2ncia do leito do Rio Paraopeba, alerta Prefeitura de Brumadinho<\/span><\/a><\/span><\/strong><\/span><\/p>\n<p><span style=\"text-decoration: underline;\"><strong><span style=\"color: #0000ff;\"><a href=\"http:\/\/aconteceunovale.com.br\/portal\/?p=142699\" target=\"_blank\"><span style=\"color: #0000ff; text-decoration: underline;\">&#8211; Bombeiros sobrevoam \u00e1rea afetada por rompimento de barragem da Vale<\/span><\/a><\/span><\/strong><\/span><\/p>\n<p><span style=\"text-decoration: underline;\"><strong><span style=\"color: #0000ff;\"><a href=\"http:\/\/aconteceunovale.com.br\/portal\/?p=142696\" target=\"_blank\"><span style=\"color: #0000ff; text-decoration: underline;\">&#8211; A\u00e7\u00f5es da Vale nos Estados Unidos caem 10% ap\u00f3s rompimento de barragem em Brumadinho<\/span><\/a><\/span><\/strong><\/span><\/p>\n<p><span style=\"text-decoration: underline;\"><strong><span style=\"color: #0000ff;\"><a href=\"http:\/\/aconteceunovale.com.br\/portal\/?p=142693\" target=\"_blank\"><span style=\"color: #0000ff; text-decoration: underline;\">&#8211; A cidade est\u00e1 um pandem\u00f4nio, relata moradora de Brumadinho<\/span><\/a><\/span><\/strong><\/span><\/p>\n<p><span style=\"text-decoration: underline;\"><strong><span style=\"color: #0000ff;\"><a href=\"http:\/\/aconteceunovale.com.br\/portal\/?p=142690\" target=\"_blank\"><span style=\"color: #0000ff; text-decoration: underline;\">&#8211; Instituto Inhotim \u00e9 evacuado ap\u00f3s rompimento de barragem da Vale<\/span><\/a><\/span><\/strong><\/span><\/p>\n<p><span style=\"text-decoration: underline;\"><strong><span style=\"color: #0000ff;\"><a href=\"http:\/\/aconteceunovale.com.br\/portal\/?p=142688\" target=\"_blank\"><span style=\"color: #0000ff; text-decoration: underline;\">&#8211; Defesa Civil Nacional vai a Brumadinho para avaliar situa\u00e7\u00e3o<\/span><\/a><\/span><\/strong><\/span><\/p>\n<p><span style=\"text-decoration: underline;\"><strong><span style=\"color: #0000ff;\"><a href=\"http:\/\/aconteceunovale.com.br\/portal\/?p=142674\" target=\"_blank\"><span style=\"color: #0000ff; text-decoration: underline;\">&#8211; Barragem da Vale se rompe na RMBH<\/span><\/a><\/span><\/strong><\/span><\/p>\n<h4><strong>V\u00eddeos da lama<\/strong><\/h4>\n<p><iframe loading=\"lazy\" width=\"560\" height=\"315\" src=\"https:\/\/www.youtube.com\/embed\/4Py4stIH8WQ\" frameborder=\"0\" allow=\"accelerometer; autoplay; encrypted-media; gyroscope; picture-in-picture\" allowfullscreen><\/iframe><br \/>\n<\/br><\/p>\n<p><iframe loading=\"lazy\" width=\"560\" height=\"315\" src=\"https:\/\/www.youtube.com\/embed\/BjPt1MN3_BE\" frameborder=\"0\" allow=\"accelerometer; autoplay; encrypted-media; gyroscope; picture-in-picture\" allowfullscreen><\/iframe><br \/>\n<\/br><\/p>\n<p><strong>VER PRIMEIRO<\/strong><\/p>\n<p>Receba as not\u00edcias do Aconteceu no Vale em primeira m\u00e3o. Clique em curtir no endere\u00e7o <a href=\"https:\/\/www.facebook.com\/aconteceunovale\" target=\"_blank\"><font color=\"red\">www.facebook.com\/aconteceunovale<\/font><\/a> ou no box abaixo:<\/p>\n<div class=\"fb-like\" data-href=\"https:\/\/www.facebook.com\/aconteceunovale\" data-width=\"120\" data-layout=\"standard\" data-action=\"like\" data-size=\"small\" data-show-faces=\"true\" data-share=\"true\"><\/div>\n<p><!-- Erro, o An\u00fancio n\u00e3o est\u00e1 dispon\u00edvel neste momento devido \u00e0s restri\u00e7\u00f5es de agendamento\/geolocaliza\u00e7\u00e3o! --><br \/>\n<\/br><\/p>\n<p><em>(Fonte: Ag\u00eancia Brasil)<\/em><\/p>\n","protected":false},"excerpt":{"rendered":"<p>Ap\u00f3s o rompimento de uma barragem da Vale do Rio Doce em Brumadinho (MG), cidade pr\u00f3xima a Belo Horizonte, o presidente Jair Bolsonaro determinou a ida dos ministros do Meio Ambiente (Ricardo Salles), Desenvolvimento Regional (Gustavo Canuto) e Minas e Energia (Bento Albuquerque), al\u00e9m do secret\u00e1rio Nacional de Defesa Civil (Alexandre Lucas), para a regi\u00e3o. [&hellip;]<\/p>\n","protected":false},"author":1,"featured_media":142676,"comment_status":"open","ping_status":"closed","sticky":false,"template":"","format":"standard","meta":{"amp_status":"","footnotes":""},"categories":[6,123,40240],"tags":[192681,192722,192697,192721,192683,192685,192689,192687,192720,192719,192678,192680,192684,192694,192679,192693,192696,192692,3679,192690,192749,25822,192682,192686,192704,192705,192703,192688,192695,192691,192735,192734,192737,192736,2910,192702],"class_list":["post-142742","post","type-post","status-publish","format-standard","has-post-thumbnail","hentry","category-br","category-gerais","category-politica-2","tag-acidente-barragem-da-vale","tag-acidente-barragem-mineradora-vale","tag-acidente-barragem-na-mina-feijao","tag-acidente-barragem-vale","tag-acidente-com-barragem-da-vale","tag-acidente-com-barragem-da-vale-em-brumadinho","tag-acidente-com-barragem-em-brumadinho","tag-acidente-em-brumadinho","tag-acidente-mineradora-vale","tag-acidente-vale","tag-barragem-da-mineradora-vale-se-rompe-na-regiao-metropolitana-de-belo-horizonte","tag-barragem-da-vale","tag-barragem-da-vale-em-brumadinho","tag-barragem-da-vale-se-rompe-em-brumadinho","tag-barragem-da-vale-se-rompe-na-regiao-metropolitana-de-belo-horizonte","tag-barragem-da-vale-se-rompe-na-rmbh","tag-barragem-na-mina-feijao","tag-barragem-rio-paraopeba","tag-brumadinho","tag-enchente-rio-paraopeba","tag-ministros-estao-a-caminho-de-brumadinho","tag-rio-paraopeba","tag-rompimento-de-barragem-da-vale","tag-rompimento-de-barragem-da-vale-em-brumadinho","tag-rompimento-de-barragem-da-vale-em-brumadinho-25-de-janeiro","tag-rompimento-de-barragem-da-vale-em-brumadinho-25-de-janeiro-de-2019","tag-rompimento-de-barragem-da-vale-em-brumadinho-25012019","tag-rompimento-de-barragem-em-brumadinho","tag-rompimento-de-barragem-na-mina-feijao","tag-rompimento-de-barragem-rio-paraopeba","tag-tragedia-barragem-da-vale","tag-tragedia-em-brumadinho","tag-tragedia-mineradora-vale","tag-tragedia-vale","tag-vale","tag-vila-ferteco"],"_links":{"self":[{"href":"https:\/\/aconteceunovale.com.br\/portal\/index.php?rest_route=\/wp\/v2\/posts\/142742","targetHints":{"allow":["GET"]}}],"collection":[{"href":"https:\/\/aconteceunovale.com.br\/portal\/index.php?rest_route=\/wp\/v2\/posts"}],"about":[{"href":"https:\/\/aconteceunovale.com.br\/portal\/index.php?rest_route=\/wp\/v2\/types\/post"}],"author":[{"embeddable":true,"href":"https:\/\/aconteceunovale.com.br\/portal\/index.php?rest_route=\/wp\/v2\/users\/1"}],"replies":[{"embeddable":true,"href":"https:\/\/aconteceunovale.com.br\/portal\/index.php?rest_route=%2Fwp%2Fv2%2Fcomments&post=142742"}],"version-history":[{"count":0,"href":"https:\/\/aconteceunovale.com.br\/portal\/index.php?rest_route=\/wp\/v2\/posts\/142742\/revisions"}],"wp:featuredmedia":[{"embeddable":true,"href":"https:\/\/aconteceunovale.com.br\/portal\/index.php?rest_route=\/wp\/v2\/media\/142676"}],"wp:attachment":[{"href":"https:\/\/aconteceunovale.com.br\/portal\/index.php?rest_route=%2Fwp%2Fv2%2Fmedia&parent=142742"}],"wp:term":[{"taxonomy":"category","embeddable":true,"href":"https:\/\/aconteceunovale.com.br\/portal\/index.php?rest_route=%2Fwp%2Fv2%2Fcategories&post=142742"},{"taxonomy":"post_tag","embeddable":true,"href":"https:\/\/aconteceunovale.com.br\/portal\/index.php?rest_route=%2Fwp%2Fv2%2Ftags&post=142742"}],"curies":[{"name":"wp","href":"https:\/\/api.w.org\/{rel}","templated":true}]}}