{"id":142668,"date":"2019-01-25T13:52:14","date_gmt":"2019-01-25T15:52:14","guid":{"rendered":"http:\/\/aconteceunovale.com.br\/portal\/?p=142668"},"modified":"2019-01-25T13:52:14","modified_gmt":"2019-01-25T15:52:14","slug":"romeu-zema-anuncia-pagamento-integral-das-verbas-das-prefeituras-relativas-ao-mes-de-fevereiro","status":"publish","type":"post","link":"https:\/\/aconteceunovale.com.br\/portal\/?p=142668","title":{"rendered":"Romeu Zema anuncia pagamento integral das verbas das prefeituras relativas ao m\u00eas de fevereiro"},"content":{"rendered":"<p>O governador de Minas Gerais, Romeu Zema, anunciou nesta quinta-feira (24\/1), em Varginha, no Sul do Estado, que, em at\u00e9 no m\u00e1ximo dez dias, o governo estadual vai fazer os repasses relativos ao m\u00eas de fevereiro sem atrasos para as prefeituras mineiras. O comunicado foi feito durante encontro com dezenas de prefeitos de associa\u00e7\u00f5es de munic\u00edpios da regi\u00e3o.<\/p>\n<p>&#8220;Em at\u00e9 dez dias n\u00f3s faremos os repasses para os munic\u00edpios sem atraso. Essa, com toda certeza, \u00e9 uma not\u00edcia muito desejada pelos prefeitos porque, nos \u00faltimos anos, isso praticamente n\u00e3o aconteceu. E n\u00f3s estamos assumindo esse compromisso extremamente dif\u00edcil porque vamos fazer um esfor\u00e7o enorme para equilibrar as contas&#8221;, afirmou o governador.<\/p>\n<p>Romeu Zema enfatizou o seu compromisso em atuar junto aos prefeitos para trabalhar no processo de recupera\u00e7\u00e3o da economia do Estado. &#8220;Quero deixar muito claro que eu estou junto com voc\u00eas e vou vir aqui muitas vezes conversar. Como empres\u00e1rio, eu visitava minhas lojas e era assim que eu sabia dos problemas, n\u00e3o \u00e9 ficando dentro de um gabinete. Quem quer ganhar uma guerra tem que saber do que se passa dentro do campo de batalhas, e \u00e9 desse jeito que n\u00f3s vamos fazer&#8221;, ressaltou.<\/p>\n<p><center><br \/>\n<!-- Erro, o An\u00fancio n\u00e3o est\u00e1 dispon\u00edvel neste momento devido \u00e0s restri\u00e7\u00f5es de agendamento\/geolocaliza\u00e7\u00e3o! --><br \/>\n<\/br><br \/>\n<\/center><\/p>\n<p>Um dos pontos abordados pelo governador em seu discurso, quando pediu apoio dos prefeitos, foi em rela\u00e7\u00e3o \u00e0 volta das aulas de forma a n\u00e3o prejudicar o calend\u00e1rio escolar. Romeu Zema lembrou que o repasse do Fundo de Manuten\u00e7\u00e3o e Desenvolvimento da Educa\u00e7\u00e3o B\u00e1sica (Fundeb) referente a essa gest\u00e3o est\u00e1 em dia. &#8220;Preciso muito do apoio de voc\u00eas na quest\u00e3o de reiniciarmos as aulas. Sei que alguns prefeitos estavam com dificuldade, mas o Fundeb est\u00e1 em dia. Vamos trabalhar intensamente para que as aulas comecem e que nenhum aluno seja prejudicado&#8221;, disse.<\/p>\n<p>O governador tamb\u00e9m citou a import\u00e2ncia da participa\u00e7\u00e3o dos gestores municipais na aprova\u00e7\u00e3o de medidas de ajustes nas contas do Estado. &#8220;Quero pedir tamb\u00e9m a colabora\u00e7\u00e3o de voc\u00eas no sentido de apoiar as reformas que n\u00f3s vamos fazer e que precisam de aprova\u00e7\u00e3o da Assembleia Legislativa e, muitos de voc\u00eas, t\u00eam contato com os deputados estaduais. Sem as reformas, esse equil\u00edbrio que n\u00f3s estamos conseguindo, n\u00e3o garanto at\u00e9 quando ele vai durar&#8221;.<\/p>\n<p>Romeu Zema tamb\u00e9m pontuou a necessidade de Minas aderir ao programa de recupera\u00e7\u00e3o fiscal da Uni\u00e3o para os Estados. &#8220;Existem neste pacote algumas medidas impopulares, mas, voc\u00eas sabem muito bem, que se n\u00e3o fizermos agora um corte de dez cent\u00edmetros para tirar o tumor, daqui um ano esse corte vai ser de 30 cent\u00edmetros para tirar um tumor gigantesco. A interven\u00e7\u00e3o vai ser muito pior do que agora. Ent\u00e3o, n\u00e3o h\u00e1 sa\u00edda a n\u00e3o ser a de reestrutura\u00e7\u00e3o que depende muito do Legislativo. Dentro do Executivo eu estou fazendo tudo que est\u00e1 ao meu alcance&#8221;, explicou.<\/p>\n<p><img decoding=\"async\" src=\"http:\/\/aconteceunovale.com.br\/portal\/wp-content\/uploads\/2019\/01\/zema_varginha.jpg\" alt=\"\" \/><em>Foto: Gil Leonardi\/Imprensa MG<\/em><br \/>\n<\/br><\/p>\n<p><strong>Apoio<\/strong><\/p>\n<p>O presidente da Associa\u00e7\u00e3o dos Munic\u00edpios do Lago de Furnas (Alago), prefeito de Capit\u00f3lio, Jos\u00e9 Eduardo Terra, afirma que os prefeitos estavam vivendo um clima de incerteza, mas que a not\u00edcia dada pelo governador muda esse panorama. &#8220;Estamos aliviados e alegres ap\u00f3s ouvir o governador. O gesto do senhor representa o que esperamos pelos pr\u00f3ximos quatro anos&#8221;, disse.<\/p>\n<p>J\u00e1 o presidente da Associa\u00e7\u00e3o dos Munic\u00edpios da Microrregi\u00e3o do Circuito das \u00c1guas (Amag), prefeito de Caxamb\u00fa, Diogo Curi, reafirmou o compromisso dos gestores municipais em serem parceiros do Estado, e defendeu o in\u00edcio do ano letivo das escolas na data programada, dia 7 de fevereiro. &#8220;Ter um retorno como esse, hoje, s\u00f3 refor\u00e7a a import\u00e2ncia da parceria entre munic\u00edpios e o Estado. Acredito que n\u00e3o h\u00e1 mais motivos para o adiamento das aulas&#8221;, completou.<\/p>\n<p><strong>Di\u00e1logo<\/strong><\/p>\n<p>A primeira agenda do governador em Varginha, nesta quinta-feira, foi uma reuni\u00e3o de trabalho com empres\u00e1rios do Sul de Minas e de S\u00e3o Paulo. Durante o encontro, que aconteceu no Porto Seco Sul de Minas, Romeu Zema fez um panorama das a\u00e7\u00f5es desenvolvidas pela sua gest\u00e3o nestes pouco mais de 20 dias de trabalho e destacou alguns pontos importantes, como o d\u00e9ficit preocupante nas contas.<\/p>\n<p>&#8220;Em tr\u00eas semanas \u00e9 l\u00f3gico que n\u00e3o \u00e9 poss\u00edvel fazer muita coisa, mas n\u00f3s j\u00e1 vimos que a situa\u00e7\u00e3o do Estado \u00e9 grav\u00edssima, muito mais grave do que a antiga administra\u00e7\u00e3o demonstrava. Um exemplo \u00e9 quando se dizia que o Estado estava dispendendo 60% da sua receita com a folha de pagamento, mas, na verdade, esse n\u00famero \u00e9 de 80%&#8221;, explicou.<\/p>\n<p>Para come\u00e7ar a solucionar os problemas, o governador explicou que atitudes como a &#8220;exonera\u00e7\u00e3o dos cargos de indica\u00e7\u00e3o pol\u00edtica&#8221; foram tomadas. &#8220;Foram 6.000 pessoas (demitidas). Tivemos que recontratar mil desses imediatamente porque muitos ocupavam cargos para deixar a m\u00e1quina operando. Mas os casos est\u00e3o sendo analisados e faremos processos seletivos para todos esses cargos&#8221;, pontuou.<\/p>\n<p>Ainda segundo o governador, as contas est\u00e3o sendo analisados e as perspectivas de melhora s\u00e3o boas. &#8220;Posso dizer o seguinte: n\u00e3o temos medido esfor\u00e7os. Eu falo que a situa\u00e7\u00e3o \u00e9 grav\u00edssima, o rombo \u00e9 gigantesco, mas temos um Estado rico, com uma economia diversificada. Minas Gerais \u00e9 um Estado estruturado, s\u00f3 que come\u00e7ou a gastar demais&#8221;, completou durante o encontro, que reuniu dezenas de empres\u00e1rios para apresenta\u00e7\u00e3o de demandas e discutir a\u00e7\u00f5es em parceria com o Estado.<\/p>\n<p><strong>Austeridade<\/strong><\/p>\n<p>Romeu Zema destacou que, em menos de um m\u00eas \u00e0 frente do Estado, a nova gest\u00e3o j\u00e1 tomou medidas pr\u00e1ticas para enxugar a m\u00e1quina p\u00fablica e torn\u00e1-la mais eficiente.<\/p>\n<p>&#8220;O \u00faltimo governador tinha na resid\u00eancia oficial, sem considerar a seguran\u00e7a, 32 pessoas trabalhando. Eu vou morar em uma resid\u00eancia que eu aluguei, sem nenhum funcion\u00e1rio do Estado. O meu secretariado tem trabalhado arduamente tamb\u00e9m para reduzir despesas e desperd\u00edcios para tornar a m\u00e1quina p\u00fablica mais eficiente. Eu tenho visto que o Estado de Minas tem uma estrutura robusta, porque \u00e9 um estado muito superior \u00e0 m\u00e9dia nacional, mas que nos \u00faltimos anos foi afetado de forma muito intensa por uma quantidade enorme de cargos e de pessoas que estavam ali para n\u00e3o trazer uma boa gest\u00e3o, mas para usufruir ao m\u00e1ximo daquela situa\u00e7\u00e3o, ent\u00e3o \u00e9 pass\u00edvel de muitas melhorias&#8221;, disse.<\/p>\n<p>O governador ainda lembrou que outra importante mudan\u00e7a de atitude foi a sele\u00e7\u00e3o de secret\u00e1rios por qualifica\u00e7\u00e3o, sem qualquer influ\u00eancia pol\u00edtica. &#8220;Estou muito satisfeito que nessas tr\u00eas semanas os trabalhos avan\u00e7aram muito, os secret\u00e1rios est\u00e3o bastante empolgados com a quantidade de melhorias que eles podem trazer&#8221;, finalizou.<\/p>\n<p><strong>VER PRIMEIRO<\/strong><\/p>\n<p>Receba as not\u00edcias do Aconteceu no Vale em primeira m\u00e3o. Clique em curtir no endere\u00e7o <a href=\"https:\/\/www.facebook.com\/aconteceunovale\" target=\"_blank\"><font color=\"red\">www.facebook.com\/aconteceunovale<\/font><\/a> ou no box abaixo:<\/p>\n<div class=\"fb-like\" data-href=\"https:\/\/www.facebook.com\/aconteceunovale\" data-width=\"120\" data-layout=\"standard\" data-action=\"like\" data-size=\"small\" data-show-faces=\"true\" data-share=\"true\"><\/div>\n<p><!-- Erro, o An\u00fancio n\u00e3o est\u00e1 dispon\u00edvel neste momento devido \u00e0s restri\u00e7\u00f5es de agendamento\/geolocaliza\u00e7\u00e3o! --><br \/>\n<\/br><\/p>\n<p><em>(Fonte: Ag\u00eancia Minas)<\/em><\/p>\n","protected":false},"excerpt":{"rendered":"<p>O governador de Minas Gerais, Romeu Zema, anunciou nesta quinta-feira (24\/1), em Varginha, no Sul do Estado, que, em at\u00e9 no m\u00e1ximo dez dias, o governo estadual vai fazer os repasses relativos ao m\u00eas de fevereiro sem atrasos para as prefeituras mineiras. O comunicado foi feito durante encontro com dezenas de prefeitos de associa\u00e7\u00f5es de [&hellip;]<\/p>\n","protected":false},"author":1,"featured_media":142669,"comment_status":"open","ping_status":"closed","sticky":false,"template":"","format":"standard","meta":{"amp_status":"","footnotes":""},"categories":[40240],"tags":[17334,177497,178207,192665,192664,223,192663],"class_list":["post-142668","post","type-post","status-publish","format-standard","has-post-thumbnail","hentry","category-politica-2","tag-governador-de-minas-gerais","tag-novo","tag-romeu-zema","tag-romeu-zema-anuncia-pagamento-integral-das-verbas-das-prefeituras-relativas-ao-mes-de-fevereiro","tag-romeu-zema-em-varginha","tag-varginha","tag-zema-em-varginha"],"_links":{"self":[{"href":"https:\/\/aconteceunovale.com.br\/portal\/index.php?rest_route=\/wp\/v2\/posts\/142668","targetHints":{"allow":["GET"]}}],"collection":[{"href":"https:\/\/aconteceunovale.com.br\/portal\/index.php?rest_route=\/wp\/v2\/posts"}],"about":[{"href":"https:\/\/aconteceunovale.com.br\/portal\/index.php?rest_route=\/wp\/v2\/types\/post"}],"author":[{"embeddable":true,"href":"https:\/\/aconteceunovale.com.br\/portal\/index.php?rest_route=\/wp\/v2\/users\/1"}],"replies":[{"embeddable":true,"href":"https:\/\/aconteceunovale.com.br\/portal\/index.php?rest_route=%2Fwp%2Fv2%2Fcomments&post=142668"}],"version-history":[{"count":0,"href":"https:\/\/aconteceunovale.com.br\/portal\/index.php?rest_route=\/wp\/v2\/posts\/142668\/revisions"}],"wp:featuredmedia":[{"embeddable":true,"href":"https:\/\/aconteceunovale.com.br\/portal\/index.php?rest_route=\/wp\/v2\/media\/142669"}],"wp:attachment":[{"href":"https:\/\/aconteceunovale.com.br\/portal\/index.php?rest_route=%2Fwp%2Fv2%2Fmedia&parent=142668"}],"wp:term":[{"taxonomy":"category","embeddable":true,"href":"https:\/\/aconteceunovale.com.br\/portal\/index.php?rest_route=%2Fwp%2Fv2%2Fcategories&post=142668"},{"taxonomy":"post_tag","embeddable":true,"href":"https:\/\/aconteceunovale.com.br\/portal\/index.php?rest_route=%2Fwp%2Fv2%2Ftags&post=142668"}],"curies":[{"name":"wp","href":"https:\/\/api.w.org\/{rel}","templated":true}]}}