{"id":142666,"date":"2019-01-25T13:38:18","date_gmt":"2019-01-25T15:38:18","guid":{"rendered":"http:\/\/aconteceunovale.com.br\/portal\/?p=142666"},"modified":"2019-01-25T13:38:18","modified_gmt":"2019-01-25T15:38:18","slug":"adolescente-e-agredido-com-golpes-de-facao-em-sao-francisco-no-norte-de-minas","status":"publish","type":"post","link":"https:\/\/aconteceunovale.com.br\/portal\/?p=142666","title":{"rendered":"Adolescente \u00e9 agredido com golpes de fac\u00e3o em S\u00e3o Francisco, no Norte de Minas"},"content":{"rendered":"<p>Um adolescente de 16 anos ficou ferido ap\u00f3s ser atingido com golpes de fac\u00e3o em S\u00e3o Francisco, no Norte de Minas, na noite dessa quinta-feira (24). O crime aconteceu no Bairro Sagrada Fam\u00edlia e segundo a Pol\u00edcia Militar (PM), a v\u00edtima relatou que estava levando a namorada pra casa de bicicleta, quando foi abordado pelo suspeito que efetuou os golpes.<\/p>\n<p><center><br \/>\n<!-- Erro, o An\u00fancio n\u00e3o est\u00e1 dispon\u00edvel neste momento devido \u00e0s restri\u00e7\u00f5es de agendamento\/geolocaliza\u00e7\u00e3o! --><br \/>\n<\/br><br \/>\n<\/center><\/p>\n<p>O jovem foi socorrido pelo Samu e encaminhado ao hospital da cidade com ferimentos na cabe\u00e7a e nas costas. Ele recebeu atendimento e foi liberado.<\/p>\n<p>Ainda de acordo com a PM, o suspeito do crime tamb\u00e9m \u00e9 um adolescente e ele ainda n\u00e3o foi detido. A pol\u00edcia informou que a v\u00edtima tem envolvimento com furto, roubo e homic\u00eddio.<\/p>\n<p><strong>VER PRIMEIRO<\/strong><\/p>\n<p>Receba as not\u00edcias do Aconteceu no Vale em primeira m\u00e3o. Clique em curtir no endere\u00e7o <a href=\"https:\/\/www.facebook.com\/aconteceunovale\" target=\"_blank\"><font color=\"red\">www.facebook.com\/aconteceunovale<\/font><\/a> ou no box abaixo:<\/p>\n<div class=\"fb-like\" data-href=\"https:\/\/www.facebook.com\/aconteceunovale\" data-width=\"120\" data-layout=\"standard\" data-action=\"like\" data-size=\"small\" data-show-faces=\"true\" data-share=\"true\"><\/div>\n<p><!-- Erro, o An\u00fancio n\u00e3o est\u00e1 dispon\u00edvel neste momento devido \u00e0s restri\u00e7\u00f5es de agendamento\/geolocaliza\u00e7\u00e3o! --><br \/>\n<\/br><\/p>\n<p><em>(Fonte: G1 Grande Minas)<\/em><\/p>\n","protected":false},"excerpt":{"rendered":"<p>Um adolescente de 16 anos ficou ferido ap\u00f3s ser atingido com golpes de fac\u00e3o em S\u00e3o Francisco, no Norte de Minas, na noite dessa quinta-feira (24). O crime aconteceu no Bairro Sagrada Fam\u00edlia e segundo a Pol\u00edcia Militar (PM), a v\u00edtima relatou que estava levando a namorada pra casa de bicicleta, quando foi abordado pelo [&hellip;]<\/p>\n","protected":false},"author":1,"featured_media":71442,"comment_status":"open","ping_status":"closed","sticky":false,"template":"","format":"standard","meta":{"amp_status":"","footnotes":""},"categories":[1236],"tags":[192662,192660,192661,1522,44591],"class_list":["post-142666","post","type-post","status-publish","format-standard","has-post-thumbnail","hentry","category-norte_de_minas","tag-adolescente-e-agredido-com-golpes-de-facao-em-sao-francisco","tag-agredido-com-facao-em-sao-francisco","tag-golpes-de-facao-em-sao-francisco","tag-sao-francisco","tag-tentativa-de-homicidio-em-sao-francisco"],"_links":{"self":[{"href":"https:\/\/aconteceunovale.com.br\/portal\/index.php?rest_route=\/wp\/v2\/posts\/142666","targetHints":{"allow":["GET"]}}],"collection":[{"href":"https:\/\/aconteceunovale.com.br\/portal\/index.php?rest_route=\/wp\/v2\/posts"}],"about":[{"href":"https:\/\/aconteceunovale.com.br\/portal\/index.php?rest_route=\/wp\/v2\/types\/post"}],"author":[{"embeddable":true,"href":"https:\/\/aconteceunovale.com.br\/portal\/index.php?rest_route=\/wp\/v2\/users\/1"}],"replies":[{"embeddable":true,"href":"https:\/\/aconteceunovale.com.br\/portal\/index.php?rest_route=%2Fwp%2Fv2%2Fcomments&post=142666"}],"version-history":[{"count":0,"href":"https:\/\/aconteceunovale.com.br\/portal\/index.php?rest_route=\/wp\/v2\/posts\/142666\/revisions"}],"wp:featuredmedia":[{"embeddable":true,"href":"https:\/\/aconteceunovale.com.br\/portal\/index.php?rest_route=\/wp\/v2\/media\/71442"}],"wp:attachment":[{"href":"https:\/\/aconteceunovale.com.br\/portal\/index.php?rest_route=%2Fwp%2Fv2%2Fmedia&parent=142666"}],"wp:term":[{"taxonomy":"category","embeddable":true,"href":"https:\/\/aconteceunovale.com.br\/portal\/index.php?rest_route=%2Fwp%2Fv2%2Fcategories&post=142666"},{"taxonomy":"post_tag","embeddable":true,"href":"https:\/\/aconteceunovale.com.br\/portal\/index.php?rest_route=%2Fwp%2Fv2%2Ftags&post=142666"}],"curies":[{"name":"wp","href":"https:\/\/api.w.org\/{rel}","templated":true}]}}