{"id":142663,"date":"2019-01-25T13:23:17","date_gmt":"2019-01-25T15:23:17","guid":{"rendered":"http:\/\/aconteceunovale.com.br\/portal\/?p=142663"},"modified":"2019-01-25T13:23:17","modified_gmt":"2019-01-25T15:23:17","slug":"motorista-de-onibus-clandestino-e-preso-no-norte-de-minas-com-habilitacao-adulterada","status":"publish","type":"post","link":"https:\/\/aconteceunovale.com.br\/portal\/?p=142663","title":{"rendered":"Motorista de \u00f4nibus clandestino \u00e9 preso no Norte de Minas com habilita\u00e7\u00e3o adulterada"},"content":{"rendered":"<p>Um homem de 36 anos foi preso na MGC-122, no Norte de Minas, na noite dessa quinta-feira (24\/01\/2019), suspeito de conduzir um \u00f4nibus clandestino sem habilita\u00e7\u00e3o para o tipo de transporte. Segundo informa\u00e7\u00f5es da Pol\u00edcia Militar Rodovi\u00e1ria, o ve\u00edculo foi parado em uma fiscaliza\u00e7\u00e3o de rotina pr\u00f3ximo a Capit\u00e3o En\u00e9as e os militares perceberam que a CNH do motorista havia sido adulterada. Ele teria transformado a letra \u201cB\u201d impressa na carteira em letra \u201cD\u201d.<\/p>\n<p>Para a pol\u00edcia, o objetivo do suspeito era simular que era habilitado na categoria que permite a condu\u00e7\u00e3o de ve\u00edculos com mais de oito lugares. A CNH dele era um documento oficial, mas na categoria \u201cB\u201d, que permitia a dire\u00e7\u00e3o de carros cujo peso bruto total n\u00e3o exceda a 3500kg. Os militares acreditam que ele j\u00e1 atuava como motorista h\u00e1 algum tempo.<\/p>\n<p>O \u00f4nibus n\u00e3o tinha autoriza\u00e7\u00e3o para fazer rotas interestaduais e foi autuado. Segundo a PM, o ve\u00edculo partiu de Guanambi (BA) e seguiria at\u00e9 S\u00e3o Paulo. O coletivo foi liberado ap\u00f3s a autua\u00e7\u00e3o para que um motorista habilitado terminasse a rota. O condutor com CNH adulterada foi levado para a delegacia.<\/p>\n<p><center><br \/>\n<!-- Erro, o An\u00fancio n\u00e3o est\u00e1 dispon\u00edvel neste momento devido \u00e0s restri\u00e7\u00f5es de agendamento\/geolocaliza\u00e7\u00e3o! --><br \/>\n<\/br><br \/>\n<\/center><\/p>\n<p><img decoding=\"async\" src=\"http:\/\/aconteceunovale.com.br\/portal\/wp-content\/uploads\/2019\/01\/motorista_preso.jpg\" alt=\"\" \/><em>Foto: Pol\u00edcia Militar Rodovi\u00e1ria\/Divulga\u00e7\u00e3o<\/em><br \/>\n<\/br><\/p>\n<p><strong>VER PRIMEIRO<\/strong><\/p>\n<p>Receba as not\u00edcias do Aconteceu no Vale em primeira m\u00e3o. Clique em curtir no endere\u00e7o <a href=\"https:\/\/www.facebook.com\/aconteceunovale\" target=\"_blank\"><font color=\"red\">www.facebook.com\/aconteceunovale<\/font><\/a> ou no box abaixo:<\/p>\n<div class=\"fb-like\" data-href=\"https:\/\/www.facebook.com\/aconteceunovale\" data-width=\"120\" data-layout=\"standard\" data-action=\"like\" data-size=\"small\" data-show-faces=\"true\" data-share=\"true\"><\/div>\n<p><!-- Erro, o An\u00fancio n\u00e3o est\u00e1 dispon\u00edvel neste momento devido \u00e0s restri\u00e7\u00f5es de agendamento\/geolocaliza\u00e7\u00e3o! --><br \/>\n<\/br><\/p>\n<p><em>(Fonte: G1 Grande Minas)<\/em><\/p>\n","protected":false},"excerpt":{"rendered":"<p>Um homem de 36 anos foi preso na MGC-122, no Norte de Minas, na noite dessa quinta-feira (24\/01\/2019), suspeito de conduzir um \u00f4nibus clandestino sem habilita\u00e7\u00e3o para o tipo de transporte. Segundo informa\u00e7\u00f5es da Pol\u00edcia Militar Rodovi\u00e1ria, o ve\u00edculo foi parado em uma fiscaliza\u00e7\u00e3o de rotina pr\u00f3ximo a Capit\u00e3o En\u00e9as e os militares perceberam que [&hellip;]<\/p>\n","protected":false},"author":1,"featured_media":142664,"comment_status":"open","ping_status":"closed","sticky":false,"template":"","format":"standard","meta":{"amp_status":"","footnotes":""},"categories":[1236],"tags":[1429,1018,41720,192658,47325,192659,192654,192653,192655,192656,192657],"class_list":["post-142663","post","type-post","status-publish","format-standard","has-post-thumbnail","hentry","category-norte_de_minas","tag-capitao-eneas","tag-destaque","tag-guanambi","tag-homem-e-preso-no-norte-de-minas-por-conduzir-onibus-clandestino-com-habilitacao-adulterada","tag-mgc-122","tag-motorista-de-onibus-clandestino-e-preso-no-norte-de-minas-com-habilitacao-adulterada","tag-motorista-preso-em-capitao-eneas","tag-motorista-preso-na-mgc-122","tag-multa-em-onibus-em-capitao-eneas","tag-onibus-multado-em-capitao-eneas","tag-onibus-que-seguia-de-guanambi-para-sao-paulo"],"_links":{"self":[{"href":"https:\/\/aconteceunovale.com.br\/portal\/index.php?rest_route=\/wp\/v2\/posts\/142663","targetHints":{"allow":["GET"]}}],"collection":[{"href":"https:\/\/aconteceunovale.com.br\/portal\/index.php?rest_route=\/wp\/v2\/posts"}],"about":[{"href":"https:\/\/aconteceunovale.com.br\/portal\/index.php?rest_route=\/wp\/v2\/types\/post"}],"author":[{"embeddable":true,"href":"https:\/\/aconteceunovale.com.br\/portal\/index.php?rest_route=\/wp\/v2\/users\/1"}],"replies":[{"embeddable":true,"href":"https:\/\/aconteceunovale.com.br\/portal\/index.php?rest_route=%2Fwp%2Fv2%2Fcomments&post=142663"}],"version-history":[{"count":0,"href":"https:\/\/aconteceunovale.com.br\/portal\/index.php?rest_route=\/wp\/v2\/posts\/142663\/revisions"}],"wp:featuredmedia":[{"embeddable":true,"href":"https:\/\/aconteceunovale.com.br\/portal\/index.php?rest_route=\/wp\/v2\/media\/142664"}],"wp:attachment":[{"href":"https:\/\/aconteceunovale.com.br\/portal\/index.php?rest_route=%2Fwp%2Fv2%2Fmedia&parent=142663"}],"wp:term":[{"taxonomy":"category","embeddable":true,"href":"https:\/\/aconteceunovale.com.br\/portal\/index.php?rest_route=%2Fwp%2Fv2%2Fcategories&post=142663"},{"taxonomy":"post_tag","embeddable":true,"href":"https:\/\/aconteceunovale.com.br\/portal\/index.php?rest_route=%2Fwp%2Fv2%2Ftags&post=142663"}],"curies":[{"name":"wp","href":"https:\/\/api.w.org\/{rel}","templated":true}]}}